{"id":7116,"date":"2022-07-21T14:12:28","date_gmt":"2022-07-21T12:12:28","guid":{"rendered":"https:\/\/nandi.info\/?p=7116"},"modified":"2022-07-21T14:12:28","modified_gmt":"2022-07-21T12:12:28","slug":"kayes-fin-de-cavale-pour-un-repris-de-justice","status":"publish","type":"post","link":"https:\/\/nandi.info\/?p=7116","title":{"rendered":"Kayes : Fin de cavale pour un repris de justice"},"content":{"rendered":"\n<p class=\"has-drop-cap\">Le 5 juillet 2022 vers 5 heures du matin, la clameur publique a conduit et mis \u00e0 la disposition du commissariat du 2e arrondissement de Kayes, Sadio Demb\u00e9l\u00e9, \u00e2g\u00e9 d\u2019une cinquantaine d\u2019ann\u00e9es. Il a \u00e9t\u00e9 appr\u00e9hend\u00e9 suite aux plaintes d\u2019Hamadi Bocoum et Guimba Traor\u00e9 pour&nbsp;<em>\u00ab escroquerie \u00bb<\/em>,&nbsp;<em>\u00ab vol \u00bb<\/em>&nbsp;et&nbsp;<em>\u00ab disposition \u00bb<\/em>&nbsp;de biens d\u2019autrui.<\/p>\n\n\n\n<p>Le pr\u00e9venu a commenc\u00e9 par nier les accusations port\u00e9es contre lui avant d\u2019avouer son forfait. Il a reconnu \u00eatre l\u2019auteur des accusations dont il fait l\u2019objet. Sadio Demb\u00e9l\u00e9 est accus\u00e9 d\u2019avoir d\u00e9poss\u00e9d\u00e9 de leurs engins, Hamadi Bocoum et Guimba Traor\u00e9, conducteurs de motos taxis.<\/p>\n\n\n\n<p>Le premier cas d\u2019agression suivi de vol remonte au jour de la f\u00eate de Ramadan, devant le bar \u201cSadio\u201d \u00e0 Kayes Ndi. La seconde op\u00e9ration a \u00e9t\u00e9 perp\u00e9tr\u00e9e sur la RN1, non loin de la direction r\u00e9gionale de la Douane de Kayes. Selon ses propres aveux, lesdites motos vol\u00e9es seraient revendues sur les sites d\u2019orpaillage de K\u00e9ni\u00e9ba.<\/p>\n\n\n\n<p>Apr\u00e8s les enqu\u00eates de police, Sadio Demb\u00e9l\u00e9 a \u00e9t\u00e9 d\u00e9f\u00e9r\u00e9 devant le procureur de la R\u00e9publique pr\u00e8s le tribunal de grande instance de Kayes.<\/p>\n\n\n\n<p><strong>Issa B. Bathily<\/strong><\/p>\n\n\n\n<p><strong><em>Radio rurale de Kayes<\/em><\/strong><\/p>\n","protected":false},"excerpt":{"rendered":"<p>Le 5 juillet 2022 vers 5 heures du matin, la clameur publique a conduit et mis \u00e0 la disposition du commissariat du 2e arrondissement de Kayes, Sadio Demb\u00e9l\u00e9, \u00e2g\u00e9 d\u2019une&hellip;<\/p>\n","protected":false},"author":1,"featured_media":6423,"comment_status":"open","ping_status":"closed","sticky":false,"template":"","format":"standard","meta":{"content-type":"","_lmt_disableupdate":"","_lmt_disable":"","_jetpack_memberships_contains_paid_content":false,"footnotes":"","jetpack_publicize_message":"","jetpack_publicize_feature_enabled":true,"jetpack_social_post_already_shared":true,"jetpack_social_options":{"image_generator_settings":{"template":"highway","default_image_id":0,"font":"","enabled":false},"version":2}},"categories":[25,33],"tags":[],"class_list":["post-7116","post","type-post","status-publish","format-standard","has-post-thumbnail","hentry","category-fait-divers","category-mali-tribune"],"jetpack_publicize_connections":[],"featured_image_urls":{"full":"","thumbnail":"","medium":"","medium_large":"","large":"","1536x1536":"","2048x2048":"","penci-recipe-1200x1200":"","penci-recipe-1200x900":"","penci-recipe-1200x675":"","penci-single-full":"","penci-slider-full-thumb":"","penci-full-thumb":"","penci-slider-thumb":"","penci-magazine-slider":"","penci-thumb":"","penci-masonry-thumb":"","penci-thumb-square":"","penci-thumb-vertical":"","penci-thumb-small":""},"author_info":{"display_name":"Nandi","author_link":"https:\/\/nandi.info\/?author=1"},"category_info":"<a href=\"https:\/\/nandi.info\/?cat=25\" rel=\"category\">Fait Divers<\/a> <a href=\"https:\/\/nandi.info\/?cat=33\" rel=\"category\">Mali Tribune<\/a>","tag_info":"Mali Tribune","comment_count":"0","jetpack_featured_media_url":"","jetpack_sharing_enabled":true,"_links":{"self":[{"href":"https:\/\/nandi.info\/index.php?rest_route=\/wp\/v2\/posts\/7116","targetHints":{"allow":["GET"]}}],"collection":[{"href":"https:\/\/nandi.info\/index.php?rest_route=\/wp\/v2\/posts"}],"about":[{"href":"https:\/\/nandi.info\/index.php?rest_route=\/wp\/v2\/types\/post"}],"author":[{"embeddable":true,"href":"https:\/\/nandi.info\/index.php?rest_route=\/wp\/v2\/users\/1"}],"replies":[{"embeddable":true,"href":"https:\/\/nandi.info\/index.php?rest_route=%2Fwp%2Fv2%2Fcomments&post=7116"}],"version-history":[{"count":0,"href":"https:\/\/nandi.info\/index.php?rest_route=\/wp\/v2\/posts\/7116\/revisions"}],"wp:featuredmedia":[{"embeddable":true,"href":"https:\/\/nandi.info\/index.php?rest_route=\/"}],"wp:attachment":[{"href":"https:\/\/nandi.info\/index.php?rest_route=%2Fwp%2Fv2%2Fmedia&parent=7116"}],"wp:term":[{"taxonomy":"category","embeddable":true,"href":"https:\/\/nandi.info\/index.php?rest_route=%2Fwp%2Fv2%2Fcategories&post=7116"},{"taxonomy":"post_tag","embeddable":true,"href":"https:\/\/nandi.info\/index.php?rest_route=%2Fwp%2Fv2%2Ftags&post=7116"}],"curies":[{"name":"wp","href":"https:\/\/api.w.org\/{rel}","templated":true}]}}