{"id":6956,"date":"2022-07-05T16:46:45","date_gmt":"2022-07-05T14:46:45","guid":{"rendered":"https:\/\/nandi.info\/?p=6956"},"modified":"2022-07-05T16:46:45","modified_gmt":"2022-07-05T14:46:45","slug":"61eme-sommet-des-chefs-detat-et-de-gouvernement-de-la-cedeao-levee-des-sanctions-economiques-et-financieres-contre-le-mali","status":"publish","type":"post","link":"https:\/\/nandi.info\/?p=6956","title":{"rendered":"61\u00e8me sommet des chefs d\u2019Etat et de gouvernement de la CEDEAO : Lev\u00e9e des sanctions \u00e9conomiques et financi\u00e8res contre le Mali"},"content":{"rendered":"\n<p><strong>La soixante et uni\u00e8me session ordinaire de la Conf\u00e9rence des chefs d\u2019\u00c9tat et de gouvernement de la Communaut\u00e9 \u00e9conomique des \u00c9tats de l\u2019Afrique de l\u2019Ouest (CEDEAO) s\u2019est tenue le dimanche 3 juillet 2022 \u00e0 Accra, R\u00e9publique du Ghana, sous la pr\u00e9sidence de Nana Addo Dankwa Akufo -Addo, Pr\u00e9sident de la R\u00e9publique du Ghana et Pr\u00e9sident de la Conf\u00e9rence, en pr\u00e9sence des autres chefs d\u2019Etat et de gouvernement de la sous-r\u00e9gion.<\/strong><\/p>\n\n\n\n<p class=\"has-drop-cap\">Au cours de ce sommet, la conf\u00e9rence a d\u00e9cid\u00e9 de lever les sanctions \u00e9conomiques et financi\u00e8res impos\u00e9es le 9 janvier 2022 sur le Mali ; la fermeture des fronti\u00e8res terrestres et a\u00e9riennes entre les \u00c9tats membres de la CEDEAO et le Mali; la suspension de toutes les transactions commerciales et financi\u00e8res entre les \u00c9tats membres de la CEDEAO et le Mali ; le gel des avoirs de la R\u00e9publique du Mali domicili\u00e9s dans les Banques Centrales et Banques Commerciales de tous les Etats membres de la CEDEAO. Par ailleurs, la Conf\u00e9rence d\u00e9cide de maintenir la suspension du Mali des organes de d\u00e9cision de la CEDEAO; les sanctions individuelles contre les individus et les groupes.<\/p>\n\n\n\n<p>Sur la paix, la s\u00e9curit\u00e9 et la d\u00e9mocratie, la Conf\u00e9rence r\u00e9affirme son attachement \u00e0 la promotion de la paix, de la s\u00e9curit\u00e9 et de la stabilit\u00e9 dans la r\u00e9gion comme conditions pr\u00e9alables \u00e0 l\u2019int\u00e9gration \u00e9conomique et au d\u00e9veloppement de la r\u00e9gion. Sur la situation politique dans la r\u00e9gion, la Conf\u00e9rence a pris note du rapport de Goodluck Ebele JONATHAN, M\u00e9diateur de la CEDEAO pour le Mali, ancien Pr\u00e9sident de la R\u00e9publique F\u00e9d\u00e9rale du Nigeria.<\/p>\n\n\n\n<p>Au cours de la session, la conf\u00e9rence a \u00e9t\u00e9 inform\u00e9e par le M\u00e9diateur de l\u2019\u00e9volution de la transition. Elle prend acte de la promulgation d\u2019une nouvelle loi \u00e9lectorale le 24 juin 2022 qui institue l\u2019organe unique de gestion des \u00e9lections, l\u2019Agence Ind\u00e9pendante de Gestion des Elections (AIGE), entre autres. En outre, la Conf\u00e9rence prend \u00e9galement note du calendrier de transition soumis par l\u2019Autorit\u00e9 de transition qui pr\u00e9voit une dur\u00e9e de 24 mois \u00e0 compter du 26 mars 2022.<\/p>\n\n\n\n<p>Selon la Conf\u00e9rence des Chefs d\u2019Etat et de gouvernement de la CEDEAO, le calendrier d\u00e9taille les \u00e9tapes qui conduiraient aux \u00e9lections et au r\u00e9tablissement du r\u00e9gime civil, notamment la r\u00e9forme constitutionnelle. \u00ab Les Chefs d\u2019Etat et de Gouvernement d\u00e9cident de maintenir le dialogue avec les Autorit\u00e9s de Transition, \u00e0 travers le M\u00e9diateur de la CEDEAO pour le Mali.<\/p>\n\n\n\n<p>Sur la base de ce qui pr\u00e9c\u00e8de, la Conf\u00e9rence d\u00e9cide de lever les sanctions suivantes : la crise \u00e9conomique et financi\u00e8re impos\u00e9e le 9 janvier 2022 ; la fermeture des fronti\u00e8res terrestres et a\u00e9riennes entre les \u00c9tats membres de la CEDEAO et le Mali ; la suspension de toutes les transactions commerciales et financi\u00e8res entre les \u00c9tats membres de la CEDEAO et le Mali ; le gel des avoirs de la R\u00e9publique du Mali domicili\u00e9s dans les Banques Centrales et Banques Commerciales de tous les Etats membres de la CEDEAO ; le gel des avoirs des entreprises publiques et parapubliques de la R\u00e9publique du Mali domicili\u00e9es dans les banques commerciales de tous les Etats membres de la CEDEAO ; la suspension de toutes les aides financi\u00e8res et transactions en faveur du Mali par les Institutions Financi\u00e8res de la CEDEAO, notamment la BIDC et la BOAD ; le rappel pour consultations par les Etats membres de la CEDEAO de leurs Ambassadeurs accr\u00e9dit\u00e9s au Mali \u00bb, r\u00e9v\u00e8le le communiqu\u00e9 final de la rencontre.<\/p>\n\n\n\n<p>Par ailleurs, la Conf\u00e9rence d\u00e9cide de maintenir la suspension du Mali des organes de d\u00e9cision de la CEDEAO ; les sanctions individuelles contre les individus et les groupes. \u00abLa Conf\u00e9rence met en place un m\u00e9canisme conjoint de surveillance et de suivi de la mise en \u0153uvre du calendrier de transition avec des rep\u00e8res convenus et dont les rapports sur les progr\u00e8s accomplis orienteront les d\u00e9cisions ult\u00e9rieures de la Conf\u00e9rence sur la lev\u00e9e des sanctions restantes \u00bb, pr\u00e9cise le communiqu\u00e9 final de la CEDEAO.<\/p>\n\n\n\n<p>La Conf\u00e9rence r\u00e9affirme que conform\u00e9ment au paragraphe 25 de la Charte de l\u2019Union Africaine, \u00e0 l\u2019engagement pris vis-\u00e0-vis de la CEDEAO par les autorit\u00e9s de transition, et \u00e0 la Charte de transition, aucun membre de l\u2019autorit\u00e9 de transition ne peut \u00eatre candidat aux \u00e9lections organis\u00e9es pour le retour \u00e0 l\u2019ordre constitutionnel.<\/p>\n\n\n\n<p>Enfin, la Conf\u00e9rence appelle la communaut\u00e9 internationale \u00e0 fournir une assistance humanitaire et un soutien au processus de transition au Mali, en particulier pour la pr\u00e9paration des \u00e9lections.<\/p>\n\n\n\n<p><strong>Aguibou Sogodogo<\/strong><\/p>\n","protected":false},"excerpt":{"rendered":"<p>La soixante et uni\u00e8me session ordinaire de la Conf\u00e9rence des chefs d\u2019\u00c9tat et de gouvernement de la Communaut\u00e9 \u00e9conomique des \u00c9tats de l\u2019Afrique de l\u2019Ouest (CEDEAO) s\u2019est tenue le dimanche&hellip;<\/p>\n","protected":false},"author":1,"featured_media":6957,"comment_status":"open","ping_status":"closed","sticky":false,"template":"","format":"standard","meta":{"content-type":"","_lmt_disableupdate":"","_lmt_disable":"","_jetpack_memberships_contains_paid_content":false,"footnotes":"","jetpack_publicize_message":"","jetpack_publicize_feature_enabled":true,"jetpack_social_post_already_shared":true,"jetpack_social_options":{"image_generator_settings":{"template":"highway","default_image_id":0,"font":"","enabled":false},"version":2}},"categories":[46,69],"tags":[],"class_list":["post-6956","post","type-post","status-publish","format-standard","has-post-thumbnail","hentry","category-cedeao","category-le-republicain-mali"],"jetpack_publicize_connections":[],"featured_image_urls":{"full":"","thumbnail":"","medium":"","medium_large":"","large":"","1536x1536":"","2048x2048":"","penci-recipe-1200x1200":"","penci-recipe-1200x900":"","penci-recipe-1200x675":"","penci-single-full":"","penci-slider-full-thumb":"","penci-full-thumb":"","penci-slider-thumb":"","penci-magazine-slider":"","penci-thumb":"","penci-masonry-thumb":"","penci-thumb-square":"","penci-thumb-vertical":"","penci-thumb-small":""},"author_info":{"display_name":"Nandi","author_link":"https:\/\/nandi.info\/?author=1"},"category_info":"<a href=\"https:\/\/nandi.info\/?cat=46\" rel=\"category\">CEDEAO<\/a> <a href=\"https:\/\/nandi.info\/?cat=69\" rel=\"category\">Le R\u00e9publicain Mali<\/a>","tag_info":"Le R\u00e9publicain Mali","comment_count":"0","jetpack_featured_media_url":"","jetpack_sharing_enabled":true,"_links":{"self":[{"href":"https:\/\/nandi.info\/index.php?rest_route=\/wp\/v2\/posts\/6956","targetHints":{"allow":["GET"]}}],"collection":[{"href":"https:\/\/nandi.info\/index.php?rest_route=\/wp\/v2\/posts"}],"about":[{"href":"https:\/\/nandi.info\/index.php?rest_route=\/wp\/v2\/types\/post"}],"author":[{"embeddable":true,"href":"https:\/\/nandi.info\/index.php?rest_route=\/wp\/v2\/users\/1"}],"replies":[{"embeddable":true,"href":"https:\/\/nandi.info\/index.php?rest_route=%2Fwp%2Fv2%2Fcomments&post=6956"}],"version-history":[{"count":0,"href":"https:\/\/nandi.info\/index.php?rest_route=\/wp\/v2\/posts\/6956\/revisions"}],"wp:featuredmedia":[{"embeddable":true,"href":"https:\/\/nandi.info\/index.php?rest_route=\/"}],"wp:attachment":[{"href":"https:\/\/nandi.info\/index.php?rest_route=%2Fwp%2Fv2%2Fmedia&parent=6956"}],"wp:term":[{"taxonomy":"category","embeddable":true,"href":"https:\/\/nandi.info\/index.php?rest_route=%2Fwp%2Fv2%2Fcategories&post=6956"},{"taxonomy":"post_tag","embeddable":true,"href":"https:\/\/nandi.info\/index.php?rest_route=%2Fwp%2Fv2%2Ftags&post=6956"}],"curies":[{"name":"wp","href":"https:\/\/api.w.org\/{rel}","templated":true}]}}