{"id":6904,"date":"2022-07-04T12:00:34","date_gmt":"2022-07-04T10:00:34","guid":{"rendered":"https:\/\/nandi.info\/?p=6904"},"modified":"2022-07-04T12:00:34","modified_gmt":"2022-07-04T10:00:34","slug":"fin-du-sommet-a-accra-le-mali-a-enfin-fume-le-calumet-de-lentente-avec-ses-voisins","status":"publish","type":"post","link":"https:\/\/nandi.info\/?p=6904","title":{"rendered":"<strong>Fin du sommet \u00e0 accra : Le Mali a enfin fum\u00e9 le calumet de l&rsquo;entente avec ses voisins<\/strong>"},"content":{"rendered":"\n<p class=\"has-drop-cap\">L&rsquo;information est tomb\u00e9e le dimanche soir apr\u00e8s le huis-clos des chefs d&rsquo;\u00e9tat de la CEDEAO, les sanctions impos\u00e9es au Mali le 9 janvier 2022. Viennent d&rsquo;\u00eatre lev\u00e9es non sans conditions. Ces sanctions, faut-il le rappeler, ont lourdement impact\u00e9 la vie socio-\u00e9conomique du Mali. Les r\u00e9serves concerneraient essentiellement la candidature des autorit\u00e9s de la transition aux \u00e9lections prochaines. Le gouvernement a-t-il respecter son engagement ? Les r\u00e9serves ne sont-elles pas une am\u00e8re couleuvre difficile \u00e0 avaler ?<\/p>\n\n\n\n<p>Le sommet ordinaire de la CEDEAO, tenu le dimanche 3 juin 2022 \u00e0 Accra au Ghana a finalement lev\u00e9 les lourdes sanctions contre le Mali tout en \u00e9mettant quelques r\u00e9serves. Parmi les r\u00e9serves figure en bonne place la non candidature des autorit\u00e9s de la transition et surtout le respect du chronogramme librement \u00e9labor\u00e9 et soumis \u00e0 l&rsquo;appr\u00e9ciation de la CEDEAO. Pour rappel le Mali est sous embargo depuis le 9 janvier 2022, apr\u00e8s le refus du Mali de proposer un chronogramme d\u00e9taill\u00e9 consensuel et r\u00e9alisable.&nbsp; Six mois apr\u00e8s l&#8217;embargo le Mali \u00e9tait toujours \u00e0 la recherche d&rsquo;un nouveau souffle. Le gouvernement avait parl\u00e9 d&rsquo;un plan de riposte qui est rest\u00e9 lettre morte, finalement le Mali a accept\u00e9 les conditions propos\u00e9es par la CEDEAO, en vue de la lev\u00e9e des sanctions inhumaines ill\u00e9gitimes.<\/p>\n\n\n\n<p>C&rsquo;est d\u00e9sormais chose faite, il reste aux autorit\u00e9s maliennes de se mettre au travail pour mettre en \u0153uvre les recommandations. Il y va de la cr\u00e9dibilit\u00e9 du Mali en g\u00e9n\u00e9ral et des autorit\u00e9s de la transition en particulier. Avec la lev\u00e9e des sanctions les populations maliennes voire sous r\u00e9gionale peuvent faire un ouf de soulagement, car elles ont pay\u00e9 un lourd tribut. Le Mali et ses pays frontaliers comme le S\u00e9n\u00e9gal et la C\u00f4te d&rsquo;ivoire ont \u00e9t\u00e9 les plus impact\u00e9s par les sanctions. Elles ont \u00e9t\u00e9 impos\u00e9es au Mali, mais elles ont secou\u00e9 v\u00e9ritablement l&rsquo;\u00e9conomie de ces deux pays. En d\u00e9finitive, avec la lev\u00e9e des sanctions le Mali vient de renouer le fil du dialogue avec la communaut\u00e9 internationale. Les autorit\u00e9s maliennes semblent comprendre qu&rsquo;aucun pays ne peut vivre en autarcie et qu&rsquo;on a toujours besoin des autres comme les autres ont besoin du Mali.<\/p>\n\n\n\n<p><strong>Youssouf Sissoko<\/strong><\/p>\n\n\n\n<p><strong>Alternance<\/strong><\/p>\n","protected":false},"excerpt":{"rendered":"<p>L&rsquo;information est tomb\u00e9e le dimanche soir apr\u00e8s le huis-clos des chefs d&rsquo;\u00e9tat de la CEDEAO, les sanctions impos\u00e9es au Mali le 9 janvier 2022. Viennent d&rsquo;\u00eatre lev\u00e9es non sans conditions.&hellip;<\/p>\n","protected":false},"author":1,"featured_media":6219,"comment_status":"open","ping_status":"closed","sticky":false,"template":"","format":"standard","meta":{"content-type":"","_lmt_disableupdate":"","_lmt_disable":"","_jetpack_memberships_contains_paid_content":false,"footnotes":"","jetpack_publicize_message":"","jetpack_publicize_feature_enabled":true,"jetpack_social_post_already_shared":true,"jetpack_social_options":{"image_generator_settings":{"template":"highway","default_image_id":0,"font":"","enabled":false},"version":2}},"categories":[46,68],"tags":[],"class_list":["post-6904","post","type-post","status-publish","format-standard","has-post-thumbnail","hentry","category-cedeao","category-lalternance"],"jetpack_publicize_connections":[],"featured_image_urls":{"full":"","thumbnail":"","medium":"","medium_large":"","large":"","1536x1536":"","2048x2048":"","penci-recipe-1200x1200":"","penci-recipe-1200x900":"","penci-recipe-1200x675":"","penci-single-full":"","penci-slider-full-thumb":"","penci-full-thumb":"","penci-slider-thumb":"","penci-magazine-slider":"","penci-thumb":"","penci-masonry-thumb":"","penci-thumb-square":"","penci-thumb-vertical":"","penci-thumb-small":""},"author_info":{"display_name":"Nandi","author_link":"https:\/\/nandi.info\/?author=1"},"category_info":"<a href=\"https:\/\/nandi.info\/?cat=46\" rel=\"category\">CEDEAO<\/a> <a href=\"https:\/\/nandi.info\/?cat=68\" rel=\"category\">L'alternance<\/a>","tag_info":"L'alternance","comment_count":"0","jetpack_featured_media_url":"","jetpack_sharing_enabled":true,"_links":{"self":[{"href":"https:\/\/nandi.info\/index.php?rest_route=\/wp\/v2\/posts\/6904","targetHints":{"allow":["GET"]}}],"collection":[{"href":"https:\/\/nandi.info\/index.php?rest_route=\/wp\/v2\/posts"}],"about":[{"href":"https:\/\/nandi.info\/index.php?rest_route=\/wp\/v2\/types\/post"}],"author":[{"embeddable":true,"href":"https:\/\/nandi.info\/index.php?rest_route=\/wp\/v2\/users\/1"}],"replies":[{"embeddable":true,"href":"https:\/\/nandi.info\/index.php?rest_route=%2Fwp%2Fv2%2Fcomments&post=6904"}],"version-history":[{"count":0,"href":"https:\/\/nandi.info\/index.php?rest_route=\/wp\/v2\/posts\/6904\/revisions"}],"wp:featuredmedia":[{"embeddable":true,"href":"https:\/\/nandi.info\/index.php?rest_route=\/"}],"wp:attachment":[{"href":"https:\/\/nandi.info\/index.php?rest_route=%2Fwp%2Fv2%2Fmedia&parent=6904"}],"wp:term":[{"taxonomy":"category","embeddable":true,"href":"https:\/\/nandi.info\/index.php?rest_route=%2Fwp%2Fv2%2Fcategories&post=6904"},{"taxonomy":"post_tag","embeddable":true,"href":"https:\/\/nandi.info\/index.php?rest_route=%2Fwp%2Fv2%2Ftags&post=6904"}],"curies":[{"name":"wp","href":"https:\/\/api.w.org\/{rel}","templated":true}]}}