{"id":6862,"date":"2022-07-03T23:07:25","date_gmt":"2022-07-03T21:07:25","guid":{"rendered":"https:\/\/nandi.info\/?p=6862"},"modified":"2022-07-03T23:07:25","modified_gmt":"2022-07-03T21:07:25","slug":"musique-malienne-la-main-de-dieu-de-master-soumy-sur-le-marche","status":"publish","type":"post","link":"https:\/\/nandi.info\/?p=6862","title":{"rendered":"Musique malienne : \u201cLa main de Dieu\u201d de Master Soumy sur le march\u00e9"},"content":{"rendered":"\n<p><strong><em>Au cours d\u2019une conf\u00e9rence de presse anim\u00e9e le lundi 27 juin dernier, Master Soumy a annonc\u00e9 la sortie de son nouvel album intitul\u00e9 : \u201cLa main de Dieu\u201d, compos\u00e9 de dix titres. Il est d\u00e9sormais disponible sur le march\u00e9 et sur toutes les plateformes de musique depuis le mardi .<\/em><\/strong><\/p>\n\n\n\n<p class=\"has-drop-cap\">Selon l\u2019artiste, son nouvel album est bas\u00e9 sur l\u2019analyse g\u00e9n\u00e9rale de notre croyance en Dieu, l\u2019interpr\u00e9tation des diff\u00e9rentes religions, l\u2019utilisation de la religion pour d\u2019autres fins ainsi que la conviction de certains que Dieu doit tout faire \u00e0 leur place d\u2019o\u00f9 le titre de l\u2019album.&nbsp; Il rappelle dans cet album aux Maliens qu\u2019ils ne sont pas les seuls enfants de Dieu. De ce fait, il exhorte les Maliens \u00e0 prendre en main leur destin\u00e9e comme les autres nations.&nbsp;<em>\u201cDieu s\u2019occupe de ses enfants qui se prennent au s\u00e9rieux\u201d<\/em>, a-t-il martel\u00e9.<\/p>\n\n\n\n<p>Par ailleurs, Master Soumy traite plusieurs autres sujets en rapport avec les maux de la soci\u00e9t\u00e9, notamment les questions de gouvernance, de d\u00e9mocratie, de protection de l\u2019environnement et du r\u00e9chauffement climatique, la perte de rep\u00e8re de la jeunesse et surtout la crise s\u00e9curitaire sans pr\u00e9c\u00e9dent qui secoue notre pays depuis plus d\u2019une d\u00e9cennie.<\/p>\n\n\n\n<p>Par rapport \u00e0 la question s\u00e9curitaire, Master Soumy l\u2019aborde en rendant un hommage \u00e0 l\u2019Arm\u00e9e malienne qu\u2019il qualifie de colonne vert\u00e9brale de notre nation. Aussi, dans ce morceau, il appelle les Maliens \u00e0 la paix, \u00e0 la coh\u00e9sion sociale et au vivre ensemble.<\/p>\n\n\n\n<p>Notons que pour la r\u00e9alisation de ce nouvel album, Master Soumy a fait appel \u00e0 plusieurs autres talents de la musique du Mali et d\u2019ailleurs, notamment pour enrichir et diversifier le contenu.<\/p>\n\n\n\n<p><strong>Boubacar PA\u00cfTAO<\/strong><\/p>\n","protected":false},"excerpt":{"rendered":"<p>Au cours d\u2019une conf\u00e9rence de presse anim\u00e9e le lundi 27 juin dernier, Master Soumy a annonc\u00e9 la sortie de son nouvel album intitul\u00e9 : \u201cLa main de Dieu\u201d, compos\u00e9 de&hellip;<\/p>\n","protected":false},"author":1,"featured_media":6869,"comment_status":"open","ping_status":"closed","sticky":false,"template":"","format":"standard","meta":{"content-type":"","_lmt_disableupdate":"","_lmt_disable":"","_jetpack_memberships_contains_paid_content":false,"footnotes":"","jetpack_publicize_message":"","jetpack_publicize_feature_enabled":true,"jetpack_social_post_already_shared":true,"jetpack_social_options":{"image_generator_settings":{"template":"highway","default_image_id":0,"font":"","enabled":false},"version":2}},"categories":[19,32],"tags":[],"class_list":["post-6862","post","type-post","status-publish","format-standard","has-post-thumbnail","hentry","category-aujourdhui-mali","category-musique-art-et-culture"],"jetpack_publicize_connections":[],"featured_image_urls":{"full":"","thumbnail":"","medium":"","medium_large":"","large":"","1536x1536":"","2048x2048":"","penci-recipe-1200x1200":"","penci-recipe-1200x900":"","penci-recipe-1200x675":"","penci-single-full":"","penci-slider-full-thumb":"","penci-full-thumb":"","penci-slider-thumb":"","penci-magazine-slider":"","penci-thumb":"","penci-masonry-thumb":"","penci-thumb-square":"","penci-thumb-vertical":"","penci-thumb-small":""},"author_info":{"display_name":"Nandi","author_link":"https:\/\/nandi.info\/?author=1"},"category_info":"<a href=\"https:\/\/nandi.info\/?cat=19\" rel=\"category\">Aujourd\u2019hui Mali<\/a> <a href=\"https:\/\/nandi.info\/?cat=32\" rel=\"category\">Musique Art et Culture<\/a>","tag_info":"Musique Art et Culture","comment_count":"0","jetpack_featured_media_url":"","jetpack_sharing_enabled":true,"_links":{"self":[{"href":"https:\/\/nandi.info\/index.php?rest_route=\/wp\/v2\/posts\/6862","targetHints":{"allow":["GET"]}}],"collection":[{"href":"https:\/\/nandi.info\/index.php?rest_route=\/wp\/v2\/posts"}],"about":[{"href":"https:\/\/nandi.info\/index.php?rest_route=\/wp\/v2\/types\/post"}],"author":[{"embeddable":true,"href":"https:\/\/nandi.info\/index.php?rest_route=\/wp\/v2\/users\/1"}],"replies":[{"embeddable":true,"href":"https:\/\/nandi.info\/index.php?rest_route=%2Fwp%2Fv2%2Fcomments&post=6862"}],"version-history":[{"count":0,"href":"https:\/\/nandi.info\/index.php?rest_route=\/wp\/v2\/posts\/6862\/revisions"}],"wp:featuredmedia":[{"embeddable":true,"href":"https:\/\/nandi.info\/index.php?rest_route=\/"}],"wp:attachment":[{"href":"https:\/\/nandi.info\/index.php?rest_route=%2Fwp%2Fv2%2Fmedia&parent=6862"}],"wp:term":[{"taxonomy":"category","embeddable":true,"href":"https:\/\/nandi.info\/index.php?rest_route=%2Fwp%2Fv2%2Fcategories&post=6862"},{"taxonomy":"post_tag","embeddable":true,"href":"https:\/\/nandi.info\/index.php?rest_route=%2Fwp%2Fv2%2Ftags&post=6862"}],"curies":[{"name":"wp","href":"https:\/\/api.w.org\/{rel}","templated":true}]}}