{"id":6813,"date":"2022-06-28T16:51:26","date_gmt":"2022-06-28T14:51:26","guid":{"rendered":"https:\/\/nandi.info\/?p=6813"},"modified":"2022-06-28T16:51:26","modified_gmt":"2022-06-28T14:51:26","slug":"debat-dorientation-budgetaire-2022-renforcer-de-lapproche-participative-dans-la-preparation-du-budget-detat","status":"publish","type":"post","link":"https:\/\/nandi.info\/?p=6813","title":{"rendered":"D\u00e9bat d\u2019orientation budg\u00e9taire 2022\u00a0: Renforcer de l\u2019approche participative dans la pr\u00e9paration du budget d\u2019Etat"},"content":{"rendered":"\n<p><strong>Le ministre des Mines, de l\u2019Energie et de l\u2019Eau M. Lamine Seydou Traor\u00e9, ministre int\u00e9rimaire du ministre de l&rsquo;\u00c9conomie et des Finances, a proc\u00e9d\u00e9 au lancement des travaux du d\u00e9bat d\u2019orientation budg\u00e9taire 2022 ce jeudi 23 juin 2022, au Centre international des conf\u00e9rence de Bamako, en pr\u00e9sence du 1er vice-pr\u00e9sident du Conseil National de Transition (CNT), du pr\u00e9sident de la Commission des finances, de l\u2019\u00e9conomie, du Plan, de la promotion du secteur priv\u00e9, des industries et des mines et de plusieurs membres du CNT.<\/strong><\/p>\n\n\n\n<p class=\"has-drop-cap\">\u00ab L\u2019\u00e9laboration et l\u2019adoption par le Gouvernement du document support du DOB se sont d\u00e9roul\u00e9es dans un contexte particulier marqu\u00e9 notamment par la persistance de la crise multidimensionnelle, la fixation de la dur\u00e9e de la transition, \u00e0 24 mois pour compter du 26 mars 2022, conform\u00e9ment au d\u00e9cret n\u00b02022-0335\/PT-RM du 6 juin 2022, les sanctions \u00e9conomiques et financi\u00e8res injustes des organisations sous-r\u00e9gionales contre le Mali depuis le 09 janvier 2022, la guerre en Ukraine avec comme corollaire la flamb\u00e9e de prix des produits de base, notamment les produits alimentaires et les hydrocarbures. Au m\u00eame moment et gr\u00e2ce \u00e0 les engagements des plus hautes autorit\u00e9s de la Transition, nous assistons \u00e0 la mont\u00e9e en puissance des Forces am\u00e9esmaliennes (FAMa) qui poursuivent la reconqu\u00eate du territoire ainsi que la s\u00e9curisation des populations et de leurs biens. Malgr\u00e9 toutes ces contingences, le Gouvernement a tenu \u00e0 organiser le DOB dans le d\u00e9lai prescrit par la loi, c\u2019est-\u00e0-dire au plus tard \u00e0 la fin du deuxi\u00e8me trimestre de l\u2019ann\u00e9e. Ceci d\u00e9note de l\u2019engagement du Gouvernement \u00e0 respecter les standards internationaux de bonne gouvernance et de transparence dans la gestion des deniers publics \u00bb a expliqu\u00e9 M. Lamine Seydou Traor\u00e9 lors de la c\u00e9r\u00e9monie d\u2019ouverture.<\/p>\n\n\n\n<p>En effet, la loi n\u00b02013-028, modifi\u00e9e, portant lois des finances, dans son article 51 annonce que le projet de loi de finances de l\u2019ann\u00e9e est \u00e9labor\u00e9 par r\u00e9f\u00e9rence \u00e0 un Document de programmation budg\u00e9taire et \u00e9conomique pluriannuelle couvrant une p\u00e9riode minimale de trois ans. Conform\u00e9ment aux textes de gestion des finances publiques, notamment la loi n\u00b02013-031 du 23 juillet 2013 portant Code de transparence dans la gestion des finances publiques en son paragraphe 2.4 et la loi n\u00b02013-028 du 11 juillet 2013 modifi\u00e9e relative aux lois de finances en son article 56, ce Document de programmation budg\u00e9taire et \u00e9conomique pluriannuelle (Dpbep) est adopt\u00e9 en Conseil des ministres avant d\u2019\u00eatre soumis au d\u00e9bat d\u2019orientation budg\u00e9taire \u00e0 l&rsquo;Assembl\u00e9e nationale, au plus tard \u00e0 la fin du deuxi\u00e8me trimestre de l\u2019ann\u00e9e.<\/p>\n\n\n\n<p>Le D\u00e9bat d\u2019orientation budg\u00e9taire permet donc, sur la base d\u2019hypoth\u00e8ses \u00e9conomiques pr\u00e9cises et justifi\u00e9es, d\u2019analyser le document de programmation budg\u00e9taire et \u00e9conomique pluriannuelle (Dpbep) sur la p\u00e9riode 2023-2025. Ce document \u00e9value le niveau global des recettes attendues de l\u2019\u00c9tat par grandes cat\u00e9gories d\u2019imp\u00f4ts et de taxes et les d\u00e9penses budg\u00e9taires par grandes cat\u00e9gories de d\u00e9penses, indique l\u2019\u00e9volution de la dette du secteur public et fixe les objectifs d\u2019\u00e9quilibre budg\u00e9taire et financier sur le moyen terme.<\/p>\n\n\n\n<p>\u00ab Le cadrage budg\u00e9taire 2023-2025, retient un sc\u00e9nario de croissance du produit int\u00e9rieur brut (PIB) de 5,2 % en moyenne sur la p\u00e9riode, avec un objectif de d\u00e9ficit budg\u00e9taire fix\u00e9 en moyenne \u00e0 3,7% sur la p\u00e9riode, l\u00e9g\u00e8rement sup\u00e9rieure \u00e0 la norme communautaire de l\u2019Uemoa qui est de 3% et il est attendu un retour \u00e0 la norme communautaire \u00e0 partir de 2025. Pour respecter la trajectoire, tous les leviers doivent \u00eatre utilis\u00e9s, le budget de l\u2019Etat comme celui de la s\u00e9curit\u00e9 sociale, les recettes comme les d\u00e9penses \u00bb a d\u00e9clar\u00e9 le Ministre.<\/p>\n\n\n\n<p>M. Lamine Seydou Traor\u00e9 a, au nom de son coll\u00e8gue ministre de l&rsquo;\u00c9conomie et des Finances, exhort\u00e9 les membres du CNT \u00e0 \u00e9mettre leurs observations et recommandations afin que le d\u00e9bat soit \u00e0 la hauteur des attentes des populations dans le cadre de l\u2019am\u00e9lioration de la s\u00e9curit\u00e9 sur l\u2019ensemble du Territoire national, de la mise en \u0153uvre des r\u00e9formes politiques et institutionnelles ; de la transparence et de la r\u00e9duction du train de vie de l&rsquo;\u00c9tat, de la mise en \u0153uvre intelligente et efficiente de l\u2019Accord pour la paix et la r\u00e9conciliation au Mali, de la consolidation des acquis des secteurs sociaux ainsi que le financement des investissements structurants dans les domaines de l\u2019\u00e9nergie, des infrastructures routi\u00e8res, de la protection de l\u2019environnement et de l\u2019agriculture.<\/p>\n\n\n\n<p>Le ministre a f\u00e9licit\u00e9 l\u2019ensemble des membres du CNT notamment ceux de la commission des finances, de l\u2019\u00e9conomie, du Plan, de la promotion du secteur priv\u00e9, des Industries et des Mines pour leur mobilisation constante en faveur d\u2019une meilleure gestion des finances publiques.<\/p>\n\n\n\n<p>En fin, M. Lamine Seydou Traor\u00e9 a remerci\u00e9 l\u2019ensemble des partenaires techniques et financiers pour leur soutien au processus de modernisation de nos finances publiques et leur accompagnement constant dans notre lutte contre la pauvret\u00e9 \u00e0 travers la mise en \u0153uvre du Cadre strat\u00e9gique de relance \u00e9conomique pour le d\u00e9veloppement durable (Credd).<\/p>\n\n\n\n<p>Le vice-pr\u00e9sident du Conseil National de Transition et la Pr\u00e9sident de la commission des finances, de l\u2019\u00e9conomie, du Plan, de la promotion du secteur priv\u00e9, des Industries et des mines ont salu\u00e9 la bonne relation de travail qui existe entre le CNT et le minist\u00e8re de l&rsquo;\u00c9conomie et des Finances et r\u00e9it\u00e9r\u00e9 leur engagement \u00e0 jouer pleinement leur r\u00f4le dans le cadre d\u2019une gestion efficace et efficiente des finances publiques.<\/p>\n\n\n\n<p>Lors des travaux, des membres du CNT ont \u00e9t\u00e9 \u00e9difi\u00e9s, entre autres, sur l&rsquo;\u00e9tat de mise en \u0153uvre de la r\u00e9forme Budg\u00e9taire au Mali, les hypoth\u00e8ses du cadrage budg\u00e9taire 2023 &#8211; 2025, les objectifs de la politique budg\u00e9taire, ses contraintes, les orientations prioritaires ainsi que les projections de charges et de ressources.<\/p>\n\n\n\n<p><strong>Source&nbsp;: Cellule de communication du MEF<\/strong><\/p>\n\n\n\n<p><strong>La preuve<\/strong><\/p>\n\n\n\n<p><\/p>\n","protected":false},"excerpt":{"rendered":"<p>Le ministre des Mines, de l\u2019Energie et de l\u2019Eau M. Lamine Seydou Traor\u00e9, ministre int\u00e9rimaire du ministre de l&rsquo;\u00c9conomie et des Finances, a proc\u00e9d\u00e9 au lancement des travaux du d\u00e9bat&hellip;<\/p>\n","protected":false},"author":1,"featured_media":6814,"comment_status":"open","ping_status":"closed","sticky":false,"template":"","format":"standard","meta":{"content-type":"","_lmt_disableupdate":"","_lmt_disable":"","_jetpack_memberships_contains_paid_content":false,"footnotes":"","jetpack_publicize_message":"","jetpack_publicize_feature_enabled":true,"jetpack_social_post_already_shared":true,"jetpack_social_options":{"image_generator_settings":{"template":"highway","default_image_id":0,"font":"","enabled":false},"version":2}},"categories":[30,77],"tags":[],"class_list":["post-6813","post","type-post","status-publish","format-standard","has-post-thumbnail","hentry","category-economie","category-la-preuve"],"jetpack_publicize_connections":[],"featured_image_urls":{"full":"","thumbnail":"","medium":"","medium_large":"","large":"","1536x1536":"","2048x2048":"","penci-recipe-1200x1200":"","penci-recipe-1200x900":"","penci-recipe-1200x675":"","penci-single-full":"","penci-slider-full-thumb":"","penci-full-thumb":"","penci-slider-thumb":"","penci-magazine-slider":"","penci-thumb":"","penci-masonry-thumb":"","penci-thumb-square":"","penci-thumb-vertical":"","penci-thumb-small":""},"author_info":{"display_name":"Nandi","author_link":"https:\/\/nandi.info\/?author=1"},"category_info":"<a href=\"https:\/\/nandi.info\/?cat=30\" rel=\"category\">Economie<\/a> <a href=\"https:\/\/nandi.info\/?cat=77\" rel=\"category\">La preuve<\/a>","tag_info":"La preuve","comment_count":"0","jetpack_featured_media_url":"","jetpack_sharing_enabled":true,"_links":{"self":[{"href":"https:\/\/nandi.info\/index.php?rest_route=\/wp\/v2\/posts\/6813","targetHints":{"allow":["GET"]}}],"collection":[{"href":"https:\/\/nandi.info\/index.php?rest_route=\/wp\/v2\/posts"}],"about":[{"href":"https:\/\/nandi.info\/index.php?rest_route=\/wp\/v2\/types\/post"}],"author":[{"embeddable":true,"href":"https:\/\/nandi.info\/index.php?rest_route=\/wp\/v2\/users\/1"}],"replies":[{"embeddable":true,"href":"https:\/\/nandi.info\/index.php?rest_route=%2Fwp%2Fv2%2Fcomments&post=6813"}],"version-history":[{"count":0,"href":"https:\/\/nandi.info\/index.php?rest_route=\/wp\/v2\/posts\/6813\/revisions"}],"wp:featuredmedia":[{"embeddable":true,"href":"https:\/\/nandi.info\/index.php?rest_route=\/"}],"wp:attachment":[{"href":"https:\/\/nandi.info\/index.php?rest_route=%2Fwp%2Fv2%2Fmedia&parent=6813"}],"wp:term":[{"taxonomy":"category","embeddable":true,"href":"https:\/\/nandi.info\/index.php?rest_route=%2Fwp%2Fv2%2Fcategories&post=6813"},{"taxonomy":"post_tag","embeddable":true,"href":"https:\/\/nandi.info\/index.php?rest_route=%2Fwp%2Fv2%2Ftags&post=6813"}],"curies":[{"name":"wp","href":"https:\/\/api.w.org\/{rel}","templated":true}]}}