{"id":6796,"date":"2022-06-28T14:31:18","date_gmt":"2022-06-28T12:31:18","guid":{"rendered":"https:\/\/nandi.info\/?p=6796"},"modified":"2022-06-28T14:31:18","modified_gmt":"2022-06-28T12:31:18","slug":"sejour-spirituel-dans-la-vielle-sainte-de-medine-prieres-individuelles-et-collectives-pour-le-mali","status":"publish","type":"post","link":"https:\/\/nandi.info\/?p=6796","title":{"rendered":"S\u00e9jour spirituel dans la vielle sainte de M\u00e9dine\u00a0: Pri\u00e8res individuelles et collectives pour le Mali"},"content":{"rendered":"\n<p><em>Le lundi 27 juin 2022 a \u00e9t\u00e9 consacr\u00e9 \u00e0 deux activit\u00e9s phares du s\u00e9jour des p\u00e8lerins dans la ville religieuse&nbsp;: la pri\u00e8re individuelle dans le saint des lieux saints de la mosqu\u00e9e de M\u00e9dine et la lecture collective du saint coran sous l\u2019\u00e9gide des guides religieux de l\u2019encadrement national du hadj.<\/em><\/p>\n\n\n\n<p>D\u00e8s 0h30 heure local (21h30 \u00e0 Bamako), les hommes ont constitu\u00e9 une file indienne \u00e0 partir de leur r\u00e9sidence, Jawharat Rasheed Hotel, \u00e0 une cinquantaine de m\u00e8tres du p\u00e9rim\u00e8tre de la grande mosqu\u00e9e de M\u00e9dine.<\/p>\n\n\n\n<figure class=\"wp-block-image size-full\"><img decoding=\"async\" src=\"https:\/\/nandi.info\/wp-content\/uploads\/2022\/06\/Pelerinage-2.jpg\" alt=\"\" class=\"wp-image-6797\"\/><\/figure>\n\n\n\n<p>Objectif&nbsp;: acc\u00e9der \u00e0 la mosqu\u00e9e \u00e0 partir de 1h du matin (22 h \u00e0 Bamako) suivant l\u2019autorisation accord\u00e9e aux p\u00e8lerins de la fili\u00e8re gouvernementale par les autorit\u00e9s saoudiennes pour la pri\u00e8re individuelle au c\u0153ur m\u00eame de ladite mosqu\u00e9e, appel\u00e9e Rawdha, le symbole terrestre du jardin d\u2019Eden selon le qualificatif du proph\u00e8te de l\u2019islam lui-m\u00eame.<\/p>\n\n\n\n<figure class=\"wp-block-image size-full\"><img decoding=\"async\" src=\"https:\/\/nandi.info\/wp-content\/uploads\/2022\/06\/Pelerinage-4-2.jpg\" alt=\"\" class=\"wp-image-6802\"\/><\/figure>\n\n\n\n<p>A&nbsp; 22h heure local (19h \u00e0 Bamako), les femmes ont emboit\u00e9 le pas aux hommes dans les m\u00eames circonstances et pour le m\u00eame objectif.<\/p>\n\n\n\n<p>A la demande des guides religieux de la sous-commission \u00e9ponyme, en plus de ses propres pr\u00e9occupations personnelles, chaque p\u00e8lerin est exhort\u00e9 \u00e0 prier en faveur du pays pour le retour de la s\u00e9curit\u00e9, de la paix et du vivre ensemble au Mali, gages de prosp\u00e9rit\u00e9 et de d\u00e9veloppement pour chacun et tous.<\/p>\n\n\n\n<p>Dans l\u2019apr\u00e8s-midi, c\u2019\u00e9tait la lecture de coran dans l\u2019enceinte m\u00eame de l\u2019h\u00f4tel qui accueille les p\u00e8lerins de la fili\u00e8re gouvernementale, \u00e0 l\u2019initiative des guides religieux, auxquels se sont joints certains guides de la fili\u00e8re priv\u00e9e.<\/p>\n\n\n\n<figure class=\"wp-block-image size-large\"><img decoding=\"async\" src=\"https:\/\/nandi.info\/wp-content\/uploads\/2022\/06\/Pelerinage-6-1024x576.jpg\" alt=\"\" class=\"wp-image-6803\"\/><\/figure>\n\n\n\n<p><em>\u00abC\u2019est une tradition qui a \u00e9t\u00e9 instaur\u00e9e par les autorit\u00e9s de notre pays, en particulier le minist\u00e8re en charge des Affaires religieuses et le Haut conseil islamique du Mali (HCIM), pour saisir l\u2019occasion du s\u00e9jour spirituel \u00e0 M\u00e9dine et prier pour notre pays, le Mali, afin qu\u2019il puisse retrouver la paix et la prosp\u00e9rit\u00e9&nbsp;\u00bb, <\/em>a justifi\u00e9 M. Habib KANE, Pr\u00e9sident de la sous-commission religieuse et par ailleurs directeur national des Affaires religieuses et du Culte, en expliquant le sens de cette pri\u00e8re collective.<\/p>\n\n\n\n<p><em>\u00abLa lecture du saint coran \u00e0 cette occasion et les b\u00e9n\u00e9dictions qui l\u2019accompagnement visent \u00e0 confier les p\u00e8lerins \u00e0 Dieu pour leur d\u00e9votion et leur permettre d\u2019effectuer un hadj agr\u00e9\u00e9 et de retrouver leurs familles respectives au Mali \u00e0 la fin du p\u00e8lerinage&nbsp;\u00bb, <\/em>a-t-il soutenu.<\/p>\n\n\n\n<figure class=\"wp-block-image size-full\"><img decoding=\"async\" src=\"https:\/\/nandi.info\/wp-content\/uploads\/2022\/06\/Pelerinage-7.jpg\" alt=\"\" class=\"wp-image-6804\"\/><\/figure>\n\n\n\n<p><em>\u00abC\u2019est une action qui a l\u2019avantage de souder les d\u00e9l\u00e9gu\u00e9s et de les rapprocher, tout en leur permettant de prendre conscience de leurs responsabilit\u00e9s avec un effet tr\u00e8s positif sur les activit\u00e9s que nous menons&nbsp;\u00bb, <\/em>a expliqu\u00e9 M KANE<\/p>\n\n\n\n<p>Enfin, il s\u2019est r\u00e9joui de l\u2019effectivit\u00e9 du hadj 2022 apr\u00e8s deux ann\u00e9es successives d\u2019interruption pour cause de pand\u00e9mie li\u00e9e \u00e0 la Covid-19.<\/p>\n\n\n\n<p><em>\u00abChacun a sa place et son r\u00f4le dans la soci\u00e9t\u00e9, ceux des leaders religieux \u00e9tant des faire de faire des b\u00e9n\u00e9dictions pour la paix, la s\u00e9curit\u00e9 et la coh\u00e9sion sociale dans notre pays&nbsp;\u00bb, <\/em>a confort\u00e9 l\u2019imam Ousmane Saliou TRAORE, membre de la sous-commission religieuse, justifiant par la m\u00eame occasion <em>\u00ab&nbsp;le r\u00f4le et la place&nbsp;\u00bb <\/em>des leaders religieux pour la stabilit\u00e9 du pays.<\/p>\n\n\n\n<figure class=\"wp-block-image size-full\"><img decoding=\"async\" src=\"https:\/\/nandi.info\/wp-content\/uploads\/2022\/06\/Pelerinage-8.jpg\" alt=\"\" class=\"wp-image-6805\"\/><\/figure>\n\n\n\n<p><em>\u00abIl s\u2019agit pour nous de jouer notre partition ici, ainsi que pour les leaders religieux rest\u00e9s sur place au Mali, en invoquant Dieu afin qu\u2019Il inspire les plus hautes autorit\u00e9s de notre pays pour les porter sur des d\u00e9cisions b\u00e9n\u00e9fiques et avantageuses pour chacun et tous&nbsp;\u00bb, <\/em>a-t-il expliqu\u00e9.<\/p>\n\n\n\n<p><strong>Source&nbsp;: CCOM\/MARCC<\/strong><\/p>\n\n\n\n<p><strong>Photos&nbsp;: MARCC<\/strong><\/p>\n","protected":false},"excerpt":{"rendered":"<p>Le lundi 27 juin 2022 a \u00e9t\u00e9 consacr\u00e9 \u00e0 deux activit\u00e9s phares du s\u00e9jour des p\u00e8lerins dans la ville religieuse&nbsp;: la pri\u00e8re individuelle dans le saint des lieux saints de&hellip;<\/p>\n","protected":false},"author":1,"featured_media":6798,"comment_status":"open","ping_status":"closed","sticky":false,"template":"","format":"standard","meta":{"content-type":"","_lmt_disableupdate":"","_lmt_disable":"","_jetpack_memberships_contains_paid_content":false,"footnotes":"","jetpack_publicize_message":"","jetpack_publicize_feature_enabled":true,"jetpack_social_post_already_shared":true,"jetpack_social_options":{"image_generator_settings":{"template":"highway","default_image_id":0,"font":"","enabled":false},"version":2}},"categories":[43,40,21],"tags":[],"class_list":["post-6796","post","type-post","status-publish","format-standard","has-post-thumbnail","hentry","category-nandi-info","category-pelerinage","category-societe"],"jetpack_publicize_connections":[],"featured_image_urls":{"full":"","thumbnail":"","medium":"","medium_large":"","large":"","1536x1536":"","2048x2048":"","penci-recipe-1200x1200":"","penci-recipe-1200x900":"","penci-recipe-1200x675":"","penci-single-full":"","penci-slider-full-thumb":"","penci-full-thumb":"","penci-slider-thumb":"","penci-magazine-slider":"","penci-thumb":"","penci-masonry-thumb":"","penci-thumb-square":"","penci-thumb-vertical":"","penci-thumb-small":""},"author_info":{"display_name":"Nandi","author_link":"https:\/\/nandi.info\/?author=1"},"category_info":"<a href=\"https:\/\/nandi.info\/?cat=43\" rel=\"category\">Nandi.info<\/a> <a href=\"https:\/\/nandi.info\/?cat=40\" rel=\"category\">P\u00e9l\u00e9rinage<\/a> <a href=\"https:\/\/nandi.info\/?cat=21\" rel=\"category\">Soci\u00e9t\u00e9<\/a>","tag_info":"Soci\u00e9t\u00e9","comment_count":"0","jetpack_featured_media_url":"","jetpack_sharing_enabled":true,"_links":{"self":[{"href":"https:\/\/nandi.info\/index.php?rest_route=\/wp\/v2\/posts\/6796","targetHints":{"allow":["GET"]}}],"collection":[{"href":"https:\/\/nandi.info\/index.php?rest_route=\/wp\/v2\/posts"}],"about":[{"href":"https:\/\/nandi.info\/index.php?rest_route=\/wp\/v2\/types\/post"}],"author":[{"embeddable":true,"href":"https:\/\/nandi.info\/index.php?rest_route=\/wp\/v2\/users\/1"}],"replies":[{"embeddable":true,"href":"https:\/\/nandi.info\/index.php?rest_route=%2Fwp%2Fv2%2Fcomments&post=6796"}],"version-history":[{"count":0,"href":"https:\/\/nandi.info\/index.php?rest_route=\/wp\/v2\/posts\/6796\/revisions"}],"wp:featuredmedia":[{"embeddable":true,"href":"https:\/\/nandi.info\/index.php?rest_route=\/"}],"wp:attachment":[{"href":"https:\/\/nandi.info\/index.php?rest_route=%2Fwp%2Fv2%2Fmedia&parent=6796"}],"wp:term":[{"taxonomy":"category","embeddable":true,"href":"https:\/\/nandi.info\/index.php?rest_route=%2Fwp%2Fv2%2Fcategories&post=6796"},{"taxonomy":"post_tag","embeddable":true,"href":"https:\/\/nandi.info\/index.php?rest_route=%2Fwp%2Fv2%2Ftags&post=6796"}],"curies":[{"name":"wp","href":"https:\/\/api.w.org\/{rel}","templated":true}]}}