{"id":6788,"date":"2022-06-27T16:46:02","date_gmt":"2022-06-27T14:46:02","guid":{"rendered":"https:\/\/nandi.info\/?p=6788"},"modified":"2022-06-27T16:46:02","modified_gmt":"2022-06-27T14:46:02","slug":"sommet-ordinaire-de-la-cedeao-le-3-juillet-quel-sort-finalement-pour-le-mali","status":"publish","type":"post","link":"https:\/\/nandi.info\/?p=6788","title":{"rendered":"<strong>Sommet ordinaire de la CEDEAO le 3 juillet&nbsp;: Quel sort finalement pour le Mali&nbsp;?<\/strong>"},"content":{"rendered":"\n<p>&nbsp;<strong><em>La 6e session extraordinaire de la conf\u00e9rence des chefs d\u2019Etat et de gouvernement sur la situation politique au Burkina Faso, en Guin\u00e9e et au Mali s\u2019est achev\u00e9e samedi 4 juin \u00e0 Accra sans aucune d\u00e9cision contre les juntes qui dirigent ces pays apr\u00e8s des coups d\u2019Etat. La Communaut\u00e9 \u00e9conomique des Etats de l\u2019Afrique de l\u2019Ouest (CEDEAO) n&rsquo;a pas \u00e9mis de communiqu\u00e9 \u00e0 l&rsquo;issue des travaux. Cependant, des m\u00e9dias locaux ont fait savoir que les d\u00e9cisions des chefs d\u2019\u00c9tat ne seront connues sur les trois pays en transition que le 3 juillet prochain lors du sommet ordinaire de l\u2019institution dans la capitale ghan\u00e9enne, Accra. La question qui est sur toutes les l\u00e8vres au Mali est celle de savoir est-ce que &nbsp;ce sommet mettra-t-il fin \u00e0 la souffrance du&nbsp; peuple malien&nbsp;?<\/em><\/strong><\/p>\n\n\n\n<p class=\"has-drop-cap\">Il faut rappeler que la C\u00e9d\u00e9ao avait exig\u00e9 le retour rapide des civils au pouvoir au Mali, un pays dirig\u00e9 par la junte militaire. C\u2019est la condition fix\u00e9e par l\u2019organisation sous-r\u00e9gionale avant toute lev\u00e9e des sanctions impos\u00e9es. Les autorit\u00e9s maliennes ont annonc\u00e9 une prorogation de la transition de 24 mois \u00e0 compter du 26 mars 2022. Cette d\u00e9cision n\u2019a pas re\u00e7u l\u2019assentiment de la CEDEAO qui dit n\u00e9anmoins en avoir pris acte. On peut d\u00e9j\u00e0 deviner le principal sujet qui sera \u00e0 l\u2019ordre du jour du prochain sommet de la CEDEAO pr\u00e9vu le 3 Juillet prochain.&nbsp;<\/p>\n\n\n\n<p>Lors du prochain Sommet de la CEDEAO pr\u00e9vu le 3 juillet, nombreux sont les observateurs qui attendent de voir laquelle de ces positions, \u00e0 savoir la position de la transition de 24 mois ou la decision de 16 \u00e0 18 mois&nbsp; de la CEDEAO &nbsp;pr\u00e9dominera. Ce&nbsp;n\u2019est un secret pour personne que les sanctions des organisations r\u00e9gionales frappent l\u2019\u00e9conomie malienne de plein fouet. \u00c0 part les salaires des fonctionnaires et quelques d\u00e9penses indispensables, la r\u00e9gie du tr\u00e9sor public ne r\u00e9pond plus. Les op\u00e9rateurs \u00e9conomiques cr\u00e9anciers de l\u2019\u00c9tat quant eux, peinent \u00e0 se faire payer et n\u2019ont que leurs yeux pour pleurer. Les cons\u00e9quences li\u00e9es \u00e0 la fermeture des fronti\u00e8res rendent le quotidien du malien intenable avec \u00e0 la cl\u00e9, l\u2019augmentation des prix des denr\u00e9es de premi\u00e8re n\u00e9cessit\u00e9.<\/p>\n\n\n\n<p>Selon toute vraisemblance, ce sommet est celui qui permettra au Mali et \u00e0 la CEDEAO d\u2019arrondir les angles afin de sortir d\u2019un bras de fer qui n\u2019a que trop dur\u00e9. En effet, apr\u00e8s le report par la CEDEAO de la lev\u00e9e des sanctions \u00e9conomiques et financi\u00e8res qui frappent le Mali, au 3 juillet prochain, le Pr\u00e9sident de la Transition a pris un d\u00e9cret fixant la dur\u00e9e de la transition \u00e0 24 mois.<\/p>\n\n\n\n<p>A la suite de cette d\u00e9cision, le pr\u00e9sident colonel Assimi Go\u00efta a pris un autre d\u00e9cret, le 10 juin dernier, portant cr\u00e9ation de la commission de r\u00e9daction de la nouvelle constitution, tout en&nbsp; fixant les missions et d\u00e9terminant l\u2019organisation et le fonctionnement. L\u2019autre argument qui pourrait faire pencher la balance en faveur du Mali est l\u2019adoption de la nouvelle Loi \u00e9lectorale par le CNT, le vendredi 17 juin 2022, par 115 voix pour, 3 contre et z\u00e9ro abstention. Cette loi dite consensuelle, qui a \u00e9t\u00e9 promulgu\u00e9e par le Pr\u00e9sident Assimi, est un produit de la consultation de toutes les forces vives de la Nation, notamment toute la classe politique, la soci\u00e9t\u00e9 civile, les experts en questions \u00e9lectorales et autres.<\/p>\n\n\n\n<p>En somme, ces actions t\u00e9moignent de lassitude de Bamako qui n\u2019a plus le choix que de faire bouger les lignes. Et les quelques avanc\u00e9es entreprises devront rassurer l\u2019organisation sous-r\u00e9gionale qui attend des autorit\u00e9s de la Transition du concret.<\/p>\n\n\n\n<p><strong>Assitan DIAKITE<\/strong><\/p>\n\n\n\n<p><strong>L&rsquo;Alternance<\/strong><\/p>\n","protected":false},"excerpt":{"rendered":"<p>&nbsp;La 6e session extraordinaire de la conf\u00e9rence des chefs d\u2019Etat et de gouvernement sur la situation politique au Burkina Faso, en Guin\u00e9e et au Mali s\u2019est achev\u00e9e samedi 4 juin&hellip;<\/p>\n","protected":false},"author":1,"featured_media":0,"comment_status":"open","ping_status":"closed","sticky":false,"template":"","format":"standard","meta":{"content-type":"","_lmt_disableupdate":"","_lmt_disable":"","_jetpack_memberships_contains_paid_content":false,"footnotes":"","jetpack_publicize_message":"","jetpack_publicize_feature_enabled":true,"jetpack_social_post_already_shared":true,"jetpack_social_options":{"image_generator_settings":{"template":"highway","default_image_id":0,"font":"","enabled":false},"version":2}},"categories":[46,68],"tags":[],"class_list":["post-6788","post","type-post","status-publish","format-standard","hentry","category-cedeao","category-lalternance"],"jetpack_publicize_connections":[],"featured_image_urls":{"full":"","thumbnail":"","medium":"","medium_large":"","large":"","1536x1536":"","2048x2048":"","penci-recipe-1200x1200":"","penci-recipe-1200x900":"","penci-recipe-1200x675":"","penci-single-full":"","penci-slider-full-thumb":"","penci-full-thumb":"","penci-slider-thumb":"","penci-magazine-slider":"","penci-thumb":"","penci-masonry-thumb":"","penci-thumb-square":"","penci-thumb-vertical":"","penci-thumb-small":""},"author_info":{"display_name":"Nandi","author_link":"https:\/\/nandi.info\/?author=1"},"category_info":"<a href=\"https:\/\/nandi.info\/?cat=46\" rel=\"category\">CEDEAO<\/a> <a href=\"https:\/\/nandi.info\/?cat=68\" rel=\"category\">L'alternance<\/a>","tag_info":"L'alternance","comment_count":"0","jetpack_featured_media_url":"","jetpack_sharing_enabled":true,"_links":{"self":[{"href":"https:\/\/nandi.info\/index.php?rest_route=\/wp\/v2\/posts\/6788","targetHints":{"allow":["GET"]}}],"collection":[{"href":"https:\/\/nandi.info\/index.php?rest_route=\/wp\/v2\/posts"}],"about":[{"href":"https:\/\/nandi.info\/index.php?rest_route=\/wp\/v2\/types\/post"}],"author":[{"embeddable":true,"href":"https:\/\/nandi.info\/index.php?rest_route=\/wp\/v2\/users\/1"}],"replies":[{"embeddable":true,"href":"https:\/\/nandi.info\/index.php?rest_route=%2Fwp%2Fv2%2Fcomments&post=6788"}],"version-history":[{"count":0,"href":"https:\/\/nandi.info\/index.php?rest_route=\/wp\/v2\/posts\/6788\/revisions"}],"wp:attachment":[{"href":"https:\/\/nandi.info\/index.php?rest_route=%2Fwp%2Fv2%2Fmedia&parent=6788"}],"wp:term":[{"taxonomy":"category","embeddable":true,"href":"https:\/\/nandi.info\/index.php?rest_route=%2Fwp%2Fv2%2Fcategories&post=6788"},{"taxonomy":"post_tag","embeddable":true,"href":"https:\/\/nandi.info\/index.php?rest_route=%2Fwp%2Fv2%2Ftags&post=6788"}],"curies":[{"name":"wp","href":"https:\/\/api.w.org\/{rel}","templated":true}]}}