{"id":6781,"date":"2022-06-27T16:18:46","date_gmt":"2022-06-27T14:18:46","guid":{"rendered":"https:\/\/nandi.info\/?p=6781"},"modified":"2022-06-27T16:18:46","modified_gmt":"2022-06-27T14:18:46","slug":"les-diplomates-maliens-aux-pelerins-respecter-les-lois-us-et-coutumes-du-pays-hote","status":"publish","type":"post","link":"https:\/\/nandi.info\/?p=6781","title":{"rendered":"Les diplomates maliens aux p\u00e8lerins&nbsp;: \u00ab&nbsp;Respecter les lois, us et coutumes du pays h\u00f4te&nbsp;\u00bb"},"content":{"rendered":"\n<p><em><strong>Au cinqui\u00e8me jour de leur s\u00e9jour dans la ville sainte de M\u00e9dine, les p\u00e8lerins maliens des deux fili\u00e8res, gouvernementale et priv\u00e9e, re\u00e7oivent la visite de courtoisie de SEM Boubacar Gouro DIALL, Ambassadeur du Mali aupr\u00e8s du Royaume d\u2019Arabie Saoudite. C\u2019\u00e9tait ce dimanche 26 juin 2022.<\/strong><\/em><\/p>\n\n\n\n<p class=\"has-drop-cap\">A l\u2019accueil de l\u2019Ambassadeur DIALL \u00e0 la devanture de Jawharat Al-Rasheed Hotel, \u00e0 16h15 heure local (13h15 \u00e0 Bamako)&nbsp;: le Consul du Mali sur place \u00e0 Djeddah, M. Yacouba DIAKITE&nbsp;; le D\u00e9l\u00e9gu\u00e9 g\u00e9n\u00e9ral pour le hadj 2022 et son adjoint, respectivement Dr Abdoul Fatah CISSE et M. Mahamane ADAMOU, par ailleurs Directeur g\u00e9n\u00e9ral et Directeur g\u00e9n\u00e9ral adjoint de la Maison du Hadj&nbsp;; M. Habib KANE, Directeur national des Affaires religieuses et du Culte. Etait \u00e9galement \u00e0 l\u2019accueil, M. Al Alim Mahmoud Al BARBOUDRI, Repr\u00e9sentant de la Maison du Hadj en Arabie Saoudite.<\/p>\n\n\n\n<p><em>\u00ab&nbsp;Je suis ici \u00e0 M\u00e9dine pour respecter une tradition, celle de rendre visite aux p\u00e8lerins maliens des deux fili\u00e8res, gouvernementale et priv\u00e9e&nbsp;\u00bb, <\/em>a confi\u00e9 l\u2019Ambassadeur DIALL \u00e0 l\u2019ORTM sur place.<\/p>\n\n\n\n<p><em>\u00ab\u00a0L\u2019objet m\u00eame de ma visite est de saleur justement nos p\u00e8lerins et de m\u2019enqu\u00e9rir des conditions de leur s\u00e9jour \u00e0 M\u00e9dine afin de m\u2019assurer qu\u2019il n\u2019y a pas de probl\u00e8me\u00a0\u00bb, <\/em>a-t-il justifi\u00e9.<\/p>\n\n\n\n<figure class=\"wp-block-image size-full is-resized\"><img fetchpriority=\"high\" decoding=\"async\" src=\"https:\/\/nandi.info\/wp-content\/uploads\/2022\/06\/Pelerinage-Ministre-2.jpg\" alt=\"\" class=\"wp-image-6785\" width=\"843\" height=\"462\"\/><\/figure>\n\n\n\n<p><em>\u00ab&nbsp;L\u2019Ambassade suit de tr\u00e8s pr\u00e8s ce qui se passe sur le terrain et je suis en contact permanent avec tous les premiers responsables de l\u2019organisation du hadj, au Mali comme en Arabie Saoudite&nbsp;\u00bb, <\/em>a indiqu\u00e9 le diplomate malien.<\/p>\n\n\n\n<p><em>\u00ab&nbsp;J\u2019ai eu des assurances comme quoi toutes les dispositions ont \u00e9t\u00e9 prises pour le confort mat\u00e9riel et moral de nos p\u00e8lerins&nbsp;\u00bb, <\/em>a salu\u00e9 l\u2019Ambassadeur en transmettant <em>\u00ab&nbsp;un message de confiance et d\u2019assurance&nbsp;\u00bb.<\/em><\/p>\n\n\n\n<p><em>\u00ab&nbsp;De mon arriv\u00e9e \u00e0 maintenant, je n\u2019ai re\u00e7u aucune r\u00e9clamation. C\u2019est le signe que tout se passe bien&nbsp;\u00bb, <\/em>s\u2019est-il r\u00e9joui davantage.<\/p>\n\n\n\n<p><em>\u00ab\u00a0Il s\u2019agit pour nous de respecter une tradition et le fait de venir saluer les p\u00e8lerins, ici \u00e0 M\u00e9dine, est un devoir pour nous afin de pouvoir aplanir les difficult\u00e9s, si elles existent\u00a0\u00bb, <\/em>a confort\u00e9 le Consul du Mali \u00e0 Djeddah, M. Yacouba DIAKITE.<\/p>\n\n\n\n<p><\/p>\n\n\n\n<figure class=\"wp-block-image size-full is-resized\"><img decoding=\"async\" src=\"https:\/\/nandi.info\/wp-content\/uploads\/2022\/06\/Pelerinage-Ministre.3.jpg\" alt=\"\" class=\"wp-image-6786\" width=\"845\" height=\"471\"\/><\/figure>\n\n\n\n<p><em>\u00ab&nbsp;Le constat que nous avons fait cette ann\u00e9e, c\u2019est qu\u2019il y a eu beaucoup d\u2019am\u00e9liorations, notamment en termes de logement et de restauration&nbsp;\u00bb, <\/em>a-t-il salu\u00e9.<\/p>\n\n\n\n<p><em>\u00ab&nbsp;Nous attirons l\u2019attention de nos compatriotes p\u00e8lerins sur le respect strict des lois, us et coutumes du pays h\u00f4te qu\u2019est le Royaume d\u2019Arabie Saoudite&nbsp;\u00bb, <\/em>a conseill\u00e9 le Consul DIAKITE.<\/p>\n\n\n\n<p>Aussi, a-t-il invit\u00e9 les p\u00e8lerins <em>\u00ab&nbsp;\u00e0 se consacrer uniquement \u00e0 des actes de foi et de d\u00e9votion&nbsp;\u00bb.<\/em><\/p>\n\n\n\n<p>Enfin, le Consul a exhort\u00e9 les p\u00e8lerins \u00e0 prier et \u00e0 faire des b\u00e9n\u00e9dictions pour le pays en vue du retour de la paix et du vivre ensemble qui avaient toujours caract\u00e9ris\u00e9 notre pays, le Mali. &nbsp;&nbsp;<\/p>\n\n\n\n<p>Pour la petite histoire, l\u2019Ambassadeur DIALL a tenu \u00e0 partager le menu avec les p\u00e8lerins pour le d\u00eener du dimanche, avant de rendre visite, le lendemain lundi, aux p\u00e8lerins de la fili\u00e8re priv\u00e9e.<\/p>\n\n\n\n<p><strong>Source&nbsp;: CCOM\/MARCC<\/strong><\/p>\n\n\n\n<p><strong>Photos&nbsp;: CCOM\/MARCC<\/strong><\/p>\n","protected":false},"excerpt":{"rendered":"<p>Au cinqui\u00e8me jour de leur s\u00e9jour dans la ville sainte de M\u00e9dine, les p\u00e8lerins maliens des deux fili\u00e8res, gouvernementale et priv\u00e9e, re\u00e7oivent la visite de courtoisie de SEM Boubacar Gouro&hellip;<\/p>\n","protected":false},"author":1,"featured_media":6784,"comment_status":"open","ping_status":"closed","sticky":false,"template":"","format":"standard","meta":{"content-type":"","_lmt_disableupdate":"","_lmt_disable":"","_jetpack_memberships_contains_paid_content":false,"footnotes":"","jetpack_publicize_message":"","jetpack_publicize_feature_enabled":true,"jetpack_social_post_already_shared":true,"jetpack_social_options":{"image_generator_settings":{"template":"highway","default_image_id":0,"font":"","enabled":false},"version":2}},"categories":[43,40,21],"tags":[],"class_list":["post-6781","post","type-post","status-publish","format-standard","has-post-thumbnail","hentry","category-nandi-info","category-pelerinage","category-societe"],"jetpack_publicize_connections":[],"featured_image_urls":{"full":"","thumbnail":"","medium":"","medium_large":"","large":"","1536x1536":"","2048x2048":"","penci-recipe-1200x1200":"","penci-recipe-1200x900":"","penci-recipe-1200x675":"","penci-single-full":"","penci-slider-full-thumb":"","penci-full-thumb":"","penci-slider-thumb":"","penci-magazine-slider":"","penci-thumb":"","penci-masonry-thumb":"","penci-thumb-square":"","penci-thumb-vertical":"","penci-thumb-small":""},"author_info":{"display_name":"Nandi","author_link":"https:\/\/nandi.info\/?author=1"},"category_info":"<a href=\"https:\/\/nandi.info\/?cat=43\" rel=\"category\">Nandi.info<\/a> <a href=\"https:\/\/nandi.info\/?cat=40\" rel=\"category\">P\u00e9l\u00e9rinage<\/a> <a href=\"https:\/\/nandi.info\/?cat=21\" rel=\"category\">Soci\u00e9t\u00e9<\/a>","tag_info":"Soci\u00e9t\u00e9","comment_count":"0","jetpack_featured_media_url":"","jetpack_sharing_enabled":true,"_links":{"self":[{"href":"https:\/\/nandi.info\/index.php?rest_route=\/wp\/v2\/posts\/6781","targetHints":{"allow":["GET"]}}],"collection":[{"href":"https:\/\/nandi.info\/index.php?rest_route=\/wp\/v2\/posts"}],"about":[{"href":"https:\/\/nandi.info\/index.php?rest_route=\/wp\/v2\/types\/post"}],"author":[{"embeddable":true,"href":"https:\/\/nandi.info\/index.php?rest_route=\/wp\/v2\/users\/1"}],"replies":[{"embeddable":true,"href":"https:\/\/nandi.info\/index.php?rest_route=%2Fwp%2Fv2%2Fcomments&post=6781"}],"version-history":[{"count":0,"href":"https:\/\/nandi.info\/index.php?rest_route=\/wp\/v2\/posts\/6781\/revisions"}],"wp:featuredmedia":[{"embeddable":true,"href":"https:\/\/nandi.info\/index.php?rest_route=\/"}],"wp:attachment":[{"href":"https:\/\/nandi.info\/index.php?rest_route=%2Fwp%2Fv2%2Fmedia&parent=6781"}],"wp:term":[{"taxonomy":"category","embeddable":true,"href":"https:\/\/nandi.info\/index.php?rest_route=%2Fwp%2Fv2%2Fcategories&post=6781"},{"taxonomy":"post_tag","embeddable":true,"href":"https:\/\/nandi.info\/index.php?rest_route=%2Fwp%2Fv2%2Ftags&post=6781"}],"curies":[{"name":"wp","href":"https:\/\/api.w.org\/{rel}","templated":true}]}}