{"id":6773,"date":"2022-06-27T14:07:00","date_gmt":"2022-06-27T12:07:00","guid":{"rendered":"https:\/\/nandi.info\/?p=6773"},"modified":"2022-06-27T14:07:00","modified_gmt":"2022-06-27T12:07:00","slug":"blanchissement-possible-dex-putschistes-avec-la-nouvelle-loi-electorale-au-diable-lexemple-le-symbole-et-la-pedagogie","status":"publish","type":"post","link":"https:\/\/nandi.info\/?p=6773","title":{"rendered":"Blanchissement possible d\u2019ex putschistes avec la nouvelle loi \u00e9lectorale : Au diable l\u2019exemple, le symbole et la p\u00e9dagogie\u00a0!"},"content":{"rendered":"\n<p>&nbsp;<strong><em>Beaucoup de Maliens auront salu\u00e9 l\u2019esprit r\u00e9publicain et d\u2019initiative des membres du CNT. Pour une des rares fois, l\u2019institution parlementaire de la Transition n\u2019aura pas \u00e9t\u00e9 une caisse de r\u00e9sonance, pouvait-on attendre \u00e0 tout va. Pourtant, comme l\u2019on le dit souvent, le diable se cache dans les d\u00e9tails. Et si les 92 amendements apport\u00e9s par les honorables du CNT ne valaient que tr\u00e8s peu en pr\u00e9sence d\u2019un article de la nouvelle loi \u00e9lectorale stipulant la possibilit\u00e9 pour un ex militaire (putschiste aussi donc) de se pr\u00e9senter \u00e0 la prochaine pr\u00e9sidentielle&nbsp;?<\/em><\/strong><\/p>\n\n\n\n<p class=\"has-drop-cap\">Ce d\u00e9tail prouve encore, une fois de plus, \u00e0 quel point les tenants actuels du pouvoir, jouissent d\u2019une grande popularit\u00e9. Car il a \u00e9t\u00e9 tr\u00e8s peu comment\u00e9 au sein de la masse populaire et a m\u00eame emport\u00e9 une approbation certaine. Mais au-del\u00e0, des motifs d\u2019inqui\u00e9tude quant \u00e0 cette disposition sont l\u00e9gitimes.<\/p>\n\n\n\n<p>D\u2019abord, sur le plan du symbole et de la p\u00e9dagogie. L\u2019id\u00e9e m\u00eame que l\u2019auteur ou co auteur d\u2019un coup d\u2019\u00e9tat, sous quelque habillage que ce soit, puisse se pr\u00e9senter \u00e0 une pr\u00e9sidentielle va \u00e0 l\u2019encontre de tout esprit r\u00e9publicain et d\u00e9mocratique. L\u2019id\u00e9al aurait \u00e9t\u00e9 l\u2019effacement des auteurs du coup d\u2019\u00e9tat au profit d\u2019un processus civil et consensuel tout en exigeant au prochain pr\u00e9sident d\u00e9mocratiquement \u00e9lu de prendre en compte des points cl\u00e9s afin de jeter les bases d\u2019un Mali nouveau. Ainsi, les principes et valeurs de la d\u00e9mocratie auraient \u00e9t\u00e9 \u00e9pargn\u00e9s. Mais \u00e9galement le bon exemple, celui de ne pas nourrir l\u2019id\u00e9e malsaine dans l\u2019esprit de tout porteur d\u2019uniforme qu\u2019\u00e0 l\u2019issue d\u2019un coup d\u2019\u00e9tat, il peut \u00eatre pr\u00e9sident de la r\u00e9publique<\/p>\n\n\n\n<p><strong>Quel militaire comme potentiel candidat&nbsp;<\/strong><\/p>\n\n\n\n<p>Bien \u00e9videmment, l\u2019on pense imm\u00e9diatement au pr\u00e9sident de la Transition, Assimi Goita. D\u00e9j\u00e0 au pouvoir et portant la casquette d\u2019auteur principal du coup d\u2019\u00e9tat, il semblerait bien qu\u2019il emporte l\u2019assentiment des siens. A moins que l\u2019ex junte joue la carte de la surprise en d\u00e9signant un autre membre comme leur porte \u00e9tendard. Aussi, la candidature de Malick Diaw, pr\u00e9sident du CNT serait bien possible. Il serait, derri\u00e8re les coulisses, le quasi chef d\u2019Etat.<\/p>\n\n\n\n<p>Dans tous les cas, l\u2019un ou l\u2019autre, partirait en p\u00f4le position, si jamais ils se pr\u00e9sentaient. Les autres candidats issus de formations politiques ont d\u00fb soucis \u00e0 se faire. Peut-\u00eatre qu\u2019ils parleraient de concurrence d\u00e9loyale. L\u2019on le saura assez bient\u00f4t.<\/p>\n\n\n\n<p>Cette possibilit\u00e9 aura \u00e9t\u00e9 relev\u00e9 par la Mission d\u2019Observation des \u00c9lections, (modele Mali) qui regroupe des experts issus de diff\u00e9rentes organisations de la soci\u00e9t\u00e9 civile. La nouvelle loi \u00e9lectorale permet aux militaires de se pr\u00e9senter \u00e0 la prochaine pr\u00e9sidentielle \u00e0 condition de d\u00e9missionner de l\u2019institution militaire quatre mois auparavant. C\u2019est l\u2019effet combin\u00e9 de la nouvelle loi et de la charte de la Transition r\u00e9vis\u00e9e en mois de f\u00e9vrier dernier. Selon sa derni\u00e8re version, c\u2019est le pr\u00e9sident du CNT qui prendra les r\u00eanes du pouvoir s\u2019il y a vacance du pr\u00e9sident de la Transition.<\/p>\n\n\n\n<p>Pour Assimi Go\u00efta, il lui suffira de d\u00e9missionner de la pr\u00e9sidence et de l\u2019arm\u00e9e, quatre mois avant la joute pr\u00e9sidentielle.<\/p>\n\n\n\n<p><strong>Ahmed M. Thiam<\/strong><\/p>\n","protected":false},"excerpt":{"rendered":"<p>&nbsp;Beaucoup de Maliens auront salu\u00e9 l\u2019esprit r\u00e9publicain et d\u2019initiative des membres du CNT. Pour une des rares fois, l\u2019institution parlementaire de la Transition n\u2019aura pas \u00e9t\u00e9 une caisse de r\u00e9sonance,&hellip;<\/p>\n","protected":false},"author":1,"featured_media":0,"comment_status":"open","ping_status":"closed","sticky":false,"template":"","format":"standard","meta":{"content-type":"","_lmt_disableupdate":"","_lmt_disable":"","_jetpack_memberships_contains_paid_content":false,"footnotes":"","jetpack_publicize_message":"","jetpack_publicize_feature_enabled":true,"jetpack_social_post_already_shared":true,"jetpack_social_options":{"image_generator_settings":{"template":"highway","default_image_id":0,"font":"","enabled":false},"version":2}},"categories":[68,23],"tags":[],"class_list":["post-6773","post","type-post","status-publish","format-standard","hentry","category-lalternance","category-politique"],"jetpack_publicize_connections":[],"featured_image_urls":{"full":"","thumbnail":"","medium":"","medium_large":"","large":"","1536x1536":"","2048x2048":"","penci-recipe-1200x1200":"","penci-recipe-1200x900":"","penci-recipe-1200x675":"","penci-single-full":"","penci-slider-full-thumb":"","penci-full-thumb":"","penci-slider-thumb":"","penci-magazine-slider":"","penci-thumb":"","penci-masonry-thumb":"","penci-thumb-square":"","penci-thumb-vertical":"","penci-thumb-small":""},"author_info":{"display_name":"Nandi","author_link":"https:\/\/nandi.info\/?author=1"},"category_info":"<a href=\"https:\/\/nandi.info\/?cat=68\" rel=\"category\">L'alternance<\/a> <a href=\"https:\/\/nandi.info\/?cat=23\" rel=\"category\">Politique<\/a>","tag_info":"Politique","comment_count":"0","jetpack_featured_media_url":"","jetpack_sharing_enabled":true,"_links":{"self":[{"href":"https:\/\/nandi.info\/index.php?rest_route=\/wp\/v2\/posts\/6773","targetHints":{"allow":["GET"]}}],"collection":[{"href":"https:\/\/nandi.info\/index.php?rest_route=\/wp\/v2\/posts"}],"about":[{"href":"https:\/\/nandi.info\/index.php?rest_route=\/wp\/v2\/types\/post"}],"author":[{"embeddable":true,"href":"https:\/\/nandi.info\/index.php?rest_route=\/wp\/v2\/users\/1"}],"replies":[{"embeddable":true,"href":"https:\/\/nandi.info\/index.php?rest_route=%2Fwp%2Fv2%2Fcomments&post=6773"}],"version-history":[{"count":0,"href":"https:\/\/nandi.info\/index.php?rest_route=\/wp\/v2\/posts\/6773\/revisions"}],"wp:attachment":[{"href":"https:\/\/nandi.info\/index.php?rest_route=%2Fwp%2Fv2%2Fmedia&parent=6773"}],"wp:term":[{"taxonomy":"category","embeddable":true,"href":"https:\/\/nandi.info\/index.php?rest_route=%2Fwp%2Fv2%2Fcategories&post=6773"},{"taxonomy":"post_tag","embeddable":true,"href":"https:\/\/nandi.info\/index.php?rest_route=%2Fwp%2Fv2%2Ftags&post=6773"}],"curies":[{"name":"wp","href":"https:\/\/api.w.org\/{rel}","templated":true}]}}