{"id":6766,"date":"2022-06-27T14:25:23","date_gmt":"2022-06-27T12:25:23","guid":{"rendered":"https:\/\/nandi.info\/?p=6766"},"modified":"2022-06-27T14:25:23","modified_gmt":"2022-06-27T12:25:23","slug":"promulgation-de-la-loi-electorale-par-le-president-de-la-transition-un-desaveu-et-non-une-rupture","status":"publish","type":"post","link":"https:\/\/nandi.info\/?p=6766","title":{"rendered":"Promulgation de la loi \u00e9lectorale par le Pr\u00e9sident de la transition : Un d\u00e9saveu et non une rupture !"},"content":{"rendered":"\n<p><strong><em>Adopt\u00e9e par le Conseil National de Transition(CNT) apr\u00e8s avoir re\u00e7ue 92 amendements, la loi \u00e9lectorale a \u00e9t\u00e9 promulgu\u00e9e le vendredi 24 juin 2022 par le Pr\u00e9sident de la Transition, le Colonel Assimi Go\u00efta. Cette d\u00e9cision est loin de faire l\u2019unanimit\u00e9 puisque, avant sa promulgation, une tendance favorable au Premier ministre, Choguel Kokalla Maiga, avait exprim\u00e9 des r\u00e9serves sur le toilettage apport\u00e9 \u00e0 cette loi par le CNT. C\u2019est pourquoi cette promulgation par le Pr\u00e9sident de la Transition, sonne comme un d\u00e9saveu cinglant \u00e0 cette tendance proche du Premier ministre. On ne peut pas donc parler de rupture entre les deux autorit\u00e9s de la Transition.<\/em><\/strong><\/p>\n\n\n\n<p class=\"has-drop-cap\">Ce texte a \u00e9t\u00e9 adopt\u00e9 le 17 juin dernier au niveau du CNT avec 115 voix pour, 3 contre et 0 abstention apr\u00e8s 92 amendements apport\u00e9s au projet de loi d\u00e9pos\u00e9 par le gouvernement devant l\u2019organe l\u00e9gislatif. Malgr\u00e9 que la classe politique dans sa majorit\u00e9 ait salu\u00e9 l\u2019acte du CNT, cette d\u00e9cision des membres du CNT a provoqu\u00e9 une situation de dissension ouverte entre l\u2019organe l\u00e9gislatif et celui de l\u2019ex\u00e9cutif de la transition, notamment l\u2019actuel Premier ministre. C\u2019est pourquoi, d\u00e8s le lendemain de la pl\u00e9ni\u00e8re du CNT, le principal mouvement qui soutient le Premier ministre, c\u2019est-\u00e0 dire le M5-RFP avait exprim\u00e9 son indignation en publiant un m\u00e9morandum pour d\u00e9noncer les amendements port\u00e9s aux articles sur l\u2019Autorit\u00e9 ind\u00e9pendante de gestion des \u00e9lections (AIGE). Au motif que le gouvernement s\u2019est vu retirer son r\u00f4le dans l\u2019organisation des \u00e9lections. Et ils avaient invit\u00e9 le Pr\u00e9sident de la Transition, en l\u2019occurrence le Colonel Assimi Goita d\u2019autoriser une relecture de ce texte et \u00e0 ne pas le promulguer. En effet, malgr\u00e9 ces d\u00e9nonciations, le Chef de l\u2019Etat a fini par promulguer cette loi \u00e9lectorale au grand soulagement d\u2019une frange importante de la classe politique et de la soci\u00e9t\u00e9 civile.<\/p>\n\n\n\n<p><strong>Une loi \u00e9lectorale qui arrange d\u2019ailleurs les membres de la junte<\/strong><\/p>\n\n\n\n<p>Il n\u2019est gu\u00e8re une surprise que cette loi ait suscit\u00e9 de vives tensions. Cela peut s\u2019expliquer par les ambitions, \u00e0 peine voil\u00e9es, des uns et des autres pour le contr\u00f4le du gouvernail du pays \u00e0 l\u2019issue de la Transition. Pour cela, une loi \u00e9lectorale \u2018\u2019taill\u00e9e sur mesure\u2019\u2019 pourra constituer un bon levier \u00e0 cet effet. Mais le processus de l\u2019adoption et de la promulgation de celle en cours a permis de mettre sur la place publique la divergence de vues des diff\u00e9rentes autorit\u00e9s de la transition. Il a permis de mettre \u00e0 nu que les dirigeants actuels de la transition n\u2019ont aucune perspective commune d\u2019apr\u00e8s transition. On a l\u2019impression que ceux-ci n\u2019ont pas raccord\u00e9 les violons pour imprimer une symphonie unique \u00e0 la transition. C\u2019est pourquoi l\u2019opinion publique nationale fut surprise des prises de position frisant le ridicule ces derniers jours autour de ce texte de loi.<\/p>\n\n\n\n<p>On a eu l\u2019impression, que le Premier ministre actuel avait des intentions pour garder le contr\u00f4le des affaires m\u00eame apr\u00e8s la transition. La m\u00eame impression reste valable concernant la tendance qui se r\u00e9clame proche de l\u2019ex junte des cinq colonels. Cela surtout, apr\u00e8s la promulgation sans coup f\u00e9rir par le Pr\u00e9sident de la transition de la mouture envoy\u00e9e par le CNT. Le doute n\u2019est plus permis l\u2019ex junte la junte a aussi un agenda clair. Elle pr\u00e9sentera un candidat, \u00e0 coup s\u00fbr. L\u2019on suspecte une \u00e9ventuelle candidature d\u2019Assimi Goita, surtout que la Charte de la transition, apr\u00e8s sa relecture, pr\u00e9voit l\u2019int\u00e9rim en cas de vacance du Pr\u00e9sident de la transition. Ce qui corrobore cette \u00e9vidence est bien l\u2019article 155 l\u2019alin\u00e9a 2 de cette nouvelle loi \u00e9lectorale, qui dispose que \u00ab&nbsp; Tout membre des Forces Arm\u00e9es ou de s\u00e9curit\u00e9 qui d\u00e9sire \u00eatre candidat aux fonctions du Pr\u00e9sident de la R\u00e9publique, doit d\u00e9missionner ou demander la mise en retraite au moins 6 mois avant la fin du mandat en cours du Pr\u00e9sident de la R\u00e9publique. Toutefois, pour les \u00e9lections&nbsp; pendant la Transition, les membres des Forces arm\u00e9es ou de s\u00e9curit\u00e9 qui d\u00e9sirent \u00eatre candidats aux fonctions du Pr\u00e9sident de la R\u00e9publique, doivent d\u00e9missionner ou demander leur mise \u00e0 la retraite au moins 4 mois avant la date de l\u2019\u00e9lection pr\u00e9sidentielle marquant la fin de la transition&nbsp;\u00bb. Le boulevard ne peut \u00eatre mieux trac\u00e9 devant les protagonistes de l\u2019ex junte pour atteindre leur objectif.<\/p>\n\n\n\n<p><strong>Quel sort pour l\u2019actuel Premier ministre, Dr Choguel Kokalla Ma\u00efga&nbsp;?<\/strong><\/p>\n\n\n\n<p>D\u00e8s la promulgation de la loi \u00e9lectorale, des r\u00e9actions sur les r\u00e9seaux sociaux ont converg\u00e9, presque toutes, sur un probable divorce entre le Pr\u00e9sident de la Transition et son Premier ministre. C\u2019est pourquoi, on pouvait lire des commentaires et posts, tels&nbsp;:&nbsp; \u2018\u2019 l\u00e2ch\u00e9 en plein vol\u2019\u2019, \u2018\u2019Abana Pew\u2019\u2019 (c\u2019est fini), \u2018\u2019la rectification de la rectification\u2019\u2019, \u2018\u2019il partira\u2019\u2019\u2026 Ces r\u00e9actions d\u00e9favorables au PM Ma\u00efga ont d\u00e9but\u00e9 mercredi (jour de conseil des ministres) avant d\u2019enflammer les r\u00e9seaux sociaux vendredi (jour de la publication dans le journal officiel de la loi promulgu\u00e9e). Et elles n\u2019ont pas faibli durant tout le weekend. D\u2019ailleurs des rumeurs les plus folles \u00e9voquaient une probable d\u00e9mission du PM, qui n\u2019aurait pas aval\u00e9 la couleuvre du Colonel Go\u00efta.<\/p>\n\n\n\n<p>Sans confirmer ou infirmer ces assertions, il sied de s\u2019interroger sur ce qui pourra \u00eatre le sort du Premier ministre Choguel Kokalla Ma\u00efga&nbsp;?<\/p>\n\n\n\n<p>En tout \u00e9tat de cause, depuis la publication de la nouvelle loi \u00e9lectorale promulgu\u00e9e, il n\u2019y a eu aucun \u00e9v\u00e8nement, ou d\u00e9claration pouvant pr\u00e9sumer une \u00e9ventuelle rupture entre le pr\u00e9sident Go\u00efta et son PM Ma\u00efga. Le seul fait notable rel\u00e8ve du changement de casting dans la conduite du processus politique. Ainsi, le ministre de l\u2019Administration territoriale, porte-parole du Gouvernement, le Lt-Colonel Abdoulaye Ma\u00efga semble avoir repris du poil de la b\u00eate. Pour preuve, dans un communiqu\u00e9 rendu-public le jeudi, le ministre Ma\u00efga a r\u00e9instaur\u00e9 le cadre de concertation des partis-politiques avec le Gouvernement. Toute chose qui d\u00e9montre que la transition est revenue \u00e0 l\u2019ancien m\u00e9canisme qui \u00e9tait en cours avant la nomination de Dr Choguel Kokalla Ma\u00efga \u00e0 la Primature. A savoir, faire du minist\u00e8re de l\u2019Administration territoriale l\u2019ancrage de la conduite du processus \u00e9lectoral. Une \u00e9vidence en d\u00e9phasage avec la m\u00e9thode du PM Ma\u00efga, qui avait jet\u00e9 son d\u00e9volu sur la ministre d\u00e9l\u00e9gu\u00e9e aupr\u00e8s du Premier ministre charg\u00e9e des r\u00e9formes politiques et institutionnelles.<\/p>\n\n\n\n<p>Il revient maintenant au Premier ministre Choguel Ma\u00efga pour sauvegarder son fauteuil, de se mettre en rang avec l\u2019ex junte, qui \u00e0 la diff\u00e9rence de celle de 2012 est compos\u00e9e des officiers bien form\u00e9s en sciences politiques et soutenue par une frange importante de la classe politique. Au demeurant, \u00e0 vouloir tenir un bras de fer avec des discours qui sonnent macul\u00e9s pr\u00e8s du bas peuple, constituera un jeu dangereux. Rien n\u2019est perdu, un homme politique est celui qui peut s\u2019adapter \u00e0 toutes les situations.<\/p>\n\n\n\n<p><strong>Adama Tounkara<\/strong><\/p>\n\n\n\n<p><strong>Le sursaut<\/strong><\/p>\n","protected":false},"excerpt":{"rendered":"<p>Adopt\u00e9e par le Conseil National de Transition(CNT) apr\u00e8s avoir re\u00e7ue 92 amendements, la loi \u00e9lectorale a \u00e9t\u00e9 promulgu\u00e9e le vendredi 24 juin 2022 par le Pr\u00e9sident de la Transition, le&hellip;<\/p>\n","protected":false},"author":1,"featured_media":6340,"comment_status":"open","ping_status":"closed","sticky":false,"template":"","format":"standard","meta":{"content-type":"","_lmt_disableupdate":"","_lmt_disable":"","_jetpack_memberships_contains_paid_content":false,"footnotes":"","jetpack_publicize_message":"","jetpack_publicize_feature_enabled":true,"jetpack_social_post_already_shared":true,"jetpack_social_options":{"image_generator_settings":{"template":"highway","default_image_id":0,"font":"","enabled":false},"version":2}},"categories":[23],"tags":[],"class_list":["post-6766","post","type-post","status-publish","format-standard","has-post-thumbnail","hentry","category-politique"],"jetpack_publicize_connections":[],"featured_image_urls":{"full":"","thumbnail":"","medium":"","medium_large":"","large":"","1536x1536":"","2048x2048":"","penci-recipe-1200x1200":"","penci-recipe-1200x900":"","penci-recipe-1200x675":"","penci-single-full":"","penci-slider-full-thumb":"","penci-full-thumb":"","penci-slider-thumb":"","penci-magazine-slider":"","penci-thumb":"","penci-masonry-thumb":"","penci-thumb-square":"","penci-thumb-vertical":"","penci-thumb-small":""},"author_info":{"display_name":"Nandi","author_link":"https:\/\/nandi.info\/?author=1"},"category_info":"<a href=\"https:\/\/nandi.info\/?cat=23\" rel=\"category\">Politique<\/a>","tag_info":"Politique","comment_count":"0","jetpack_featured_media_url":"","jetpack_sharing_enabled":true,"_links":{"self":[{"href":"https:\/\/nandi.info\/index.php?rest_route=\/wp\/v2\/posts\/6766","targetHints":{"allow":["GET"]}}],"collection":[{"href":"https:\/\/nandi.info\/index.php?rest_route=\/wp\/v2\/posts"}],"about":[{"href":"https:\/\/nandi.info\/index.php?rest_route=\/wp\/v2\/types\/post"}],"author":[{"embeddable":true,"href":"https:\/\/nandi.info\/index.php?rest_route=\/wp\/v2\/users\/1"}],"replies":[{"embeddable":true,"href":"https:\/\/nandi.info\/index.php?rest_route=%2Fwp%2Fv2%2Fcomments&post=6766"}],"version-history":[{"count":0,"href":"https:\/\/nandi.info\/index.php?rest_route=\/wp\/v2\/posts\/6766\/revisions"}],"wp:featuredmedia":[{"embeddable":true,"href":"https:\/\/nandi.info\/index.php?rest_route=\/"}],"wp:attachment":[{"href":"https:\/\/nandi.info\/index.php?rest_route=%2Fwp%2Fv2%2Fmedia&parent=6766"}],"wp:term":[{"taxonomy":"category","embeddable":true,"href":"https:\/\/nandi.info\/index.php?rest_route=%2Fwp%2Fv2%2Fcategories&post=6766"},{"taxonomy":"post_tag","embeddable":true,"href":"https:\/\/nandi.info\/index.php?rest_route=%2Fwp%2Fv2%2Ftags&post=6766"}],"curies":[{"name":"wp","href":"https:\/\/api.w.org\/{rel}","templated":true}]}}