{"id":6754,"date":"2022-06-27T13:49:19","date_gmt":"2022-06-27T11:49:19","guid":{"rendered":"https:\/\/nandi.info\/?p=6754"},"modified":"2022-06-27T13:49:19","modified_gmt":"2022-06-27T11:49:19","slug":"crise-malienne-loptimisme-affiche-du-mediateur-de-la-cedeao-goodluck-jonathan","status":"publish","type":"post","link":"https:\/\/nandi.info\/?p=6754","title":{"rendered":"Crise malienne: L\u2019optimisme affich\u00e9 du M\u00e9diateur de la CEDEAO, Goodluck Jonathan"},"content":{"rendered":"\n<p><strong>En pr\u00e9lude\u00a0 du Sommet de la CEDEAO devant se tenir le 3 juillet prochain \u00e0 Accra, le M\u00e9diateur de la CEDEAO, Goodluck Jonathan \u00e0 la t\u00eate d\u2019une d\u00e9l\u00e9gation, a effectu\u00e9 une visite de 48 heures dans notre pays. \u00ab\u00a0Cette visite s\u2019inscrivait dans le cadre du suivi de tout ce qui a \u00e9t\u00e9 entrepris afin d\u2019aider le Mali \u00e0 sortir de cette situation de crise\u00a0\u00bb,\u00a0 a\u00a0 not\u00e9 le M\u00e9diateur de la CEDEAO \u00e0 sa sortie d\u2019audience avec le Pr\u00e9sident de la Transition, le Colonel Assimi Goita.<\/strong><\/p>\n\n\n\n<p class=\"has-drop-cap\">Le Mali est confront\u00e9 \u00e0 des difficult\u00e9s li\u00e9es aux sanctions impos\u00e9es par la CEDEAO et l\u2019UEMOA, pour n\u2019avoir pas pu produire un chronogramme pr\u00e9cis d\u2019un retour \u00e0 l\u2019ordre constitutionnel. Plusieurs mois apr\u00e8s ces sanctions qui frappent de plein fouet les populations, l\u2019on peut dire que le bout du tunnel n\u2019est plus loin. Tout pr\u00e9sage sur un compromis entre le Mali et la CEDEAO.<\/p>\n\n\n\n<p>C\u2019est dans ce cadre que la r\u00e9cente visite du M\u00e9diateur de la CEDEAO au Mali visait \u00e0 discuter avec les autorit\u00e9s de la Transition au Mali avant le Sommet d\u2019Accra sur la crise malienne, pr\u00e9vu le 3 juillet prochain. Dans la m\u00eame foul\u00e9e, l\u2019ancien pr\u00e9sident nig\u00e9rian a pr\u00e9sent\u00e9 des condol\u00e9ances aux autorit\u00e9s de la Transition et au peuple malien suite \u00e0 l\u2019assassinat de 130 civils dans le Cercle de Badiangara par les terroristes.<\/p>\n\n\n\n<p>Apr\u00e8s son audience avec le Pr\u00e9sident de la Transition, le M\u00e9diateur de la CEDEAO, Goodluck Jonathan affichait de l\u2019optimisme sur son visage. D\u2019ailleurs, comme rapport\u00e9 par certaines sources d\u2019information, il a not\u00e9 des avanc\u00e9es notoires dans les n\u00e9gociations effectu\u00e9es jusqu\u2019ici par les autorit\u00e9s de la Transition. Pour lui, la CEDEAO est engag\u00e9e aux cot\u00e9s des autorit\u00e9s de la Transition pour une sortie de crise. Selon lui, cette crise touche non seulement le Mali mais \u00e9galement tous les pays de la sous-r\u00e9gion, d\u2019o\u00f9 la n\u00e9cessit\u00e9 de converger les positions pour le bonheur&nbsp; des populations. Et il s\u2019est r\u00e9joui de ces avanc\u00e9es constat\u00e9es de part et d\u2019autre vers une position commune.<\/p>\n\n\n\n<p>&nbsp;\u00ab&nbsp; Je peux vous dire que nous sommes heureux de constater les progr\u00e8s effectu\u00e9s jusqu\u2019ici par le gouvernement de transition&nbsp;\u00bb, a-t-il fait remarquer. Et d\u2019ajouter qu\u2019il est convaincu que tr\u00e8s bient\u00f4t les populations maliennes vont se rendre compte, effectivement du travail abattu par les autorit\u00e9s pour atteindre ce niveau de progr\u00e8s pour une bonne marche de la Transition.<\/p>\n\n\n\n<p><strong>Vers un chronogramme \u00e9lectoral&nbsp; pr\u00e9cis<\/strong><\/p>\n\n\n\n<p>Le Mali est tout proche de publier un chronogramme \u00e9lectoral dans les jours \u00e0 venir. Puisqu\u2019apr\u00e8s la promulgation de la loi \u00e9lectorale par le Pr\u00e9sident de la Transition, l\u2019on a appris que le minist\u00e8re de l\u2019Administration Territoriale aurait invit\u00e9 les partis politiques la semaine prochaine pour des \u00e9changes sur le processus \u00e9lectoral, sanctionn\u00e9s par la mise en \u0153uvre d\u2019un chronogramme d\u00e9taill\u00e9. D\u2019ailleurs le gouvernement du Mali avait promis qu\u2019une fois le projet de loi \u00e9lectorale sera pass\u00e9 devant le CNT, un chronogramme \u00e9lectoral sera publi\u00e9.<\/p>\n\n\n\n<p>Pour rappel, la CEDEAO n\u2019avait demand\u00e9 que la publication d\u2019un chronogramme et ces derniers jours l\u2019on pourrait dire qu\u2019on est proche d\u2019un d\u00e9clic avec la CEDEAO. M\u00eame si nos autorit\u00e9s aient fix\u00e9 la dur\u00e9e de la Transition de deux ans,&nbsp; tout laisse \u00e0 croire qu\u2019elles sont pr\u00eates \u00e0 s\u2019entendre avec la CEDEAO pour une sortie de crise.<\/p>\n\n\n\n<p><strong>Adama Tounkara<\/strong><\/p>\n\n\n\n<p>\u00a0<strong>Le Sursaut<\/strong><\/p>\n\n\n\n<p><\/p>\n","protected":false},"excerpt":{"rendered":"<p>En pr\u00e9lude\u00a0 du Sommet de la CEDEAO devant se tenir le 3 juillet prochain \u00e0 Accra, le M\u00e9diateur de la CEDEAO, Goodluck Jonathan \u00e0 la t\u00eate d\u2019une d\u00e9l\u00e9gation, a effectu\u00e9&hellip;<\/p>\n","protected":false},"author":1,"featured_media":6758,"comment_status":"open","ping_status":"closed","sticky":false,"template":"","format":"standard","meta":{"content-type":"","_lmt_disableupdate":"","_lmt_disable":"","_jetpack_memberships_contains_paid_content":false,"footnotes":"","jetpack_publicize_message":"","jetpack_publicize_feature_enabled":true,"jetpack_social_post_already_shared":true,"jetpack_social_options":{"image_generator_settings":{"template":"highway","default_image_id":0,"font":"","enabled":false},"version":2}},"categories":[46,67],"tags":[],"class_list":["post-6754","post","type-post","status-publish","format-standard","has-post-thumbnail","hentry","category-cedeao","category-le-sursaut"],"jetpack_publicize_connections":[],"featured_image_urls":{"full":"","thumbnail":"","medium":"","medium_large":"","large":"","1536x1536":"","2048x2048":"","penci-recipe-1200x1200":"","penci-recipe-1200x900":"","penci-recipe-1200x675":"","penci-single-full":"","penci-slider-full-thumb":"","penci-full-thumb":"","penci-slider-thumb":"","penci-magazine-slider":"","penci-thumb":"","penci-masonry-thumb":"","penci-thumb-square":"","penci-thumb-vertical":"","penci-thumb-small":""},"author_info":{"display_name":"Nandi","author_link":"https:\/\/nandi.info\/?author=1"},"category_info":"<a href=\"https:\/\/nandi.info\/?cat=46\" rel=\"category\">CEDEAO<\/a> <a href=\"https:\/\/nandi.info\/?cat=67\" rel=\"category\">Le Sursaut<\/a>","tag_info":"Le Sursaut","comment_count":"0","jetpack_featured_media_url":"","jetpack_sharing_enabled":true,"_links":{"self":[{"href":"https:\/\/nandi.info\/index.php?rest_route=\/wp\/v2\/posts\/6754","targetHints":{"allow":["GET"]}}],"collection":[{"href":"https:\/\/nandi.info\/index.php?rest_route=\/wp\/v2\/posts"}],"about":[{"href":"https:\/\/nandi.info\/index.php?rest_route=\/wp\/v2\/types\/post"}],"author":[{"embeddable":true,"href":"https:\/\/nandi.info\/index.php?rest_route=\/wp\/v2\/users\/1"}],"replies":[{"embeddable":true,"href":"https:\/\/nandi.info\/index.php?rest_route=%2Fwp%2Fv2%2Fcomments&post=6754"}],"version-history":[{"count":0,"href":"https:\/\/nandi.info\/index.php?rest_route=\/wp\/v2\/posts\/6754\/revisions"}],"wp:featuredmedia":[{"embeddable":true,"href":"https:\/\/nandi.info\/index.php?rest_route=\/"}],"wp:attachment":[{"href":"https:\/\/nandi.info\/index.php?rest_route=%2Fwp%2Fv2%2Fmedia&parent=6754"}],"wp:term":[{"taxonomy":"category","embeddable":true,"href":"https:\/\/nandi.info\/index.php?rest_route=%2Fwp%2Fv2%2Fcategories&post=6754"},{"taxonomy":"post_tag","embeddable":true,"href":"https:\/\/nandi.info\/index.php?rest_route=%2Fwp%2Fv2%2Ftags&post=6754"}],"curies":[{"name":"wp","href":"https:\/\/api.w.org\/{rel}","templated":true}]}}