{"id":6750,"date":"2022-06-27T12:41:32","date_gmt":"2022-06-27T10:41:32","guid":{"rendered":"https:\/\/nandi.info\/?p=6750"},"modified":"2022-06-27T12:41:32","modified_gmt":"2022-06-27T10:41:32","slug":"championnat-scolaire-africain-du-mali-la-1ere-edition-lancee","status":"publish","type":"post","link":"https:\/\/nandi.info\/?p=6750","title":{"rendered":"Championnat Scolaire Africain du Mali: La 1\u00e8re \u00e9dition lanc\u00e9e"},"content":{"rendered":"\n<p><strong>Le jeudi 23 juin, le stade Mamadou Konat\u00e9 a servi de cadre au lancement du premier championnat scolaire africain du Mali. L\u2019\u00e9v\u00e9nement pr\u00e9sid\u00e9 par le repr\u00e9sentant de la ministre de l\u2019Education nationale, Mamadou Ke\u00efta, Directeur des examens et concours, la 1\u00e8re \u00e9dition de ce championnat scolaire africain regroupera du 02 au 17 juillet 2022 les \u00e9l\u00e8ves de 13 \u00e0 15 ans\u00a0 de 16 \u00e9coles des acad\u00e9mies de Bamako et Kati.\u00a0<\/strong><\/p>\n\n\n\n<p class=\"has-drop-cap\">Au pr\u00e9sidium de ce lancement du premier championnat scolaire africain du Mali, on pouvait noter la pr\u00e9sence entre autres du repr\u00e9sentant de la ministre de l\u2019\u00e9ducation nationale, Mamadou Ke\u00efta, Directeur des examens et concours, du ministre de la Jeunesse et des Sports charg\u00e9 de l\u2019Instruction civique et de la Construction citoyenne, Mossa AG Attaher, du pr\u00e9sident de la F\u00e9d\u00e9ration malienne de football, Mamoutou Tour\u00e9 Bavieux, de nombreux cadres du foot malien et \u00e9l\u00e8ves venus des acad\u00e9mies de Bamako et de Kati.\u00a0<\/p>\n\n\n\n<p>Le Mali \u00e0 l\u2019instar d\u2019autres pays d\u2019Afrique membres de la conf\u00e9d\u00e9ration africaine de football (CAF), a lanc\u00e9 la 1<sup>\u00e8re<\/sup>&nbsp;\u00e9dition du championnat scolaire africain le jeudi 23 juin dernier au stade Mamadou Konat\u00e9. L\u2019\u00e9ducation et la protection des enfants par le football, tel est le slogan de ce premier championnat scolaire africain. Au niveau de la f\u00e9d\u00e9ration malienne de football le ma\u00eetre mot est&nbsp;: \u2018\u2019Ensemble pour le d\u00e9veloppement du football dans les milieux scolaires du Mali\u2019\u2019.&nbsp;<\/p>\n\n\n\n<p>D\u00e9but\u00e9 par l\u2019ex\u00e9cution de l\u2019hymne national par la fanfare, suivie du d\u00e9fil\u00e9 des \u00e9quipes participantes, le premier championnat scolaire africain du Mali regroupera du 02 au 17 juillet 16 \u00e9coles des acad\u00e9mies de Bamako, Kati et Kalaban Coro. Ces \u00e9tablissements sont\u00a0: l\u2019\u00e9cole Marie Mamadou Sidib\u00e9 en gar\u00e7on, le complexe scolaire les Talents Sportifs (Gar\u00e7ons et Filles), l\u2019\u00e9cole Sogoniko (Filles), l\u2019\u00e9cole de Noumorila Kati (Filles et Gar\u00e7ons), l\u2019\u00e9cole Jean Pierre Konat\u00e9 (Gar\u00e7ons), l\u2019\u00e9cole Sanafara Kati (Filles), l\u2019\u00e9cole Espa\u00f1a (Filles), l\u2019\u00e9cole Capitaine Mamady Sylla (Filles), l\u2019\u00e9cole Mamadou Konat\u00e9 (Gar\u00e7ons), l\u2019\u00e9cole Racine (Gar\u00e7ons), Lyc\u00e9e Ben Oumar Sy (Filles et Gar\u00e7ons), Complexe Scolaire Samba et Ramata de Ti\u00e9bani (Filles et Gar\u00e7ons).<\/p>\n\n\n\n<p>A la c\u00e9r\u00e9monie de lancement, le pr\u00e9sident de la f\u00e9d\u00e9ration malienne de football, Mamoutou Tour\u00e9 Bavieux dira que lors de la campagne pour l\u2019\u00e9lection au niveau de la CAF, le pr\u00e9sident Motsepe a promis quand il sera aux affaires&nbsp; de faire la promotion du football au niveau scolaire un challenge extr\u00eamement important. A cet effet, sa fondation a mis un montant de 10 millions de dollars pour que rapidement les 54 associations membres puissent d\u00e9velopper le football au niveau scolaire. Selon lui, moins d\u2019une dizaine de pays ont entam\u00e9 cette phase, dont le Mali. Il s\u2019agira, selon le pr\u00e9sident Tour\u00e9 de cr\u00e9er l\u2019engouement et l\u2019\u00e9mulation entre les scolaires et faire en sorte de d\u00e9velopper la pratique du football chez les jeunes \u00e0 bas \u00e2ge pour un avenir radieux pour ce beau pays.<\/p>\n\n\n\n<p>Quant au repr\u00e9sentant de la ministre de l\u2019Education nationale, il a f\u00e9licit\u00e9 le ministre de la Jeunesse et des Sports et le pr\u00e9sident de la FEMAFOOT, au nom de sa ministre de tutelle pour cette belle initiative. Avant de leur rassurer sur l\u2019accompagnement de son d\u00e9partement dans le suivi de ce processus jusqu\u2019\u00e0 son terme. Pour lui, de tel tournoi peut servir de creuset d\u2019o\u00f9 sortiront des talents pour le pays.\u00a0<\/p>\n\n\n\n<p>Pour sa part, le ministre de la Jeunesse et des Sports, Mossa AG Attaher dira que ce championnat cadre bien avec la Politique nationale du d\u00e9veloppement du sport dont l\u2019objectif fondamental est de contribuer \u00e0 travers des activit\u00e9s physiques et sportives au d\u00e9veloppement socio\u00e9conomique du Mali. \u00ab&nbsp;C\u2019est dire que l\u2019engagement que le Pr\u00e9sident de la CAF, Dr Patrice MOTSEPE a pris apr\u00e8s son \u00e9lection afin de promouvoir et d\u00e9velopper le Football en Afrique est en harmonie avec la vision des plus hautes autorit\u00e9s du pays, celle de faire de la jeunesse, le moteur de la transformation soci\u00e9tale du pays&nbsp;\u00bb a-t-il signifi\u00e9.&nbsp; Pour la simple raison que ce tournoi sera l&rsquo;occasion pour les scolaires de se retrouver autour des valeurs \u00e9ducatives, de tol\u00e9rance, de paix, de vivre ensemble et d&rsquo;inclusion, \u00e0 travers le football, qui est un puissant vecteur de coh\u00e9sion sociale.<\/p>\n\n\n\n<p>Par la suite, il donn\u00e9 l\u2019assurance que son minist\u00e8re des sports agira en parfaite harmonie avec le minist\u00e8re de l\u2019Education nationale pour sortir le sport scolaire d\u2019une certaine l\u00e9thargie en donnant un sens \u00e0 la F\u00e9d\u00e9ration Malienne du Sport Scolaire et Universitaire (FEMASU), qui existe depuis quelques ann\u00e9es mais qui peine \u00e0 trouver sa voie alors quelle doit \u00eatre le creuset de toutes les autres f\u00e9d\u00e9rations sportives nationales. Avant de conclure son allocution, le ministre Ag Attaher a lanc\u00e9 un appel \u00e0 tous les acteurs du sport, les professeurs des \u00e9coles, les professeurs d&rsquo;EPS pour la formation de ces futurs citoyens que sont ces scolaires.<\/p>\n\n\n\n<p><strong> Safiatou Coulibaly<\/strong><\/p>\n\n\n\n<p><\/p>\n","protected":false},"excerpt":{"rendered":"<p>Le jeudi 23 juin, le stade Mamadou Konat\u00e9 a servi de cadre au lancement du premier championnat scolaire africain du Mali. L\u2019\u00e9v\u00e9nement pr\u00e9sid\u00e9 par le repr\u00e9sentant de la ministre de&hellip;<\/p>\n","protected":false},"author":1,"featured_media":0,"comment_status":"open","ping_status":"closed","sticky":false,"template":"","format":"standard","meta":{"content-type":"","_lmt_disableupdate":"","_lmt_disable":"","_jetpack_memberships_contains_paid_content":false,"footnotes":"","jetpack_publicize_message":"","jetpack_publicize_feature_enabled":true,"jetpack_social_post_already_shared":true,"jetpack_social_options":{"image_generator_settings":{"template":"highway","default_image_id":0,"font":"","enabled":false},"version":2}},"categories":[67,6],"tags":[],"class_list":["post-6750","post","type-post","status-publish","format-standard","hentry","category-le-sursaut","category-sports"],"jetpack_publicize_connections":[],"featured_image_urls":{"full":"","thumbnail":"","medium":"","medium_large":"","large":"","1536x1536":"","2048x2048":"","penci-recipe-1200x1200":"","penci-recipe-1200x900":"","penci-recipe-1200x675":"","penci-single-full":"","penci-slider-full-thumb":"","penci-full-thumb":"","penci-slider-thumb":"","penci-magazine-slider":"","penci-thumb":"","penci-masonry-thumb":"","penci-thumb-square":"","penci-thumb-vertical":"","penci-thumb-small":""},"author_info":{"display_name":"Nandi","author_link":"https:\/\/nandi.info\/?author=1"},"category_info":"<a href=\"https:\/\/nandi.info\/?cat=67\" rel=\"category\">Le Sursaut<\/a> <a href=\"https:\/\/nandi.info\/?cat=6\" rel=\"category\">Sports<\/a>","tag_info":"Sports","comment_count":"0","jetpack_featured_media_url":"","jetpack_sharing_enabled":true,"_links":{"self":[{"href":"https:\/\/nandi.info\/index.php?rest_route=\/wp\/v2\/posts\/6750","targetHints":{"allow":["GET"]}}],"collection":[{"href":"https:\/\/nandi.info\/index.php?rest_route=\/wp\/v2\/posts"}],"about":[{"href":"https:\/\/nandi.info\/index.php?rest_route=\/wp\/v2\/types\/post"}],"author":[{"embeddable":true,"href":"https:\/\/nandi.info\/index.php?rest_route=\/wp\/v2\/users\/1"}],"replies":[{"embeddable":true,"href":"https:\/\/nandi.info\/index.php?rest_route=%2Fwp%2Fv2%2Fcomments&post=6750"}],"version-history":[{"count":0,"href":"https:\/\/nandi.info\/index.php?rest_route=\/wp\/v2\/posts\/6750\/revisions"}],"wp:attachment":[{"href":"https:\/\/nandi.info\/index.php?rest_route=%2Fwp%2Fv2%2Fmedia&parent=6750"}],"wp:term":[{"taxonomy":"category","embeddable":true,"href":"https:\/\/nandi.info\/index.php?rest_route=%2Fwp%2Fv2%2Fcategories&post=6750"},{"taxonomy":"post_tag","embeddable":true,"href":"https:\/\/nandi.info\/index.php?rest_route=%2Fwp%2Fv2%2Ftags&post=6750"}],"curies":[{"name":"wp","href":"https:\/\/api.w.org\/{rel}","templated":true}]}}