{"id":6698,"date":"2022-06-24T15:44:35","date_gmt":"2022-06-24T13:44:35","guid":{"rendered":"https:\/\/nandi.info\/?p=6698"},"modified":"2022-06-24T15:44:35","modified_gmt":"2022-06-24T13:44:35","slug":"protection-des-biens-culturels-des-propositions-damendements-soumises-au-cnt-par-le-cicr-sur-le-projet-de-loi-fixant-le-regime-de-la-protection-du-patrimoine-culturel","status":"publish","type":"post","link":"https:\/\/nandi.info\/?p=6698","title":{"rendered":"Protection des biens culturels : Des propositions d\u2019amendements soumises au CNT par le CICR sur le projet de loi fixant le r\u00e9gime de la protection du patrimoine culturel"},"content":{"rendered":"\n<p><strong>Le Centre international de conf\u00e9rences de Bamako (CICB) a abrit\u00e9, le samedi 18 juin 2022, une journ\u00e9e d\u2019information et de renforcement des capacit\u00e9s des membres de la commission de l\u2019\u00e9ducation, de la culture, des technologies de l\u2019information et de la communication, de l\u2019artisanat et du tourisme. Initi\u00e9e par le CICR, cette activit\u00e9 entre dans le cadre de l\u2019\u00e9tude du projet de loi fixant le r\u00e9gime de la protection et de la promotion du patrimoine. Cette journ\u00e9e se tient dans un contexte marqu\u00e9 par une s\u00e9rieuse menace qui p\u00e8se sur le patrimoine culturel malien dans un pays confront\u00e9 \u00e0 des attaques terroristes. Les travaux de cette journ\u00e9e ont eu lieu en pr\u00e9sence du Chef de la d\u00e9l\u00e9gation du CICR au Mali, Antoine Grand, et des membres de la commission de la culture du Conseil national de transition (CNT), dont son pr\u00e9sident Magma Gabriel Konat\u00e9.<\/strong><\/p>\n\n\n\n<p class=\"has-drop-cap\">Dans ses mots de bienvenue, le pr\u00e9sident de la commission de l\u2019\u00e9ducation, de la culture, des technologies de l\u2019information et de la communication, de l\u2019artisanat et du tourisme, Magma Gabriel Konat\u00e9, a remerci\u00e9 le CICR pour l\u2019organisation de cette journ\u00e9e hautement significative pour la culture malienne. L\u2019activit\u00e9 du jour, selon lui, permettra d\u2019informer et de renforcer la capacit\u00e9 des membres de la commission qu\u2019il dirige par rapport \u00e0 l\u2019\u00e9tude du projet de loi fixant le r\u00e9gime de la protection et de la promotion du patrimoine national. Il a approuv\u00e9 l\u2019utilit\u00e9 de cet accompagnement du CICR qui est un signal fort pour la protection du patrimoine culturel du Mali ayant fait la fiert\u00e9 de notre pays sur l\u2019\u00e9chiquier mondial depuis les temps imm\u00e9moriaux. \u00ab Le Mali est un pays de culture connu de tous, mais qui traverse aujourd\u2019hui des moments difficiles dus aux attaques terroristes. Je reste persuad\u00e9 qu\u2019avec les \u00e9clairages de tous et surtout de nos experts du CICR, nous serions en mesure d\u2019envisager des actions pour prot\u00e9ger nos biens culturels en cette p\u00e9riode de conflit \u00bb, a d\u00e9clar\u00e9, Magma Gabriel Konat\u00e9.<\/p>\n\n\n\n<p>En initiant cette journ\u00e9e, le CICR entend apporter son appui pour l\u2019int\u00e9gration des r\u00e8gles du droit international humanitaire (DIH) prot\u00e9geant le patrimoine culturel en p\u00e9riode de conflit arm\u00e9. Selon le Chef de la d\u00e9l\u00e9gation du CICR au Mali, la protection juridique des biens culturels est un \u00e9l\u00e9ment important du DIH, qui est le droit applicable dans les situations de conflit arm\u00e9. \u00ab Les r\u00e8gles prot\u00e9geant les biens culturels sont fermement \u00e9tablies dans le droit conventionnel et le droit coutumier, notamment la Convention de La Haye de 1954 pour la protection des biens culturels en cas de conflit arm\u00e9 et ses deux protocoles, ainsi que dans les protocoles additionnels de 1977 aux conventions de Gen\u00e8ve de 1949 ; trait\u00e9s et conventions auxquels le Mali est partie \u00bb, a pr\u00e9cis\u00e9 Antoine Grand.<\/p>\n\n\n\n<p>Le Chef de la d\u00e9l\u00e9gation du CICR au Mali a rappel\u00e9 qu\u2019en 2012, deux des biens culturels, Tombouctou et les Tombeaux des Askia \u00e0 Gao, avaient \u00e9t\u00e9 touch\u00e9s. \u00ab A Tombouctou, plus particuli\u00e8rement, 14 des 16 mausol\u00e9es qui composent le site du patrimoine mondial ont \u00e9t\u00e9 d\u00e9truits. Cette destruction massive n\u2019avait pas seulement affect\u00e9 la valeur universelle exceptionnelle de Tombouctou, mais avait \u00e9galement traumatis\u00e9 les communaut\u00e9s du fait qu\u2019un important rep\u00e8re de leur vie sociale et culturelle avait disparu. Les attaques contre le patrimoine culturel enfreignent le respect de la dignit\u00e9 humaine car respecter la dignit\u00e9 des personnes, c\u2019est aussi respecter leur culture \u00bb, a indiqu\u00e9 le Chef de la d\u00e9l\u00e9gation du CICR au Mali.<\/p>\n\n\n\n<p>Jugeant tr\u00e8s utile le r\u00f4le des membres du CNT dans la mise en \u0153uvre du DIH au sein du cadre du syst\u00e8me juridique national, Antoine Grand les a invit\u00e9s \u00e0 prendre en compte les propositions d\u2019amendements soumis par le CICR pour la protection des biens culturels.<\/p>\n\n\n\n<p><strong>Sidiki Demb\u00e9l\u00e9<\/strong><\/p>\n","protected":false},"excerpt":{"rendered":"<p>Le Centre international de conf\u00e9rences de Bamako (CICB) a abrit\u00e9, le samedi 18 juin 2022, une journ\u00e9e d\u2019information et de renforcement des capacit\u00e9s des membres de la commission de l\u2019\u00e9ducation,&hellip;<\/p>\n","protected":false},"author":1,"featured_media":0,"comment_status":"open","ping_status":"closed","sticky":false,"template":"","format":"standard","meta":{"content-type":"","_lmt_disableupdate":"","_lmt_disable":"","_jetpack_memberships_contains_paid_content":false,"footnotes":"","jetpack_publicize_message":"","jetpack_publicize_feature_enabled":true,"jetpack_social_post_already_shared":true,"jetpack_social_options":{"image_generator_settings":{"template":"highway","default_image_id":0,"font":"","enabled":false},"version":2}},"categories":[69,32],"tags":[],"class_list":["post-6698","post","type-post","status-publish","format-standard","hentry","category-le-republicain-mali","category-musique-art-et-culture"],"jetpack_publicize_connections":[],"featured_image_urls":{"full":"","thumbnail":"","medium":"","medium_large":"","large":"","1536x1536":"","2048x2048":"","penci-recipe-1200x1200":"","penci-recipe-1200x900":"","penci-recipe-1200x675":"","penci-single-full":"","penci-slider-full-thumb":"","penci-full-thumb":"","penci-slider-thumb":"","penci-magazine-slider":"","penci-thumb":"","penci-masonry-thumb":"","penci-thumb-square":"","penci-thumb-vertical":"","penci-thumb-small":""},"author_info":{"display_name":"Nandi","author_link":"https:\/\/nandi.info\/?author=1"},"category_info":"<a href=\"https:\/\/nandi.info\/?cat=69\" rel=\"category\">Le R\u00e9publicain Mali<\/a> <a href=\"https:\/\/nandi.info\/?cat=32\" rel=\"category\">Musique Art et Culture<\/a>","tag_info":"Musique Art et Culture","comment_count":"0","jetpack_featured_media_url":"","jetpack_sharing_enabled":true,"_links":{"self":[{"href":"https:\/\/nandi.info\/index.php?rest_route=\/wp\/v2\/posts\/6698","targetHints":{"allow":["GET"]}}],"collection":[{"href":"https:\/\/nandi.info\/index.php?rest_route=\/wp\/v2\/posts"}],"about":[{"href":"https:\/\/nandi.info\/index.php?rest_route=\/wp\/v2\/types\/post"}],"author":[{"embeddable":true,"href":"https:\/\/nandi.info\/index.php?rest_route=\/wp\/v2\/users\/1"}],"replies":[{"embeddable":true,"href":"https:\/\/nandi.info\/index.php?rest_route=%2Fwp%2Fv2%2Fcomments&post=6698"}],"version-history":[{"count":0,"href":"https:\/\/nandi.info\/index.php?rest_route=\/wp\/v2\/posts\/6698\/revisions"}],"wp:attachment":[{"href":"https:\/\/nandi.info\/index.php?rest_route=%2Fwp%2Fv2%2Fmedia&parent=6698"}],"wp:term":[{"taxonomy":"category","embeddable":true,"href":"https:\/\/nandi.info\/index.php?rest_route=%2Fwp%2Fv2%2Fcategories&post=6698"},{"taxonomy":"post_tag","embeddable":true,"href":"https:\/\/nandi.info\/index.php?rest_route=%2Fwp%2Fv2%2Ftags&post=6698"}],"curies":[{"name":"wp","href":"https:\/\/api.w.org\/{rel}","templated":true}]}}