{"id":6693,"date":"2022-06-24T14:20:31","date_gmt":"2022-06-24T12:20:31","guid":{"rendered":"https:\/\/nandi.info\/?p=6693"},"modified":"2022-06-24T14:20:31","modified_gmt":"2022-06-24T12:20:31","slug":"vive-indignation-au-mali-apres-lattaque-a-bankass-faisant-132-morts-la-classe-politique-invite-les-autorites-a-redoubler-defforts-pour-la-protection-des-citoyens-sur-l","status":"publish","type":"post","link":"https:\/\/nandi.info\/?p=6693","title":{"rendered":"Vive indignation au Mali apr\u00e8s l\u2019attaque \u00e0 Bankass faisant 132 morts : La classe politique invite les autorit\u00e9s \u00e0 \u00ab redoubler d\u2019efforts pour la protection des citoyens sur l\u2019ensemble du territoire national \u00bb"},"content":{"rendered":"\n<p><strong>Les populations de Diallassagou, Dianweli, Deguessagou et environs dans le Cerce de Bankass, ont fait l\u2019objet d\u2019attaques terroristes l\u00e2ches et barbares, dans la nuit du 18 au 19 juin 2022. Selon le gouvernement malien, le bilan cumul\u00e9 fait \u00e9tat de 132 civils froidement tu\u00e9s par les combattants de la Katiba du Macina de Amadou Kouffa. Ces attaques ont provoqu\u00e9 une vive \u00e9motion et indignation au Mali et la r\u00e9action de la classe politique ne s\u2019est pas fait attendre. Les partis politiques comme l\u2019URD, le PARENA, le YELEMA (Changement), le MPR, le PACP, ont vigoureusement condamn\u00e9 ces attaques terroristes. Certains de ces partis politiques ont invit\u00e9 les autorit\u00e9s \u00e0 \u00ab redoubler d\u2019efforts pour la protection des citoyens sur l\u2019ensemble du territoire national \u00bb.<\/strong><\/p>\n\n\n\n<p class=\"has-drop-cap\">Dans un communiqu\u00e9 rendu public, le 20 juin 2022, le Parti YELEMA \u00ab Le Changement \u00bb de l\u2019ancien premier ministre, Moussa Mara, dit avoir appris avec tristesse et consternation le massacre des paisibles citoyens, le samedi 18 juin 2022 dans les localit\u00e9s de DIALLASSAGOU et de SEGUE, cercle de Bankass, r\u00e9gion de Bandiagara. Le Parti YELEMA \u00ab Le Changement \u00bb condamne avec vigueur cet acte barbare digne d\u2019une autre \u00e9poque et s\u2019insurge contre le terrorisme. Le Parti YELEMA \u00ab Le Changement \u00bb pr\u00e9sente ses sinc\u00e8res condol\u00e9ances aux familles endeuill\u00e9es et souhaite un prompt r\u00e9tablissement \u00e0 tous les bless\u00e9s. Il exprime \u00e9galement sa compassion \u00e0 ceux qui ont subi des d\u00e9g\u00e2ts mat\u00e9riels importants par suite de ces attaques terroristes. \u00ab Le parti YELEMA (Le Changement) encourage les autorit\u00e9s \u00e0 redoubler d\u2019efforts pour la protection des citoyens sur l\u2019ensemble du territoire national \u00e0 travers une pr\u00e9sence effective et permanente dans les zones \u00e0 risque. Enfin, le Parti YELEMA invite l\u2019ensemble de la population, \u00e0 une collaboration plus accrue avec les FAMAs (Forces arm\u00e9es maliennes), seule gage pour relever les d\u00e9fis de la lutte contre le terrorisme et l\u2019extr\u00e9misme sur toutes ses formes \u00bb, r\u00e9v\u00e8le le communiqu\u00e9 du parti YELEMA, sous la plume de Dr. Youssouf DIAWARA.<\/p>\n\n\n\n<p>Le Parti pour la renaissance nationale (PARENA), pr\u00e9sid\u00e9 par l\u2019ancien ministre, Ti\u00e9bil\u00e9 Dram\u00e9, a aussi exprim\u00e9 ses pr\u00e9occupations face \u00e0 la recrudescence des attaques cibl\u00e9es des groupes arm\u00e9s terroristes contre les populations civiles dans plusieurs localit\u00e9s du Nord-Est, du Nord et du Centre du pays. Il s\u2019incline devant la m\u00e9moire des centaines de civils innocents assassin\u00e9s de sang froid, \u00e0 Anderamboukane, Tamalat \/ Inchinane (M\u00e9naka) \u00e0 Diallassagou, Dianweli, Degu\u00e9ssagou (Bankass), et Anchawadj (Gao). Il exprime ses condol\u00e9ances aux familles et aux communaut\u00e9s endeuill\u00e9es et souhaite prompt r\u00e9tablissement aux bless\u00e9s. Le Parena r\u00e9affirme son respect devant le sacrifice des forces arm\u00e9es et de s\u00e9curit\u00e9 du Mali et les rassure de sa solidarit\u00e9 et de son soutien constants dans le combat contre le terrorisme, pour pr\u00e9server le Mali. \u00ab Devant la multiplication des attaques terroristes, les difficult\u00e9s \u00e9conomiques et financi\u00e8res, le PARENA invite, \u00e0 travers un consensus national f\u00e9cond, toutes les filles et tous les fils du pays \u00e0 l\u2019union sacr\u00e9e autour du Mali pour conjurer les p\u00e9rils qui menacent notre Nation. Une feuille de route consensuelle, la lev\u00e9e des sanctions, le retour au sein de la CEDEAO et dans le concert des Nations, la restauration de la l\u00e9galit\u00e9 constitutionnelle sont des \u00e9tapes prioritaires pour juguler les menaces, pr\u00e9server l\u2019\u00c9tat, l\u2019int\u00e9grit\u00e9 du territoire et l\u2019unit\u00e9 des Maliens \u00bb, pr\u00e9cise le Comit\u00e9 Directeur du parti B\u00e9lier blanc.<\/p>\n\n\n\n<p>L\u2019Union pour la R\u00e9publique et la D\u00e9mocratie (URD) de feu Souma\u00efla Ciss\u00e9 dit avoir appris avec \u00e9motion et consternation que les villages de Diallassagou, Dianweli, Deguessagou dans le cercle de Bankass ont subi des attaques meurtri\u00e8res par des hommes arm\u00e9s, les 18 et 19 juin 2022 faisant plus de 100 morts et de nombreux bless\u00e9s. Selon le parti, plusieurs personnes ont \u00e9t\u00e9 contraintes de se d\u00e9placer. \u00ab En cette douloureuse circonstance, l\u2019URD pr\u00e9sente ses sinc\u00e8res condol\u00e9ances aux familles des disparus et souhaite un prompt r\u00e9tablissement aux bless\u00e9s. L\u2019URD condamne avec la derni\u00e8re \u00e9nergie ces attaques inhumaines et barbares. L\u2019URD souhaite qu\u2019une enqu\u00eate soit conduite \u00e0 terme afin que les auteurs, coauteurs et les \u00e9ventuels complices de ce drame inacceptable soient punis conform\u00e9ment \u00e0 la loi. L\u2019URD invite le Gouvernement \u00e0 apporter une assistance appropri\u00e9e aux populations victimes de ces agressions intol\u00e9rables. Le parti, tout en renouvelant son soutien total aux forces arm\u00e9es et de s\u00e9curit\u00e9 du Mali, les encourage \u00e0 \u00e9tendre efficacement leurs interventions en cette partie du pays et \u00e0 d\u00e9ployer toutes les \u00e9nergies n\u00e9cessaires pour circonscrire ces massacres \u00bb, r\u00e9v\u00e8le le communiqu\u00e9 de l\u2019URD, sous la plume de son vice-pr\u00e9sident, Pr. Salikou Sanogo.<\/p>\n\n\n\n<p>Face \u00e0 ces trag\u00e9dies r\u00e9currentes de trop, le Parti pour l\u2019action civique et patriotique (PACP) de Niankoro Y\u00e9ah Samak\u00e9, condamne avec la derni\u00e8re rigueur, et recommande aux autorit\u00e9s de la Transition \u00ab \u00e0 mettre la d\u00e9fense et la protection des populations au c\u0153ur de toutes leurs actions afin de pr\u00e9venir de telles ignominies \u00bb.<\/p>\n\n\n\n<p>Le Mouvement Patriotique pour le Renouveau (MPR) du Premier ministre Dr. Choguel Kokalla Ma\u00efga dit avoir appris avec consternation, l\u2019attaque barbare et l\u00e2che perp\u00e9tr\u00e9e par les terroristes de la katiba du Macina de Amadou Kouffa sur les populations de Diallassagou, Diaweli, Deguessagou et environs dans le cercle de Bankass dans la nuit du 18 au 19 juin 2022. \u00ab Le Mouvement Patriotique pour le Renouveau (MPR) condamne avec la derni\u00e8re \u00e9nergie cette atrocit\u00e9 digne d\u2019un autre \u00e2ge sur des populations sans d\u00e9fense. Le MPR r\u00e9it\u00e8re son soutien ind\u00e9fectible aux Forces arm\u00e9es et de S\u00e9curit\u00e9 et lance un appel \u00e0 l\u2019unit\u00e9 des c\u0153urs \u00e0 toute la nation malienne. Le MPR encourage les autorit\u00e9s \u00e0 combattre avec d\u00e9termination le terrorisme sous toutes ses formes \u00bb, pr\u00e9cise le communiqu\u00e9 du MPR.<\/p>\n\n\n\n<p>Quant au Conseil National de Transition (CNT), il invite les populations \u00e0 la s\u00e9r\u00e9nit\u00e9 et \u00e0 rester mobilis\u00e9es derri\u00e8re les Autorit\u00e9s et les Forces de D\u00e9fense et de S\u00e9curit\u00e9 qui ne m\u00e9nagent aucun sacrifice dans l\u2019accomplissement de leur noble mission au service de la m\u00e8re patrie. Le Conseil National de Transition, pr\u00e9sid\u00e9 par Malick DIAW, exhorte le Gouvernement \u00e0 tout mettre en \u0153uvre pour identifier tous les auteurs et complices de ces massacres horribles en vue de les traduire devant les juridictions comp\u00e9tentes.<\/p>\n\n\n\n<p><strong>Aguibou Sogodogo<\/strong><\/p>\n\n\n\n<p><strong>Le<\/strong> <strong>R\u00e9publicain &#8211; Mali<\/strong><\/p>\n","protected":false},"excerpt":{"rendered":"<p>Les populations de Diallassagou, Dianweli, Deguessagou et environs dans le Cerce de Bankass, ont fait l\u2019objet d\u2019attaques terroristes l\u00e2ches et barbares, dans la nuit du 18 au 19 juin 2022.&hellip;<\/p>\n","protected":false},"author":1,"featured_media":6043,"comment_status":"open","ping_status":"closed","sticky":false,"template":"","format":"standard","meta":{"content-type":"","_lmt_disableupdate":"","_lmt_disable":"","_jetpack_memberships_contains_paid_content":false,"footnotes":"","jetpack_publicize_message":"","jetpack_publicize_feature_enabled":true,"jetpack_social_post_already_shared":true,"jetpack_social_options":{"image_generator_settings":{"template":"highway","default_image_id":0,"font":"","enabled":false},"version":2}},"categories":[83,69],"tags":[],"class_list":["post-6693","post","type-post","status-publish","format-standard","has-post-thumbnail","hentry","category-echos-de-nos-regions","category-le-republicain-mali"],"jetpack_publicize_connections":[],"featured_image_urls":{"full":"","thumbnail":"","medium":"","medium_large":"","large":"","1536x1536":"","2048x2048":"","penci-recipe-1200x1200":"","penci-recipe-1200x900":"","penci-recipe-1200x675":"","penci-single-full":"","penci-slider-full-thumb":"","penci-full-thumb":"","penci-slider-thumb":"","penci-magazine-slider":"","penci-thumb":"","penci-masonry-thumb":"","penci-thumb-square":"","penci-thumb-vertical":"","penci-thumb-small":""},"author_info":{"display_name":"Nandi","author_link":"https:\/\/nandi.info\/?author=1"},"category_info":"<a href=\"https:\/\/nandi.info\/?cat=83\" rel=\"category\">Echos de nos r\u00e9gions<\/a> <a href=\"https:\/\/nandi.info\/?cat=69\" rel=\"category\">Le R\u00e9publicain Mali<\/a>","tag_info":"Le R\u00e9publicain Mali","comment_count":"0","jetpack_featured_media_url":"","jetpack_sharing_enabled":true,"_links":{"self":[{"href":"https:\/\/nandi.info\/index.php?rest_route=\/wp\/v2\/posts\/6693","targetHints":{"allow":["GET"]}}],"collection":[{"href":"https:\/\/nandi.info\/index.php?rest_route=\/wp\/v2\/posts"}],"about":[{"href":"https:\/\/nandi.info\/index.php?rest_route=\/wp\/v2\/types\/post"}],"author":[{"embeddable":true,"href":"https:\/\/nandi.info\/index.php?rest_route=\/wp\/v2\/users\/1"}],"replies":[{"embeddable":true,"href":"https:\/\/nandi.info\/index.php?rest_route=%2Fwp%2Fv2%2Fcomments&post=6693"}],"version-history":[{"count":0,"href":"https:\/\/nandi.info\/index.php?rest_route=\/wp\/v2\/posts\/6693\/revisions"}],"wp:featuredmedia":[{"embeddable":true,"href":"https:\/\/nandi.info\/index.php?rest_route=\/"}],"wp:attachment":[{"href":"https:\/\/nandi.info\/index.php?rest_route=%2Fwp%2Fv2%2Fmedia&parent=6693"}],"wp:term":[{"taxonomy":"category","embeddable":true,"href":"https:\/\/nandi.info\/index.php?rest_route=%2Fwp%2Fv2%2Fcategories&post=6693"},{"taxonomy":"post_tag","embeddable":true,"href":"https:\/\/nandi.info\/index.php?rest_route=%2Fwp%2Fv2%2Ftags&post=6693"}],"curies":[{"name":"wp","href":"https:\/\/api.w.org\/{rel}","templated":true}]}}