{"id":6688,"date":"2022-06-23T17:21:14","date_gmt":"2022-06-23T15:21:14","guid":{"rendered":"https:\/\/nandi.info\/?p=6688"},"modified":"2022-06-23T17:21:14","modified_gmt":"2022-06-23T15:21:14","slug":"communique-du-conseil-des-ministres-du-mercredi-22-juin-2022","status":"publish","type":"post","link":"https:\/\/nandi.info\/?p=6688","title":{"rendered":"Communiqu\u00e9 du conseil des ministres du mercredi 22 juin 2022"},"content":{"rendered":"\n<p><strong>Le Conseil des Ministres s\u2019est r\u00e9uni en session ordinaire, le mercredi 22 juin 2022, dans sa salle de d\u00e9lib\u00e9rations au Palais de Koulouba sous la pr\u00e9sidence du Colonel Assimi GOITA, Pr\u00e9sident de la Transition, Chef de l\u2019\u00c9tat.<\/strong><\/p>\n\n\n\n<p>Apr\u00e8s examen des points inscrits \u00e0 l\u2019ordre du jour, le Conseil a :<\/p>\n\n\n\n<ul class=\"wp-block-list\"><li>\u2013 &nbsp;adopt\u00e9 des projets de texte ;<\/li><li>\u2013 &nbsp;proc\u00e9d\u00e9 \u00e0 des nominations ;<\/li><li>\u2013 &nbsp;et entendu des communications.<\/li><\/ul>\n\n\n\n<p><strong>AU CHAPITRE DES MESURES LEGISLATIVES ET REGLEMENTAIRES<\/strong><\/p>\n\n\n\n<p>1. Sur le rapport du ministre de la R\u00e9conciliation, de la Paix et de la Coh\u00e9sion nationale, Charg\u00e9 de l\u2019Accord pour la Paix et la R\u00e9conciliation nationale, le Conseil des Ministres a adopt\u00e9 un projet de d\u00e9cret portant approbation du document de Strat\u00e9gie nationale de la R\u00e9conciliation et de la Coh\u00e9sion sociale et son plan d\u2019actions 2022-2026.<\/p>\n\n\n\n<p>Le Gouvernement a pris acte de la Strat\u00e9gie nationale de la R\u00e9conciliation et de la Coh\u00e9sion sociale lors de la session du Conseil des Ministres du 27 mai 2022.<\/p>\n\n\n\n<p>Le document de strat\u00e9gie vise notamment \u00e0 mettre en place un cadre inclusif de concertation et de coordination intersectorielle pour la mise en \u0153uvre des actions du Gouvernement et de ses partenaires afin de renforcer et de promouvoir la r\u00e9conciliation, la paix et la coh\u00e9sion nationale.<\/p>\n\n\n\n<p>Le projet de d\u00e9cret adopt\u00e9 ouvre la voie \u00e0 la mise en \u0153uvre des actions pr\u00e9conis\u00e9es dans le plan d\u2019actions.<\/p>\n\n\n\n<p>2. Sur le rapport du ministre de l\u2019Economie et des Finances, le Conseil des Ministres a adopt\u00e9 un projet de d\u00e9cret portant approbation de la Strat\u00e9gie nationale d\u2019Inclusion financi\u00e8re du Mali et son plan d\u2019actions 2022-2026.<\/p>\n\n\n\n<p>Le Gouvernement a pris acte, lors de la session du Conseil des Ministres du 27 mai 2022, de la Strat\u00e9gie nationale d\u2019Inclusion financi\u00e8re du Mali et son Plan d\u2019actions.<\/p>\n\n\n\n<p>Cette Strat\u00e9gie vise, entre autres, \u00e0 assurer l\u2019acc\u00e8s permanent des populations \u00e0 une gamme diversifi\u00e9e de produits et de services financiers adapt\u00e9s, \u00e0 co\u00fbts abordables et utilis\u00e9s de mani\u00e8re effective, efficace et efficiente.<\/p>\n\n\n\n<p>L\u2019adoption du pr\u00e9sent projet de d\u00e9cret ouvre la voie \u00e0 la mise en \u0153uvre des actions retenues dans le plan d\u2019actions.<\/p>\n\n\n\n<p><strong>AU CHAPITRE DES MESURES INDIVIDUELLES<\/strong><\/p>\n\n\n\n<p>Le Conseil des ministres a proc\u00e9d\u00e9 aux nominations suivantes :<\/p>\n\n\n\n<p>AU TRITRE DE LA PRIMATURE<br>\u2013 Contr\u00f4leur des Services Publics au Contr\u00f4le G\u00e9n\u00e9ral des Services Publics :<\/p>\n\n\n\n<p>Madame Fatoumata SIMBARA, Administrateur civil, Membre du Corps Pr\u00e9fectoral.<\/p>\n\n\n\n<p><strong>AU TITRE DU MINISTERE DE LA DEFENSE ET DES ANCIENS COMBATTANTS<\/strong><\/p>\n\n\n\n<p>\u2013 Inspecteur G\u00e9n\u00e9ral Adjoint des Arm\u00e9es et services :<\/p>\n\n\n\n<p>M\u00e9decin Colonel-major Fatogoma CISSE.<\/p>\n\n\n\n<p><strong>AU TITRE DU MINISTERE DE LA REFONDATION DE L\u2019ETAT, CHARGE DES RELATIONS AVEC LES INSTITUTIONS<\/strong><\/p>\n\n\n\n<p>\u2013 Conseiller Technique :<\/p>\n\n\n\n<p>Docteur Sory Ousmane KOITA, Professeur de l\u2019Enseignement sup\u00e9rieur.<\/p>\n\n\n\n<p><strong>AU TITRE DU MINISTERE DE L\u2019ADMINISTRATION TERRITORIALE ET DE LA DECENTRALISATION<\/strong><\/p>\n\n\n\n<ul class=\"wp-block-list\"><li>\u2013 &nbsp;Sous-pr\u00e9fet de l\u2019Arrondissement de Ambid\u00e9di :Monsieur Bourama Nestor Faya SAMAKE, Administrateur civil, Membre du Corps pr\u00e9fectoral.<\/li><li>\u2013 &nbsp;Sous-pr\u00e9fet de l\u2019Arrondissement de Diamou :Monsieur Makan BOUGOUDOGO, Administrateur civil, Membre du Corps pr\u00e9fectoral.<\/li><li>\u2013 &nbsp;Sous-pr\u00e9fet de l\u2019Arrondissement de Diandioumb\u00e9ra :Monsieur Salif TRAORE, Administrateur civil, Membre du Corps pr\u00e9fectoral.<\/li><li>\u2013 &nbsp;Sous-pr\u00e9fet de l\u2019Arrondissement de Koussan\u00e9 :Monsieur Aly TAMBOURA, Secr\u00e9taire d\u2019Administration.<\/li><li>\u2013 &nbsp;Sous-pr\u00e9fet de l\u2019Arrondissement de Sadiola :Monsieur Madou KONDA, Administrateur civil, Membre du Corps pr\u00e9fectoral.<\/li><li>\u2013 &nbsp;Sous-pr\u00e9fet de l\u2019Arrondissement de Diakon :Monsieur Amadou BO\u00cfTE, Attach\u00e9 d\u2019Administration.<\/li><li>\u2013 &nbsp;Sous-pr\u00e9fet de l\u2019Arrondissement de Diallan :Monsieur Diakalia BENGALY, Secr\u00e9taire d\u2019Administration.<\/li><li>\u2013 &nbsp;Sous-pr\u00e9fet de l\u2019Arrondissement de Goundara :Monsieur Mohamed ELMOCTAR, Attach\u00e9 d\u2019Administration.<\/li><li>\u2013 &nbsp;Sous-pr\u00e9fet de l\u2019Arrondissement de Koundian :Madame Moussokoro DIAKITE, Attach\u00e9 d\u2019Administration.<\/li><li>\u2013 &nbsp;Sous-pr\u00e9fet de l\u2019Arrondissement d\u2019Oualia :Monsieur Youssouf KONATE, Secr\u00e9taire d\u2019Administration.<\/li><li>\u2013 &nbsp;Sous-pr\u00e9fet de l\u2019Arrondissement d\u2019Oussoubidiagna :Monsieur Naman KONE, Secr\u00e9taire d\u2019Administration.<\/li><li>\u2013 &nbsp;Sous-pr\u00e9fet de l\u2019Arrondissement de Bema :Madame Fatou TRAORE, Secr\u00e9taire d\u2019Administration.<\/li><li>\u2013 &nbsp;Sous-pr\u00e9fet de l\u2019Arrondissement de Lakaman\u00e9 :Monsieur Moise DABOU, Secr\u00e9taire d\u2019Administration.<\/li><\/ul>\n\n\n\n<ul class=\"wp-block-list\"><li>\u2013 Sous-pr\u00e9fet de l\u2019Arrondissement de Dialafara :<\/li><\/ul>\n\n\n\n<p>&nbsp;Monsieur Mohamed Lamine CISSE, Secr\u00e9taire d\u2019Administration.<\/p>\n\n\n\n<p>Sous-pr\u00e9fet de l\u2019Arrondissement de Dombia :<\/p>\n\n\n\n<p>Monsieur Siaka COULIBALY, Secr\u00e9taire d\u2019Administration.<\/p>\n\n\n\n<p>Sous-pr\u00e9fet de l\u2019Arrondissement de Fal\u00e9a :<\/p>\n\n\n\n<p>Monsieur Seydou COULIBALY, Administrateur civil, Membre du Corps pr\u00e9fectoral.<\/p>\n\n\n\n<p>Sous-pr\u00e9fet de l\u2019Arrondissement de Faraba :<\/p>\n\n\n\n<p>Monsieur Missaque COULIBALY, Secr\u00e9taire d\u2019Administration.<\/p>\n\n\n\n<p>Sous-pr\u00e9fet de l\u2019Arrondissement de Kassama :<\/p>\n\n\n\n<p>Monsieur Bourama DOUMBIA, Secr\u00e9taire d\u2019Administration,<\/p>\n\n\n\n<p>Sous-pr\u00e9fet de l\u2019Arrondissement de Kokofata :<\/p>\n\n\n\n<p>Monsieur Amadou Abdoulaye TOURE, Attach\u00e9 d\u2019Administration.<\/p>\n\n\n\n<p>Sous-pr\u00e9fet de l\u2019Arrondissement de Sagabary :<\/p>\n\n\n\n<p>Monsieur Moulaye KONE, Secr\u00e9taire d\u2019Administration classe exceptionnelle.<\/p>\n\n\n\n<p>Sous-pr\u00e9fet de l\u2019Arrondissement de S\u00e9b\u00e9koro :<\/p>\n\n\n\n<p>Madame Rokia DAGNOKO, Administrateur civil, Membre du Corps pr\u00e9fectoral.<\/p>\n\n\n\n<p>Sous-pr\u00e9fet de l\u2019Arrondissement de S\u00e9f\u00e9to :<\/p>\n\n\n\n<p>Monsieur Bakary DIAKITE, Attach\u00e9 d\u2019Administration.<\/p>\n\n\n\n<p>Sous-pr\u00e9fet de l\u2019Arrondissement de Sirakoro :<\/p>\n\n\n\n<p>Monsieur Abdoulaye BAMBA, Attach\u00e9 d\u2019Administration.<\/p>\n\n\n\n<p>Sous-pr\u00e9fet de l\u2019Arrondissement de Toukoto :<\/p>\n\n\n\n<p>Monsieur Dramane DEMBELE, Administrateur civil.<\/p>\n\n\n\n<p>Sous-pr\u00e9fet de l\u2019Arrondissement de Gavinan\u00e9 :<\/p>\n\n\n\n<p>Monsieur Amadou BAYOKO, Attach\u00e9 d\u2019Administration,<\/p>\n\n\n\n<p>Sous-pr\u00e9fet de l\u2019Arrondissement de Gogui :<\/p>\n\n\n\n<p>Monsieur Chekou AG ALKALIFA, Administrateur civil, Membre du Corps pr\u00e9fectoral.<\/p>\n\n\n\n<p>Sous-pr\u00e9fet de l\u2019Arrondissement de Korerakor\u00e9 :<\/p>\n\n\n\n<p>Monsieur Seydou B. TRAORE, Secr\u00e9taire d\u2019Administration.<\/p>\n\n\n\n<p>Sous-pr\u00e9fet de l\u2019Arrondissement de Sandar\u00e9 :<\/p>\n\n\n\n<p>Monsieur Abdoul Karim DIALLO, Secr\u00e9taire d\u2019Administration.<\/p>\n\n\n\n<p>Sous-pr\u00e9fet de l\u2019Arrondissement de Troungoumb\u00e9 :<\/p>\n\n\n\n<p>Monsieur Oumar TRAORE, Attach\u00e9 d\u2019Administration.<\/p>\n\n\n\n<p>Sous-pr\u00e9fet de l\u2019Arrondissement de Kiran\u00e9 :<\/p>\n\n\n\n<p>Monsieur Daouda SIDIBE, Administrateur civil, Membre du Corps pr\u00e9fectoral.<\/p>\n\n\n\n<p>Sous-pr\u00e9fet de l\u2019Arrondissement de Tambacara :<\/p>\n\n\n\n<p>Monsieur Oumar Almansour MAIGA, Attach\u00e9 d\u2019Administration.<\/p>\n\n\n\n<p>Sous-pr\u00e9fet de l\u2019Arrondissement de Koula :<\/p>\n\n\n\n<p>Monsieur Modibo DIAKITE, Attach\u00e9 d\u2019Administration, classe exceptionnelle.<\/p>\n\n\n\n<p>Sous-pr\u00e9fet de l\u2019Arrondissement de Sirakorola :<\/p>\n\n\n\n<p>Madame Dj\u00e9n\u00e9ba Tahirou CISSE, Secr\u00e9taire d\u2019Administration.<\/p>\n\n\n\n<p>Sous-pr\u00e9fet de l\u2019Arrondissement de Tienfala :<\/p>\n\n\n\n<p>Monsieur Abdoulaye DICKO, Attach\u00e9 d\u2019Administration.<\/p>\n\n\n\n<p>Sous-pr\u00e9fet de l\u2019Arrondissement de Tougouni :<\/p>\n\n\n\n<p>Monsieur Minamba KONATE, Attach\u00e9 d\u2019Administration.<\/p>\n\n\n\n<p>Sous-pr\u00e9fet de l\u2019Arrondissement de Boron :<\/p>\n\n\n\n<p>Monsieur M\u00e9dian KONE, Administrateur civil, Membre du Corps pr\u00e9fectoral.<\/p>\n\n\n\n<p>Sous-pr\u00e9fet de l\u2019Arrondissement de Madina Sacko :<\/p>\n\n\n\n<p>Madame Youma KONATE, Secr\u00e9taire d\u2019Administration.<\/p>\n\n\n\n<p>Sous-pr\u00e9fetdel\u2019Arrondissement deS\u00e9b\u00e9t\u00e9:<\/p>\n\n\n\n<p>Monsieur Boubacar SANOGO, Administrateur civil, Membre du Corps pr\u00e9fectoral.<\/p>\n\n\n\n<p>Sous-pr\u00e9fet de l\u2019Arrondissement de Touba :<\/p>\n\n\n\n<p>Monsieur Issa ALASSANE, Secr\u00e9taire d\u2019Administration.<\/p>\n\n\n\n<p>Sous-pr\u00e9fet de l\u2019Arrondissement de Toukoroba :<\/p>\n\n\n\n<p>Monsieur Bakary KEITA, Administrateur civil, Membre du Corps pr\u00e9fectoral.<\/p>\n\n\n\n<p>Sous-pr\u00e9fet de l\u2019Arrondissement de Banco :<\/p>\n\n\n\n<p>Monsieur Almamy CISSE, Secr\u00e9taire d\u2019Administration.<\/p>\n\n\n\n<p>Sous-pr\u00e9fet de l\u2019Arrondissement de B\u00e9l\u00e9ko :<\/p>\n\n\n\n<p>Monsieur Cheickna Moulaye BABA, Administrateur civil, Membre du Corps pr\u00e9fectoral.<\/p>\n\n\n\n<p>Sous-pr\u00e9fet de l\u2019Arrondissement de Fana :<\/p>\n\n\n\n<p>Monsieur Dahirou TAPILY, Administrateur civil, Membre du Corps pr\u00e9fectoral.<\/p>\n\n\n\n<p>Sous-pr\u00e9fet de l\u2019Arrondissement de Massigui :<\/p>\n\n\n\n<p>Monsieur Boureima TEMBELY, Administrateur civil, Membre du Corps pr\u00e9fectoral.<\/p>\n\n\n\n<p>Sous-pr\u00e9fet de l\u2019Arrondissement de Mena :<\/p>\n\n\n\n<p>Monsieur Chaka SANGARE, Attach\u00e9 d\u2019Administration.<\/p>\n\n\n\n<p>Sous-pr\u00e9fet de l\u2019Arrondissement de Baguin\u00e9da :<\/p>\n\n\n\n<p>Monsieur Abdourhamane MAHAMANE, Administrateur civil.<\/p>\n\n\n\n<p>Sous-pr\u00e9fet de l\u2019Arrondissement de Kalaban Coro :<\/p>\n\n\n\n<p>Monsieur Sakouba Mady DEMBELE, Secr\u00e9taire d\u2019Administration.<\/p>\n\n\n\n<p>Sous-pr\u00e9fet de l\u2019Arrondissement de Kourouba :<\/p>\n\n\n\n<p>Madame Aoua Modibo BERTHE, Attach\u00e9 d\u2019Administration.<\/p>\n\n\n\n<p>Sous-pr\u00e9fet de l\u2019Arrondissement de Ou\u00e9less\u00e9bougou :<\/p>\n\n\n\n<p>Monsieur Emile Emmanuel DIARRA, Administrateur civil, Membre du Corps pr\u00e9fectoral.<\/p>\n\n\n\n<p>Sous-pr\u00e9fet de l\u2019Arrondissement de Sanankoroba :<\/p>\n\n\n\n<p>Monsieur Hamidou WA\u00cfGALO, Administrateur civil, Membre du Corps pr\u00e9fectoral.<\/p>\n\n\n\n<p>Sous-pr\u00e9fet de l\u2019Arrondissement de Siby :<\/p>\n\n\n\n<p>Madame Elisabeth Tewa MOUSSA TEMBEDOUNO, Administrateur civil, Membre du Corps pr\u00e9fectoral.<\/p>\n\n\n\n<p>Sous-pr\u00e9fet de l\u2019Arrondissement de Massantola :<\/p>\n\n\n\n<p>Monsieur Abdramane DEMBELE, Administrateur civil, Membre du Corps pr\u00e9fectoral.<\/p>\n\n\n\n<p>Sous-pr\u00e9fet de l\u2019Arrondissement de Didi\u00e9ni :<\/p>\n\n\n\n<p>Monsieur Youssouf DIARRA, Attach\u00e9 d\u2019Administration.<\/p>\n\n\n\n<p>Sous-pr\u00e9fet de l\u2019Arrondissement de Ball\u00e9 :<\/p>\n\n\n\n<p>Adjudant Sory Ibrahima FADIGA.<\/p>\n\n\n\n<p>Sous-pr\u00e9fet de l\u2019Arrondissement de Fallou :<\/p>\n\n\n\n<p>Lieutenant Zan Mohamed KONATE.<\/p>\n\n\n\n<p>Sous-pr\u00e9fet de l\u2019Arrondissement de Guir\u00e9 :<\/p>\n\n\n\n<p>Adjudant-chef Mamadou BAGAYOKO,<\/p>\n\n\n\n<p>Sous-pr\u00e9fet de l\u2019Arrondissement de Mourdiah :<\/p>\n\n\n\n<p>Capitaine Daouda SOGOBA.<\/p>\n\n\n\n<p>Sous-pr\u00e9fet de l\u2019Arrondissement de Blendio :<\/p>\n\n\n\n<p>Monsieur Oumar TOUNKARA, Administrateur civil, Membre du Corps pr\u00e9fectoral.<\/p>\n\n\n\n<p>Sous-pr\u00e9fet de l\u2019Arrondissement de Finkolo :<\/p>\n\n\n\n<p>Monsieur Ousmane TOGORA, Secr\u00e9taire d\u2019Administration.<\/p>\n\n\n\n<p>Sous-pr\u00e9fet de l\u2019Arrondissement de Kignan :<\/p>\n\n\n\n<p>Monsieur Patrice DAKOUO, Administrateur civil, Membre du Corps pr\u00e9fectoral.<\/p>\n\n\n\n<p>Sous-pr\u00e9fet de l\u2019Arrondissement de Lobougoula :<\/p>\n\n\n\n<p>Madame Ma\u00efmouna KEITA, Administrateur civil, Membre du Corps pr\u00e9fectoral.<\/p>\n\n\n\n<p>Sous-pr\u00e9fet de l\u2019Arrondissement de Ni\u00e9na :<\/p>\n\n\n\n<p>Madame Nathalie SINAYOKO, Administrateur civil.<\/p>\n\n\n\n<p>Sous-pr\u00e9fet de l\u2019Arrondissement de N\u2019Kourala :<\/p>\n\n\n\n<p>Madame Natogoma SAMAKE, Attach\u00e9 administration.<\/p>\n\n\n\n<p>Sous-pr\u00e9fet de l\u2019Arrondissement de Dogo :<\/p>\n\n\n\n<p>Monsieur Balla TRAORE, Secr\u00e9taire d\u2019Administration.<\/p>\n\n\n\n<p>Sous-pr\u00e9fet de l\u2019Arrondissement de Faragouaran :<\/p>\n\n\n\n<p>Monsieur Yaya dit Ogop\u00e9ma DOLO, Administrateur civil, Membre du Corps pr\u00e9fectoral.<\/p>\n\n\n\n<p>Sous-pr\u00e9fet de l\u2019Arrondissement de Garalo :<\/p>\n\n\n\n<p>Monsieur Salif KANE, Secr\u00e9taire d\u2019Administration 3\u00e8me classe.<\/p>\n\n\n\n<p>Sous-pr\u00e9fet de l\u2019Arrondissement de Koumantou :<\/p>\n\n\n\n<p>Monsieur Tian\u00e9gu\u00e9 DIARRA, Administrateur civil, Membre du Corps pr\u00e9fectoral. Sous-pr\u00e9fet de l\u2019Arrondissement de Manankoro :<\/p>\n\n\n\n<p>Monsieur Mohamed AG ALHASSANE, Attach\u00e9 d\u2019Administration.<\/p>\n\n\n\n<p>Sous-pr\u00e9fet de l\u2019Arrondissement de Sanso :<\/p>\n\n\n\n<p>Monsieur Tayourou COULIBALY, Attach\u00e9 d\u2019Administration.<\/p>\n\n\n\n<p>Sous-pr\u00e9fet de l\u2019Arrondissement de Zanti\u00e9bougou :<\/p>\n\n\n\n<p>Monsieur Cheick Baba TOURE, Attach\u00e9 d\u2019Administration.<\/p>\n\n\n\n<p>Sous-pr\u00e9fet de l\u2019Arrondissement de Fourou :<\/p>\n\n\n\n<p>Madame Germaine TOGO, Secr\u00e9taire d\u2019Administration.<\/p>\n\n\n\n<p>Sous-pr\u00e9fet de l\u2019Arrondissement de Loulouni :<\/p>\n\n\n\n<p>Monsieur Henry DEMBELE, Administrateur civil, Membre du Corps pr\u00e9fectoral.<\/p>\n\n\n\n<p>Sous-pr\u00e9fet de l\u2019Arrondissement de Misseni :<\/p>\n\n\n\n<p>Monsieur Moussa TESSOUGUE, Secr\u00e9taire d\u2019Administration.<\/p>\n\n\n\n<p>Sous-pr\u00e9fet de l\u2019Arrondissement de Fakola :<\/p>\n\n\n\n<p>Madame Fatoumata Niankira BOLEZOGOLA, Attach\u00e9 d\u2019Administration.<\/p>\n\n\n\n<p>Sous-pr\u00e9fet de l\u2019Arrondissement de Kadiana :<\/p>\n\n\n\n<p>Monsieur Mohamane A MAIGA, Administrateur civil, Membre du Corps pr\u00e9fectoral.<\/p>\n\n\n\n<p>Sous-pr\u00e9fet de l\u2019Arrondissement de Kebila :<\/p>\n\n\n\n<p>Madame Moussokoura SANOGO, Secr\u00e9taire d\u2019Administration.<\/p>\n\n\n\n<p>Sous-pr\u00e9fet de l\u2019Arrondissement de Kons\u00e9gu\u00e9la :<\/p>\n\n\n\n<p>Monsieur Ba\u00efgu\u00e9n\u00e9 DJIGUIBA, Secr\u00e9taire d\u2019Administration.<\/p>\n\n\n\n<p>Sous-pr\u00e9fet de l\u2019Arrondissement de M\u2019Pessoba :<\/p>\n\n\n\n<p>Monsieur Mahamadou SISSOKO, Administrateur civil, Membre du Corps pr\u00e9fectoral.<\/p>\n\n\n\n<p>Sous-pr\u00e9fet de l\u2019Arrondissement de Zangasso :<\/p>\n\n\n\n<p>Monsieur Bocari KASSE, Administrateur civil, Membre du Corps pr\u00e9fectoral.<\/p>\n\n\n\n<p>Sous-pr\u00e9fet de l\u2019Arrondissement de Filamana :<\/p>\n\n\n\n<p>Monsieur Sitapha Salia SANOGO, Attach\u00e9 d\u2019Administration.<\/p>\n\n\n\n<p>Sous-pr\u00e9fet de l\u2019Arrondissement de Doussoudiana :<\/p>\n\n\n\n<p>Monsieur Salif TRAORE, Administrateur civil, Membre du Corps pr\u00e9fectoral.<\/p>\n\n\n\n<p>Sous-pr\u00e9fet de l\u2019Arrondissement de Yorobougoula :<\/p>\n\n\n\n<p>Monsieur Cheick Ahmed T. DIALLO, Attach\u00e9 d\u2019Administration.<\/p>\n\n\n\n<p>Sous-pr\u00e9fet de l\u2019Arrondissement de Gu\u00e9l\u00e9nikoro :<\/p>\n\n\n\n<p>Madame Sadio OUATTARA, Attach\u00e9 d\u2019Administration.<\/p>\n\n\n\n<p>Sous-pr\u00e9fet de l\u2019Arrondissement de Kalana :<\/p>\n\n\n\n<p>Monsieur Aboubacar TRAORE, Attach\u00e9 d\u2019Administration.<\/p>\n\n\n\n<p>Sous-pr\u00e9fet de l\u2019Arrondissement de Si\u00e9korol\u00e9 :<\/p>\n\n\n\n<p>Monsieur Allaye DO\u2019O, Attach\u00e9 d\u2019Administration.<\/p>\n\n\n\n<p>Sous-pr\u00e9fet de l\u2019Arrondissement de Boura :<\/p>\n\n\n\n<p>Capitaine Dramane TOUNKARA.<\/p>\n\n\n\n<p>Sous-pr\u00e9fet de l\u2019Arrondissement de Koury :<\/p>\n\n\n\n<p>Monsieur Amadou K COULIBALY, Administrateur civil, Membre du Corps pr\u00e9fectoral.<\/p>\n\n\n\n<p>Sous-pr\u00e9fet de l\u2019Arrondissement de Mahou :<\/p>\n\n\n\n<p>Capitaine Salouhou Moussa CISSE.<\/p>\n\n\n\n<p>Sous-pr\u00e9fet de l\u2019Arrondissement de Cinzana :<\/p>\n\n\n\n<p>Madame Fatoumata DIARRA, Attach\u00e9 d\u2019Administration.<\/p>\n\n\n\n<p>Sous-pr\u00e9fet de l\u2019Arrondissement de Dioro :<\/p>\n\n\n\n<p>Monsieur Cheick Oumar COULIBALY, Secr\u00e9taire d\u2019Administration.<\/p>\n\n\n\n<p>Sous-pr\u00e9fet de l\u2019Arrondissement de Doura :<\/p>\n\n\n\n<p>Capitaine Ambroise POUDIOUGOU.<\/p>\n\n\n\n<p>Sous-pr\u00e9fet de l\u2019Arrondissement de Markala :<\/p>\n\n\n\n<p>Madame Haoua Mamba DOUMBIA, Administrateur civil, Membre du Corps pr\u00e9fectoral.<\/p>\n\n\n\n<p>Sous-pr\u00e9fet de l\u2019Arrondissement de Konobougou :<\/p>\n\n\n\n<p>Madame Sayon DIARRA, Administrateur civil, Membre du Corps pr\u00e9fectoral.<\/p>\n\n\n\n<p>Sous-pr\u00e9fet de l\u2019Arrondissement de Sanando :<\/p>\n\n\n\n<p>Monsieur Diakaridia SANOGO, Attach\u00e9 d\u2019Administration.<\/p>\n\n\n\n<p>Sous-pr\u00e9fet de l\u2019Arrondissement de Tamani :<\/p>\n\n\n\n<p>Monsieur Issa SAMAKE, Attach\u00e9 d\u2019Administration.<\/p>\n\n\n\n<p>Sous-pr\u00e9fet de l\u2019Arrondissement de Falo :<\/p>\n\n\n\n<p>Madame Chita Foun\u00e9 COULIBALY, Administrateur civil, Membre du Corps pr\u00e9fectoral.<\/p>\n\n\n\n<p>Sous-pr\u00e9fet de l\u2019Arrondissement de Touna :<\/p>\n\n\n\n<p>Monsieur Samou DEMBELE, Secr\u00e9taire d\u2019Administration.<\/p>\n\n\n\n<p>Sous-pr\u00e9fet de l\u2019Arrondissement de Kolongotomo :<\/p>\n\n\n\n<p>Monsieur Issiaka KANTE, Administrateur des Arts et de la Culture.<\/p>\n\n\n\n<p>Sous-pr\u00e9fet de l\u2019Arrondissement de Sarro :<\/p>\n\n\n\n<p>Capitaine Adama COULIBALY.<\/p>\n\n\n\n<p>Sous-pr\u00e9fet de l\u2019Arrondissement de Saye :<\/p>\n\n\n\n<p>Monsieur Seydou DIALLO, Attach\u00e9 d\u2019Administration.<\/p>\n\n\n\n<p>Sous-pr\u00e9fet de l\u2019Arrondissement de Nampala :<\/p>\n\n\n\n<p>Lieutenant Arouna DEMBELE,<\/p>\n\n\n\n<p>Sous-pr\u00e9fet de l\u2019Arrondissement de Pogo :<\/p>\n\n\n\n<p>Adjudant-chef Mamadou KONE.<\/p>\n\n\n\n<ul class=\"wp-block-list\"><li>\u2013 &nbsp;Sous-pr\u00e9fet de l\u2019Arrondissement de Sokolo :Adjudant-chef Diakaria MAGASSOUBA.<\/li><li>\u2013 &nbsp;Sous-pr\u00e9fet de l\u2019Arrondissement de Di\u00e9li :Monsieur Oudou TRAORE, Secr\u00e9taire d\u2019Administration, classe exceptionnelle.<\/li><li>\u2013 &nbsp;Sous-pr\u00e9fet de l\u2019Arrondissement de Kassorola :Monsieur Mamoutou SANGARE, Secr\u00e9taire d\u2019Administration.<\/li><li>\u2013 &nbsp;Sous-pr\u00e9fet de l\u2019Arrondissement de Sourounouna :Monsieur Amadou KEITA, Secr\u00e9taire d\u2019Administration.<\/li><li>\u2013 &nbsp;Sous-pr\u00e9fet de l\u2019Arrondissement de Sy :Monsieur Mahamadou TRAORE, Secr\u00e9taire d\u2019Administration.<\/li><li>\u2013 &nbsp;Sous-pr\u00e9fet de l\u2019Arrondissement de T\u00e9n\u00e9 :Monsieur Madjou Alkalifa ASCOFARE, Attach\u00e9 d\u2019Administration.<\/li><li>\u2013 &nbsp;Sous-pr\u00e9fet de l\u2019Arrondissement de Fangasso :Monsieur Gabriel Wazoun THERA, Secr\u00e9taire d\u2019Administration.<\/li><li>\u2013 &nbsp;Sous-pr\u00e9fet de l\u2019Arrondissement de Mandiakuy :Monsieur Bourama FOMBA, Secr\u00e9taire d\u2019Administration.<\/li><li>\u2013 &nbsp;Sous-pr\u00e9fet de l\u2019Arrondissement de Timissa :Monsieur Mahamadou HAMIDOU, Administrateur civil, Membre du Corps pr\u00e9fectoral.<\/li><li>\u2013 &nbsp;Sous-pr\u00e9fet de l\u2019Arrondissement de Dialloub\u00e9 :Lieutenant Souleymane KONE.<\/li><li>\u2013 &nbsp;Sous-pr\u00e9fet de l\u2019Arrondissement de Fatoma :Madame Aminata Oumar MAIGA, Administrateur civil.<\/li><li>\u2013 &nbsp;Sous-pr\u00e9fet de l\u2019Arrondissement de Konna :Adjudant-chef Abdramane ABOUBACRINE.<\/li><li>\u2013 &nbsp;Sous-pr\u00e9fet de l\u2019Arrondissement de Dourou :Capitaine Mory SIDIBE.<\/li><li>\u2013 &nbsp;Sous-pr\u00e9fet de l\u2019Arrondissement de Goundaka :Monsieur Fousseni KONE, Secr\u00e9taire d\u2019Administration.<\/li><li>\u2013 &nbsp;Sous-pr\u00e9fet de l\u2019Arrondissement de Kanigogouna :Adjudant-chef Amadou MAIGA.<\/li><\/ul>\n\n\n\n<ul class=\"wp-block-list\"><li>\u2013 &nbsp;Sous-pr\u00e9fet de l\u2019Arrondissement de Kendi\u00e9 :Capitaine Mahamadou DIOP, Protection civile.<\/li><li>\u2013 &nbsp;Sous-pr\u00e9fet de l\u2019Arrondissement de Ningari :Monsieur Oumar DIENTA, Attach\u00e9 d\u2019Administration.<\/li><li>\u2013 &nbsp;Sous-pr\u00e9fet de l\u2019Arrondissement deOuo:Lieutenant Adama SANOGO.<\/li><li>\u2013 &nbsp;Sous-pr\u00e9fet de l\u2019Arrondissement de Sangha :Capitaine Seydou TRAORE,<\/li><li>\u2013 &nbsp;Sous-pr\u00e9fet de l\u2019Arrondissement de Baye :Capitaine Dombo Ould Mohamed NAZIM.<\/li><li>\u2013 &nbsp;Sous-pr\u00e9fet de l\u2019Arrondissement de Diallassagou :Adjudant-chef Mamadou CAMARA.<\/li><li>\u2013 &nbsp;Sous-pr\u00e9fet de l\u2019Arrondissement de Kani-bonzon :Adjudant Adama DIARRA,<\/li><li>\u2013 &nbsp;Sous-pr\u00e9fet de l\u2019Arrondissement de Ouenkoro :Adjudant-chef Mamady DIABATE.<\/li><li>\u2013 &nbsp;Sous-pr\u00e9fet de l\u2019Arrondissement de Sokoura :Adjudant-chef Ibrahima TRAORE.<\/li><li>\u2013 &nbsp;Sous-pr\u00e9fet de l\u2019Arrondissement de Konio :Capitaine K\u00f4k\u00e9 DlARRA.<\/li><li>\u2013 &nbsp;Sous-pr\u00e9fet de l\u2019Arrondissement de Kouakourou :Monsieur Mamadou DIARRA, Secr\u00e9taire d\u2019Administration.<\/li><li>\u2013 &nbsp;Sous-pr\u00e9fet de l\u2019Arrondissement de Sofara :Adjudant Brehima KOUROUMA.<\/li><li>\u2013 &nbsp;Sous-pr\u00e9fet de l\u2019Arrondissement de Taga :Adjudant-chef Mohamed HAMIDOU.<\/li><li>\u2013 &nbsp;Sous-pr\u00e9fet de l\u2019Arrondissement de Bor\u00e9 :Lieutenant Hamidou TOURE.<\/li><\/ul>\n\n\n\n<p>\u2013 Sous-pr\u00e9fet de l\u2019Arrondissement de Diankabou :<\/p>\n\n\n\n<p>Lieutenant Moussa Ag MOHAMEDINE.<\/p>\n\n\n\n<ul class=\"wp-block-list\"><li>\u2013 &nbsp;Sous-pr\u00e9fet de l\u2019Arrondissement de Koporokendi\u00e9-Nah :Capitaine Pierre Sim\u00e9on DEMBELE.<\/li><li>\u2013 &nbsp;Sous-pr\u00e9fet de l\u2019Arrondissement d\u2019Ambiri :Capitaine Mohamed Ould MOHAMED LAMINE KOUNTA.<\/li><li>\u2013 &nbsp;Sous-pr\u00e9fet de l\u2019Arrondissement de Dogo :Sous-lieutenant Amadou KONARE.<\/li><li>\u2013 &nbsp;Sous-pr\u00e9fet de l\u2019Arrondissement de Gathi-Loumo :Adjudant-chef Major Jean Marie SAMAKE,<\/li><li>\u2013 &nbsp;Sous-pr\u00e9fet de l\u2019Arrondissement de Guidio-Sarr\u00e9 :Adjudant-chef Tiekoro SIDlBE.<\/li><li>\u2013 &nbsp;Sous-pr\u00e9fet de l\u2019Arrondissement deSah:Adjudant-chef Br\u00e9ma DlARRA,<\/li><li>\u2013 &nbsp;Sous-pr\u00e9fet de l\u2019Arrondissement de Aglal :Sous-lieutenant Adama TRAORE.<\/li><li>\u2013 &nbsp;Sous-pr\u00e9fet de l\u2019Arrondissement de Sareyamou :Lieutenant Lassine Zoumana CAMARA.<\/li><li>\u2013 &nbsp;Sous-pr\u00e9fet de l\u2019Arrondissement de Dou\u00e9kir\u00e9 :Monsieur Armand MONCOURT, Attach\u00e9 d\u2019Administration.<\/li><li>\u2013 &nbsp;Sous-pr\u00e9fet de l\u2019Arrondissement de Farach :Adjudant Modibo DlARRA.<\/li><li>\u2013 &nbsp;Sous-pr\u00e9fet de l\u2019Arrondissement de Gargando :Lieutenant Issa DIALLO.<\/li><li>\u2013 &nbsp;Sous-pr\u00e9fet de l\u2019Arrondissement de Tilemsi :Adjudant Moussa DIARRA.<\/li><li>\u2013 &nbsp;Sous-pr\u00e9fet de l\u2019Arrondissement de Tonka :Lieutenant Mamby KEITA.<\/li><li>\u2013 &nbsp;Sous-pr\u00e9fet de l\u2019Arrondissement d\u2019Inadiatafane :Lieutenant Salif DIARRA.<\/li><li>\u2013 &nbsp;Sous-pr\u00e9fet de l\u2019Arrondissement de Mandiakoye :Monsieur Enaderf\u00e9 AG AHMEDOU, Administrateur civil.<\/li><\/ul>\n\n\n\n<ul class=\"wp-block-list\"><li>\u2013 &nbsp;Sous-pr\u00e9fet de l\u2019Arrondissement de Banikane :Monsieur Nouhoum KAMISSOKO, Attach\u00e9 d\u2019Administration.<\/li><li>\u2013 &nbsp;Sous-pr\u00e9fet de l\u2019Arrondissement de Diank\u00e9 :Adjudant-chef Djibril Bakary SOUMANO.<\/li><li>\u2013 &nbsp;Sous-pr\u00e9fet de l\u2019Arrondissement de Kouma\u00efra :Adjudant Bougaly Kho COULIBALY.<\/li><li>\u2013 &nbsp;Sous-pr\u00e9fet de l\u2019Arrondissement de L\u00e9r\u00e9 :Capitaine Balmine SANOGO.<\/li><li>\u2013 &nbsp;Sous-pr\u00e9fet de l\u2019Arrondissement de N\u2019Gorkou :Capitaine Youssouf Ag Mohamed MAMA.<\/li><li>\u2013 &nbsp;Sous-pr\u00e9fet de l\u2019Arrondissement de Saraf\u00e9r\u00e9 :Lieutenant Alioune Badra DIAGNE.<\/li><li>\u2013 &nbsp;Sous-pr\u00e9fet de l\u2019Arrondissement de Tin-Aouker :Adjudant-chef Amadou BARRY.<\/li><li>\u2013 &nbsp;Sous-pr\u00e9fet de l\u2019Arrondissement de Soni Aliber :Adjudant-chef Brama BERTHE.<\/li><li>\u2013 &nbsp;Sous-pr\u00e9fet de l\u2019Arrondissement d\u2019Agharous :Adjudant-chef Amadou dit Kola TRAORE, Militaire.<\/li><li>\u2013 &nbsp;Sous-pr\u00e9fet de l\u2019Arrondissement de Bamba :Lieutenant Modibo TRAORE.<\/li><li>\u2013 &nbsp;Sous-pr\u00e9fet de l\u2019Arrondissement de T\u00e9m\u00e9ra :Sous-lieutenant Aboubacar Sidicky COULIBALY.<\/li><li>\u2013 &nbsp;Sous-pr\u00e9fet de l\u2019Arrondissement d\u2019Anefif :Adjudant-chef Major Bilal AG BAYES,<\/li><li>\u2013 &nbsp;Sous-pr\u00e9fet de l\u2019Arrondissement d\u2019Imbulal :Adjudant-chef Souleymane Moctar KAMATE.<\/li><li>\u2013 &nbsp;Sous-pr\u00e9fet de l\u2019Arrondissement de Timetrine (Tinkar) :Adjudant-chef Elmedi MAOULOUD.<\/li><li>\u2013 &nbsp;Sous-pr\u00e9fet de l\u2019Arrondissement d\u2019Anagarous :Adjudant-chef Yaya TOURE.<\/li><\/ul>\n\n\n\n<ul class=\"wp-block-list\"><li>\u2013 &nbsp;Sous-pr\u00e9fet de l\u2019Arrondissement de Gueljayate :Adjudant-chef Alassane SIDIBE.<\/li><li>\u2013 &nbsp;Sous-pr\u00e9fet de l\u2019Arrondissement d\u2019Alhank :Monsieur Ibrahima BORE, Secr\u00e9taire d\u2019Administration.<\/li><li>\u2013 &nbsp;Sous-pr\u00e9fet de l\u2019Arrondissement d\u2019Alougla :Adjudant-chef Major Sadou AYKAGA.<\/li><li>\u2013 &nbsp;Sous-pr\u00e9fet de l\u2019Arrondissement de Teghaza :Adjudant-chef Major Barth\u00e9lemy DIARRA.<\/li><li>\u2013 &nbsp;Sous-pr\u00e9fet de l\u2019Arrondissement de Zouelya :Adjudant-chef Major Issa KONE.<\/li><li>\u2013 &nbsp;Sous-pr\u00e9fet de l\u2019Arrondissement de Bongouyaira :Adjudant-chef Ousmane YATTARA.<\/li><li>\u2013 &nbsp;Sous-pr\u00e9fet de l\u2019Arrondissement d\u2019Algatara :Adjudant-chef Major Zana SANOGOH.<\/li><li>\u2013 &nbsp;Sous-pr\u00e9fet de l\u2019Arrondissement d\u2019Alfacrouna:Adjudant-chef Oumar OULD MOHAMED,<\/li><li>\u2013 &nbsp;Sous-pr\u00e9fet de l\u2019Arrondissement d\u2019Almatala :Adjudant-chef Major Kol\u00e8ba DlCKO.<\/li><li>\u2013 &nbsp;Sous-pr\u00e9fet de l\u2019Arrondissement de Lirako :Adjudant-chef Major Salif Makan DlAKITE.<\/li><li>\u2013 &nbsp;Sous-pr\u00e9fet de l\u2019Arrondissement de Djaba :Adjudant-chef Souleymane Ag HOUSSEINI.<\/li><li>\u2013 &nbsp;Sous-pr\u00e9fet de l\u2019Arrondissement d\u2019Oum-Laadam :Adjudant-chef Major Moussa TOGO.<\/li><li>\u2013 &nbsp;Sous-pr\u00e9fet de l\u2019Arrondissement de Touwal :Adjudant-chef Abdrahamane KANE.<\/li><li>\u2013 &nbsp;Sous-pr\u00e9fet de l\u2019Arrondissement de Ziriba :Adjudant-chef Lassine KEITA.<\/li><li>\u2013 &nbsp;Sous-pr\u00e9fet de l\u2019Arrondissement de Nibkt-Elk :Adjudant-chef Ousmane Moussa MAIGA.<\/li><\/ul>\n\n\n\n<ul class=\"wp-block-list\"><li>\u2013 &nbsp;Sous-pr\u00e9fet de l\u2019Arrondissement d\u2019Achamour :Adjudant-chef Aguissa Ag KANAMNAM.<\/li><li>\u2013 &nbsp;Sous-pr\u00e9fet de l\u2019Arrondissement de M\u2019back-Sama :Lieutenant Oumar HA\u00cfDARA.<\/li><li>\u2013 &nbsp;Sous-pr\u00e9fet de l\u2019Arrondissement de Wade Lahjare :Adjudant-chef Djibril KONE.<\/li><li>\u2013 &nbsp;Sous-pr\u00e9fet de l\u2019Arrondissement d\u2019Agouni :Adjudant-chef Boubacar Lamine TRAORE.<\/li><li>\u2013 &nbsp;Sous-pr\u00e9fet de l\u2019Arrondissement d\u2019Eregkhal :Adjudant-chef Christophe DAKOUO.<\/li><li>\u2013 &nbsp;Sous-pr\u00e9fet de l\u2019Arrondissement de Limgassim :Adjudant Sidi Mohamed DIARRA.<\/li><li>\u2013 &nbsp;Sous-pr\u00e9fet de l\u2019Arrondissement de Tictlifit :Monsieur Daha KEITA, Administrateur civil, Membre du Corps pr\u00e9fectoral.<\/li><li>\u2013 &nbsp;Sous-pr\u00e9fetdel\u2019Arrondissement d\u2019Infourkara\u00ef-tane:Lieutenant Fassiriman KONE.<\/li><li>\u2013 &nbsp;Sous-pr\u00e9fet de l\u2019Arrondissement d\u2019Azawak (In Chinanane) :Adjudant-chef Abdoulaye TRAORE.<\/li><li>\u2013 &nbsp;Sous-pr\u00e9fet de l\u2019Arrondissement de Hamawane (Fanfi) :Adjudant-chef Salim Mamadou TRAORE.<\/li><li>\u2013 &nbsp;Sous-pr\u00e9fet de l\u2019Arrondissement d\u2019Alata (Sahen) :Lieutenant Oumar AG ABDOU.<\/li><li>\u2013 &nbsp;Sous-pr\u00e9fet de l\u2019Arrondissement de Tin-Djeret :Adjudant-chef Issa SlDlBE.<strong>AU TITRE DU MINISTERE DE LA RECONCILIATION, DE LA PAIX ET DE LA COHESION NATIONALE, CHARGE DE L\u2019ACCORD POUR LA PAIX ET LA RECONCILIATION NATIONALE<\/strong><\/li><\/ul>\n\n\n\n<p>\u2013 Chef de Cabinet :<\/p>\n\n\n\n<p>Monsieur Mahamadou DIOUARA, sp\u00e9cialiste en Management.<\/p>\n\n\n\n<p><strong>AU TITRE DU MINISTERE DES AFFAIRES ETRANGERES ET DE LA COOPERATION INTERNATIONALE<\/strong><\/p>\n\n\n\n<ul class=\"wp-block-list\"><li>\u2013 &nbsp;Charg\u00e9 de mission :Monsieur Alfousseiny SIDIBE, Journaliste\/Communicateur.<\/li><li>\u2013 &nbsp;Attach\u00e9 de D\u00e9fense aupr\u00e8s de la Mission Permanente du Mali \u00e0 New-York :Colonel Ibrahim Siratigui DIARRA.<strong>AU TITRE DU MINISTERE DE L\u2019ENSEIGNEMENT SUPERIEUR ET DE LA RECHERCHE SCIENTIFIQUE<\/strong><\/li><li>\u2013 &nbsp;Secr\u00e9taire G\u00e9n\u00e9ral :<\/li><\/ul>\n\n\n\n<p>Monsieur Amadou OUANE, Professeur de l\u2019Enseignement sup\u00e9rieur.<\/p>\n\n\n\n<p>Recteur de l\u2019Universit\u00e9 des Sciences Juridiques et Politiques de Bamako :<\/p>\n\n\n\n<p>Monsieur Bour\u00e9ma KANSAYE, Professeur de l\u2019Enseignement sup\u00e9rieur.<\/p>\n\n\n\n<p><strong>AU TITRE DU MINISTERE DES MINES, DE L\u2019ENERGIE ET DE L\u2019EAU<\/strong><\/p>\n\n\n\n<p>Chef de Cabinet :<\/p>\n\n\n\n<p>Monsieur Lassana TOURE, Juriste.<\/p>\n\n\n\n<ul class=\"wp-block-list\"><li>\u2013 &nbsp;Charg\u00e9 de mission :Monsieur Mahamadou KAMISSOKO, Historien\/ G\u00e9ologue.<\/li><li>\u2013 &nbsp;Inspecteur \u00e0 l\u2019Inspection de l\u2019Energie et de l\u2019Eau :Monsieur Ahmed AG MOHAMED, Ing\u00e9nieur de l\u2019Industrie et des Mines ; Madame DICKO Ma\u00efmouna DEMBELE, Administrateur civil.<strong>AU TITRE DU MINISTERE DE LA JEUNESSE ET DES SPORTS, CHARGE DE L\u2019INSTRUCTION CIVIQUE ET DE LA CONSTRUCTION CITOYENNE<\/strong><\/li><\/ul>\n\n\n\n<p>\u2013 Charg\u00e9 de mission :<\/p>\n\n\n\n<p>Monsieur Daouda KAMATE, Journaliste.<\/p>\n\n\n\n<p><strong>AU TITRE DU MINISTERE DE LA PROMOTION, DE LA FEMME, DE L\u2019ENFANT ET DE LA FAMILLE<\/strong><\/p>\n\n\n\n<ul class=\"wp-block-list\"><li>\u2013 &nbsp;Secr\u00e9taire g\u00e9n\u00e9ral :Monsieur Sayon DOUMBIA, Administrateur de l\u2019Action Sociale.<strong>AU TITRE DU MINISTERE DU DEVELOPPEMENT RURAL<\/strong><\/li><li>\u2013 &nbsp;Conseiller technique :Monsieur Mouhamed B. DIARRA, Inspecteur des Services Economiques.<\/li><\/ul>\n\n\n\n<p><strong>AU CHAPITRE DES COMMUNICATIONS<\/strong><br>1. Sur le rapport du ministre de l\u2019Administration territoriale et de la D\u00e9centralisation :<\/p>\n\n\n\n<ol class=\"wp-block-list\"><li>Le Conseil des Ministres a approuv\u00e9 la nomination de 189 sous-pr\u00e9fets.Cette mesure fait suite \u00e0 la nomination de plus de 200 repr\u00e9sentants de l\u2019Etat constitu\u00e9s notamment, de Directeurs de Cabinet, de Conseillers \u00e0 la s\u00e9curit\u00e9 et \u00e0 la protection civile, de Conseillers aux Affaires administratives et juridiques, de Conseillers aux Affaires \u00e9conomiques et financi\u00e8res, de Pr\u00e9fets, de Premiers Adjoints aux Pr\u00e9fets, de Deuxi\u00e8mes Adjoints aux pr\u00e9fets.Elle s\u2019inscrit dans le cadre du retour de l\u2019Administration et des services sociaux de base, ainsi que de l\u2019am\u00e9lioration des conditions de vie des populations dans les zones affect\u00e9es.Parmi les repr\u00e9sentants nomm\u00e9s figurent un nombre important de personnel issu des Forces de D\u00e9fense et de s\u00e9curit\u00e9 dans le but d\u2019assurer une pr\u00e9sence effective de l\u2019Etat dans un environnement complexe.Le Gouvernement r\u00e9affirme sa d\u00e9termination \u00e0 poursuivre le red\u00e9ploiement de l\u2019Administration sur toute l\u2019\u00e9tendue du territoire national.<\/li><li>Le Conseil des Ministres a pris note des axes et de la m\u00e9thodologie d\u2019\u00e9laboration du chronogramme des r\u00e9formes politiques et institutionnelles ainsi que de celui des \u00e9lections.Cette m\u00e9thodologie, bas\u00e9e sur la recherche de l\u2019inclusivit\u00e9 et du consensus, est conforme \u00e0 la vision de Son Excellence le Colonel Assimi GO\u00cfTA, Pr\u00e9sident de la Transition, Chef de l\u2019Etat.A cet effet, le Ministre de l\u2019Administration territoriale et de la D\u00e9centralisation, en collaboration avec le Ministre de la Refondation de l\u2019Etat, charg\u00e9 des Relations avec les Institutions et le Ministre d\u00e9l\u00e9gu\u00e9 aupr\u00e8s du Premier ministre, charg\u00e9 des R\u00e9formes politiques et institutionnelles, rencontrera les partis politiques et les organisations de la soci\u00e9t\u00e9 civile pour \u00e9changer sur le chronogramme des r\u00e9formes politiques et institutionnelles ainsi celui des \u00e9lections.<\/li><\/ol>\n\n\n\n<p>2. Le ministre de la Sant\u00e9 et du D\u00e9veloppement social a inform\u00e9 le Conseil des Ministres de l\u2019\u00e9volution de la maladie \u00e0 Coronavirus marqu\u00e9e par une diminution du nombre de cas test\u00e9s positifs par rapport \u00e0 la semaine pr\u00e9c\u00e9dente.<\/p>\n\n\n\n<p>Le Pr\u00e9sident de la Transition, Chef de l\u2019\u00c9tat a appel\u00e9 la population au respect strict des mesures de pr\u00e9vention et de lutte contre la maladie.<\/p>\n\n\n\n<p><strong>Bamako, le 22 juin 2022<\/strong><br><strong>Le Secr\u00e9taire g\u00e9n\u00e9ral du Gouvernement,<\/strong><\/p>\n\n\n\n<p><strong>Mahamadou DAGNO<\/strong><\/p>\n\n\n\n<p><strong>Officier de l\u2019Ordre national<\/strong><\/p>\n\n\n\n<p>Maliweb<\/p>\n","protected":false},"excerpt":{"rendered":"<p>Le Conseil des Ministres s\u2019est r\u00e9uni en session ordinaire, le mercredi 22 juin 2022, dans sa salle de d\u00e9lib\u00e9rations au Palais de Koulouba sous la pr\u00e9sidence du Colonel Assimi GOITA,&hellip;<\/p>\n","protected":false},"author":1,"featured_media":4917,"comment_status":"open","ping_status":"closed","sticky":false,"template":"","format":"standard","meta":{"content-type":"","_lmt_disableupdate":"","_lmt_disable":"","_jetpack_memberships_contains_paid_content":false,"footnotes":"","jetpack_publicize_message":"","jetpack_publicize_feature_enabled":true,"jetpack_social_post_already_shared":true,"jetpack_social_options":{"image_generator_settings":{"template":"highway","default_image_id":0,"font":"","enabled":false},"version":2}},"categories":[28],"tags":[],"class_list":["post-6688","post","type-post","status-publish","format-standard","has-post-thumbnail","hentry","category-communique-du-conseil-des-ministres"],"jetpack_publicize_connections":[],"featured_image_urls":{"full":["https:\/\/nandi.info\/wp-content\/uploads\/2022\/04\/KOULOUBA-MALI.jpg",450,287,false],"thumbnail":["https:\/\/nandi.info\/wp-content\/uploads\/2022\/04\/KOULOUBA-MALI-150x150.jpg",150,150,true],"medium":["https:\/\/nandi.info\/wp-content\/uploads\/2022\/04\/KOULOUBA-MALI-300x191.jpg",300,191,true],"medium_large":["https:\/\/nandi.info\/wp-content\/uploads\/2022\/04\/KOULOUBA-MALI.jpg",450,287,false],"large":["https:\/\/nandi.info\/wp-content\/uploads\/2022\/04\/KOULOUBA-MALI.jpg",450,287,false],"1536x1536":["https:\/\/nandi.info\/wp-content\/uploads\/2022\/04\/KOULOUBA-MALI.jpg",450,287,false],"2048x2048":["https:\/\/nandi.info\/wp-content\/uploads\/2022\/04\/KOULOUBA-MALI.jpg",450,287,false],"penci-recipe-1200x1200":["https:\/\/nandi.info\/wp-content\/uploads\/2022\/04\/KOULOUBA-MALI.jpg",450,287,false],"penci-recipe-1200x900":["https:\/\/nandi.info\/wp-content\/uploads\/2022\/04\/KOULOUBA-MALI.jpg",450,287,false],"penci-recipe-1200x675":["https:\/\/nandi.info\/wp-content\/uploads\/2022\/04\/KOULOUBA-MALI.jpg",450,287,false],"penci-single-full":["https:\/\/nandi.info\/wp-content\/uploads\/2022\/04\/KOULOUBA-MALI.jpg",450,287,false],"penci-slider-full-thumb":["https:\/\/nandi.info\/wp-content\/uploads\/2022\/04\/KOULOUBA-MALI.jpg",450,287,false],"penci-full-thumb":["https:\/\/nandi.info\/wp-content\/uploads\/2022\/04\/KOULOUBA-MALI.jpg",450,287,false],"penci-slider-thumb":["https:\/\/nandi.info\/wp-content\/uploads\/2022\/04\/KOULOUBA-MALI.jpg",450,287,false],"penci-magazine-slider":["https:\/\/nandi.info\/wp-content\/uploads\/2022\/04\/KOULOUBA-MALI.jpg",450,287,false],"penci-thumb":["https:\/\/nandi.info\/wp-content\/uploads\/2022\/04\/KOULOUBA-MALI.jpg",450,287,false],"penci-masonry-thumb":["https:\/\/nandi.info\/wp-content\/uploads\/2022\/04\/KOULOUBA-MALI.jpg",450,287,false],"penci-thumb-square":["https:\/\/nandi.info\/wp-content\/uploads\/2022\/04\/KOULOUBA-MALI.jpg",450,287,false],"penci-thumb-vertical":["https:\/\/nandi.info\/wp-content\/uploads\/2022\/04\/KOULOUBA-MALI.jpg",450,287,false],"penci-thumb-small":["https:\/\/nandi.info\/wp-content\/uploads\/2022\/04\/KOULOUBA-MALI.jpg",263,168,false]},"author_info":{"display_name":"Nandi","author_link":"https:\/\/nandi.info\/?author=1"},"category_info":"<a href=\"https:\/\/nandi.info\/?cat=28\" rel=\"category\">Communique du conseil des ministres<\/a>","tag_info":"Communique du conseil des ministres","comment_count":"0","jetpack_featured_media_url":"https:\/\/nandi.info\/wp-content\/uploads\/2022\/04\/KOULOUBA-MALI.jpg","jetpack_sharing_enabled":true,"_links":{"self":[{"href":"https:\/\/nandi.info\/index.php?rest_route=\/wp\/v2\/posts\/6688","targetHints":{"allow":["GET"]}}],"collection":[{"href":"https:\/\/nandi.info\/index.php?rest_route=\/wp\/v2\/posts"}],"about":[{"href":"https:\/\/nandi.info\/index.php?rest_route=\/wp\/v2\/types\/post"}],"author":[{"embeddable":true,"href":"https:\/\/nandi.info\/index.php?rest_route=\/wp\/v2\/users\/1"}],"replies":[{"embeddable":true,"href":"https:\/\/nandi.info\/index.php?rest_route=%2Fwp%2Fv2%2Fcomments&post=6688"}],"version-history":[{"count":0,"href":"https:\/\/nandi.info\/index.php?rest_route=\/wp\/v2\/posts\/6688\/revisions"}],"wp:featuredmedia":[{"embeddable":true,"href":"https:\/\/nandi.info\/index.php?rest_route=\/wp\/v2\/media\/4917"}],"wp:attachment":[{"href":"https:\/\/nandi.info\/index.php?rest_route=%2Fwp%2Fv2%2Fmedia&parent=6688"}],"wp:term":[{"taxonomy":"category","embeddable":true,"href":"https:\/\/nandi.info\/index.php?rest_route=%2Fwp%2Fv2%2Fcategories&post=6688"},{"taxonomy":"post_tag","embeddable":true,"href":"https:\/\/nandi.info\/index.php?rest_route=%2Fwp%2Fv2%2Ftags&post=6688"}],"curies":[{"name":"wp","href":"https:\/\/api.w.org\/{rel}","templated":true}]}}