{"id":6683,"date":"2022-06-23T17:11:10","date_gmt":"2022-06-23T15:11:10","guid":{"rendered":"https:\/\/nandi.info\/?p=6683"},"modified":"2022-06-23T17:11:10","modified_gmt":"2022-06-23T15:11:10","slug":"g5-sahel-une-page-tournee-pour-le-mali","status":"publish","type":"post","link":"https:\/\/nandi.info\/?p=6683","title":{"rendered":"G5-Sahel : Une page tourn\u00e9e pour le Mali"},"content":{"rendered":"\n<p><strong><em>Le Mali avait annonc\u00e9 le 15 mai dernier son retrait des instances du G5-Sahel et la force conjointe. Cela semble se concr\u00e9tiser. A compter du 30 juin, l\u2019engagement du Mali au sein de la force conjointe prendra officiellement fin.<\/em><\/strong><\/p>\n\n\n\n<p class=\"has-drop-cap\">Le chef d\u2019\u00e9tat-major des Arm\u00e9es du Mali, g\u00e9n\u00e9ral de division Oumar Diarra a fait l\u2019annonce du d\u00e9sengagement des FAMa, \u00e0 travers une correspondance adress\u00e9e au Commandant de la Force conjointe du G5-Sahel. L\u2019organisation sous r\u00e9gionale \u00e9tait \u00e0 bout de souffle. Les bouleversements intervenus ces derni\u00e8res ann\u00e9es et les tensions diplomatiques entre le Mali et plusieurs de ses partenaires et voisins ont paralys\u00e9 l\u2019institution.<\/p>\n\n\n\n<p><strong>G5-Sahel trop beau pour \u00eatre vrai<\/strong><\/p>\n\n\n\n<p>Beaucoup doutaient de l\u2019efficacit\u00e9 de la force conjointe du G5-Sahel dans un contexte o\u00f9 le Sahel est d\u00e9tach\u00e9 de l\u2019Afrique de l\u2019Ouest incarn\u00e9e par la Cedeao. Un budget de 423 millions d\u2019euros \u00e9tait n\u00e9cessaire pour la force conjointe r\u00e9gionale, la FC-G5S, destin\u00e9e \u00e0 lutter contre les djihadistes. Par faute de moyens, la force n\u2019a jamais pu atteindre sa pleine capacit\u00e9 op\u00e9rationnelle. Les promesses de financement annonc\u00e9es n\u2019ont jamais vu le jour, causant un retard \u00e9norme dans sa pleine op\u00e9rationnalisation. Le projet n\u2019a pas pu b\u00e9n\u00e9ficier de l\u2019accompagnement des Nations Unies, malgr\u00e9 des plaidoyers de la France et des pays membres devant le Conseil de S\u00e9curit\u00e9. Les \u00c9tats concern\u00e9s \u00e0 savoir le Mali, Niger, Burkina Faso, Mauritanie, Tchad ont fait l\u2019effort de 10 millions d\u2019Euros chacun. Une somme nettement au-dessous des esp\u00e9rances budg\u00e9taires. La France quant \u00e0 elle, a soutenu des op\u00e9rations de la force conjointe avec les moyens du dispositif Barkhane. La strat\u00e9gie du G5-Sahel int\u00e9grait le volet du d\u00e9veloppement en faveur des zones les plus vuln\u00e9rables \u00e0 travers le Cadre d\u2019actions prioritaires int\u00e9gr\u00e9 \u00e0 impact rapide.<\/p>\n\n\n\n<p><strong>L\u2019ombre d\u2019une puissance extra r\u00e9gionale planait sur le G5-Sahel<\/strong><\/p>\n\n\n\n<p>Le retrait du Mali du G5-Sahel est intervenu dans un contexte de tensions avec la France dont il accuse d\u2019\u00eatre \u00e0 la man\u0153uvre afin de l\u2019emp\u00eacher de prendre la pr\u00e9sidence tournante du G5-Sahel. Depuis f\u00e9vrier, le Mali en l\u2019occurrence le colonel Assimi Go\u00efta devait succ\u00e9der au Pr\u00e9sident du Conseil militaire de Transition tchadienne Mahamat Deby, lui aussi arriv\u00e9 au pouvoir de mani\u00e8re anticonstitutionnelle. M\u00eame si la France n\u2019est pas officiellement membre de l\u2019organisation, elle reste n\u00e9anmoins influente en son sein et est pr\u00e9sente dans plusieurs organes du G5-Sahel. Notamment au sein du Secr\u00e9tariat permanent et du coll\u00e8ge de d\u00e9fense. La France a particip\u00e9 \u00e0 la cr\u00e9ation du G5-Sahel aux c\u00f4t\u00e9s des pays membres et participe \u00e0 tous les sommets des chefs d\u2019\u00c9tat.<\/p>\n\n\n\n<p>Le G5-Sahel \u00e9tait per\u00e7u comme un cadre d\u2019expression de l\u2019influence fran\u00e7aise au Sahel. Ce qui cr\u00e9e une certaine hostilit\u00e9 entre la Cedeao et le G5-Sahel. Le sommet de Pau en 2020 a \u00e9t\u00e9 pr\u00e9judiciable pour l\u2019image du G5-Sahel<\/p>\n\n\n\n<p><strong>L\u2019\u00e9chec de la m\u00e9diation du Tchad<\/strong><\/p>\n\n\n\n<p>Dans un communiqu\u00e9 en date du 19 mai 2022, le Pr\u00e9sident du Conseil militaire de Transition du Tchad qui officie la pr\u00e9sidence du G5-Sahel a exprim\u00e9 ses pr\u00e9occupations quant au retrait du Mali du G5 Sahel. Il a exhort\u00e9 le Mali \u00e0 reconsid\u00e9rer sa position pour permettre aux efforts en cours visant \u00e0 apporter une solution aux pr\u00e9occupations du Mali, \u00e0 travers la tenue imminente d\u2019une conf\u00e9rence des chefs d\u2019Etat et de gouvernement. Il a ensuite d\u00e9p\u00each\u00e9 \u00e0 Bamako son ministre de la Communication porte-parole du gouvernement pour rencontrer le Chef de l\u2019Etat malien, Colonel Assimi Go\u00efta afin de trouver une issue favorable et apaiser les tensions car le Mali est un \u00e9l\u00e9ment essentiel du G5-Sahel. Le Tchad esp\u00e9rait, \u00e0 travers son offensive diplomatique en direction du Mali, convaincre le pays de rester dans le G5-Sahel.<\/p>\n\n\n\n<p>Le pr\u00e9sident de la Transition, Assimi Go\u00efta avait alors re\u00e7u la d\u00e9l\u00e9gation tchadienne. Cette approche diplomatique n\u2019aura pas servi \u00e0 grand-chose puisque les autorit\u00e9s maliennes ne sont pas revenues sur leur d\u00e9cision que le Tchad n\u2019a pas \u00e9t\u00e9 convaincant. Lors de son intervention devant le Conseil de S\u00e9curit\u00e9 des Nations unies, le ministre malien des Affaires \u00e9trang\u00e8res et de la Coop\u00e9ration internationale a rappel\u00e9 que le G5-Sahel n\u2019a plus vocation \u00e0 intervenir au Mali.<\/p>\n\n\n\n<p><strong>L\u2019effondrement de l\u2019architecture de d\u00e9fense du G5-Sahel<\/strong><\/p>\n\n\n\n<p>Le G5 Sahel depuis sa cr\u00e9ation a connu une tr\u00e8s grande difficult\u00e9. Les difficult\u00e9s budg\u00e9taires et organisationnelles ont pes\u00e9 sur les op\u00e9rations et les projets de d\u00e9veloppement de l\u2019organisation. Le G5-Sahel a connu r\u00e9cemment des bouleversements d\u00e9montrant la profonde crise de gouvernance au sein de l\u2019organisation sous r\u00e9gionale. La force conjointe comptait 5 000 militaires, gendarmes et policiers, compos\u00e9e de sept bataillons de 650 hommes (550 militaires, 100 policiers et gendarmes) r\u00e9partis sur trois fuseaux : le fuseau Ouest (Mauritanie, Mali) ; le fuseau Centre (Mali, Burkina, Niger) et le fuseau Est (Niger, Tchad). Au total, le Mali compte pr\u00e8s de 1 400 hommes, sur les 5 000 que compte la force conjointe. Ce retrait est synonyme de la fin du G5-Sahel, mais \u00e9galement d\u2019inqui\u00e9tude \u00e0 cause de l\u2019expansion de la menace terroriste en Afrique de l\u2019Ouest.<\/p>\n\n\n\n<p><strong>Bah Traor\u00e9<\/strong><\/p>\n\n\n\n<p><strong><em>(Ucad, Dakar, master en \u00e9tudes africaines postcoloniale et en communication)<\/em><\/strong><\/p>\n\n\n\n<p><strong>Mali Tribune<\/strong><\/p>\n","protected":false},"excerpt":{"rendered":"<p>Le Mali avait annonc\u00e9 le 15 mai dernier son retrait des instances du G5-Sahel et la force conjointe. Cela semble se concr\u00e9tiser. A compter du 30 juin, l\u2019engagement du Mali&hellip;<\/p>\n","protected":false},"author":1,"featured_media":6684,"comment_status":"open","ping_status":"closed","sticky":false,"template":"","format":"standard","meta":{"content-type":"","_lmt_disableupdate":"","_lmt_disable":"","_jetpack_memberships_contains_paid_content":false,"footnotes":"","jetpack_publicize_message":"","jetpack_publicize_feature_enabled":true,"jetpack_social_post_already_shared":true,"jetpack_social_options":{"image_generator_settings":{"template":"highway","default_image_id":0,"font":"","enabled":false},"version":2}},"categories":[29,33,21],"tags":[],"class_list":["post-6683","post","type-post","status-publish","format-standard","has-post-thumbnail","hentry","category-chroniques","category-mali-tribune","category-societe"],"jetpack_publicize_connections":[],"featured_image_urls":{"full":"","thumbnail":"","medium":"","medium_large":"","large":"","1536x1536":"","2048x2048":"","penci-recipe-1200x1200":"","penci-recipe-1200x900":"","penci-recipe-1200x675":"","penci-single-full":"","penci-slider-full-thumb":"","penci-full-thumb":"","penci-slider-thumb":"","penci-magazine-slider":"","penci-thumb":"","penci-masonry-thumb":"","penci-thumb-square":"","penci-thumb-vertical":"","penci-thumb-small":""},"author_info":{"display_name":"Nandi","author_link":"https:\/\/nandi.info\/?author=1"},"category_info":"<a href=\"https:\/\/nandi.info\/?cat=29\" rel=\"category\">Chroniques<\/a> <a href=\"https:\/\/nandi.info\/?cat=33\" rel=\"category\">Mali Tribune<\/a> <a href=\"https:\/\/nandi.info\/?cat=21\" rel=\"category\">Soci\u00e9t\u00e9<\/a>","tag_info":"Soci\u00e9t\u00e9","comment_count":"0","jetpack_featured_media_url":"","jetpack_sharing_enabled":true,"_links":{"self":[{"href":"https:\/\/nandi.info\/index.php?rest_route=\/wp\/v2\/posts\/6683","targetHints":{"allow":["GET"]}}],"collection":[{"href":"https:\/\/nandi.info\/index.php?rest_route=\/wp\/v2\/posts"}],"about":[{"href":"https:\/\/nandi.info\/index.php?rest_route=\/wp\/v2\/types\/post"}],"author":[{"embeddable":true,"href":"https:\/\/nandi.info\/index.php?rest_route=\/wp\/v2\/users\/1"}],"replies":[{"embeddable":true,"href":"https:\/\/nandi.info\/index.php?rest_route=%2Fwp%2Fv2%2Fcomments&post=6683"}],"version-history":[{"count":0,"href":"https:\/\/nandi.info\/index.php?rest_route=\/wp\/v2\/posts\/6683\/revisions"}],"wp:featuredmedia":[{"embeddable":true,"href":"https:\/\/nandi.info\/index.php?rest_route=\/"}],"wp:attachment":[{"href":"https:\/\/nandi.info\/index.php?rest_route=%2Fwp%2Fv2%2Fmedia&parent=6683"}],"wp:term":[{"taxonomy":"category","embeddable":true,"href":"https:\/\/nandi.info\/index.php?rest_route=%2Fwp%2Fv2%2Fcategories&post=6683"},{"taxonomy":"post_tag","embeddable":true,"href":"https:\/\/nandi.info\/index.php?rest_route=%2Fwp%2Fv2%2Ftags&post=6683"}],"curies":[{"name":"wp","href":"https:\/\/api.w.org\/{rel}","templated":true}]}}