{"id":6662,"date":"2022-06-23T15:08:56","date_gmt":"2022-06-23T13:08:56","guid":{"rendered":"https:\/\/nandi.info\/?p=6662"},"modified":"2022-06-23T15:08:56","modified_gmt":"2022-06-23T13:08:56","slug":"le-rite-de-sankemon-passer-de-la-tradition-a-un-tremplin-dessor-economique-et-culturel","status":"publish","type":"post","link":"https:\/\/nandi.info\/?p=6662","title":{"rendered":"<strong>Le rite de Sankemon<\/strong>&nbsp;: <strong>Passer de la tradition \u00e0 un tremplin d\u2019essor \u00e9conomique et culturel<\/strong>"},"content":{"rendered":"\n<p><strong>Le jeudi 16 juin 2022, la ville de San (plus de 400 km de Bamako) a renou\u00e9 avec la tradition du Sankemo (ou Sankemon), la f\u00eate de la p\u00eache collective de la mare sacr\u00e9e Sank\u00e9 que les Sanois c\u00e9l\u00e8brent chaque ann\u00e9e depuis plus de 600 ans (622e \u00e9dition cette ann\u00e9e). Un \u00e9v\u00e9nement pr\u00e9sid\u00e9 par le Premier ministre, Dr Choguel Kokalla Ma\u00efga.<\/strong><\/p>\n\n\n\n<p class=\"has-drop-cap\">La p\u00eache collective annuelle dans la ville de San, \u00e0 plus de 400 km de Bamako, se tient depuis plus de 6 si\u00e8cles\u2026 Il s\u2019agit du rite de la p\u00eache collective dans le Sank\u00e9. Une manifestation socioculturelle qui a \u00e9t\u00e9 in<a href=\"https:\/\/ich.unesco.org\/dive\/constellation\/?language=fr&amp;filter=289&amp;focus=289&amp;hide=about,more,language#dive_modal\"><\/a><a href=\"https:\/\/ich.unesco.org\/dive\/biome\/?language=fr&amp;filter=289&amp;focus=289&amp;hide=about,more,language#dive_modal\"><\/a><a href=\"https:\/\/ich.unesco.org\/dive\/sdg\/?language=fr&amp;filter=289&amp;focus=289&amp;hide=about,more,language#dive_modal\"><\/a><a href=\"https:\/\/ich.unesco.org\/dive\/threat\/?language=fr&amp;filter=289&amp;focus=289&amp;hide=about,more,language#dive_modal\"><\/a>scrite en 2009 sur la liste du patrimoine immat\u00e9riel de l\u2019Unesco n\u00e9cessitant une sauvegarde urgente.<\/p>\n\n\n\n<p>Cette p\u00eache collective a lieu \u00e0 San tous les deuxi\u00e8mes jeudis du septi\u00e8me mois lunaire pour comm\u00e9morer la fondation de la ville. Le rite commence par le sacrifice de coqs et de ch\u00e8vres et par des offrandes des habitants du village aux esprits de l\u2019eau qui habitent la mare Sank\u00e9. Une p\u00eache collective a lieu ensuite pendant quinze heures \u00e0 l\u2019aide de filets \u00e0 larges et \u00e0 petites mailles.<\/p>\n\n\n\n<p>Elle est imm\u00e9diatement suivie d\u2019une danse masqu\u00e9e sur la place publique, dans laquelle se produisent des danseurs Bwa de San et des villages environnants qui portent le costume traditionnel et un chapeau d\u00e9cor\u00e9 de cauris et de plumes. Ils ex\u00e9cutent une chor\u00e9graphie particuli\u00e8re au rythme de divers tambours. Le rite du Sankemon marque traditionnellement le d\u00e9but de la saison des pluies.<\/p>\n\n\n\n<p>C\u2019est aussi une expression de la culture locale \u00e0 travers l\u2019art et l\u2019artisanat, les connaissances et le savoir-faire attach\u00e9s \u00e0 la p\u00eache et aux ressources en eau. Facteur d\u2019unit\u00e9, de coh\u00e9sion et d\u2019int\u00e9gration, cette manifestation renforce les valeurs collectives de fraternit\u00e9, de solidarit\u00e9 et de paix entre les communaut\u00e9s locales.&nbsp;<\/p>\n\n\n\n<p>\u00ab<em>Le Sankemo fait partie des plus grandes f\u00eates \u00e0 laquelle les Sanois, s\u00e9dentaires comme ceux de la diaspora, attachent une grande importance<\/em>\u00bb, rappelle Mme Ciss\u00e9 Fatimata Kouyat\u00e9, pr\u00e9sidente de &nbsp;l\u2019Association&nbsp;malienne&nbsp;des agences de voyages et de tourisme (AMAVT) et native de San. \u00ab<em>Le Sankemo aurait d\u00fb faire le bonheur du tourisme, en attirant un maximum de touristes, s\u2019il avait \u00e9t\u00e9 mieux con\u00e7u, pr\u00e9par\u00e9, promu et commercialis\u00e9 \u00e0 l\u2019instar de tous les autres produits touristiques<\/em>\u00bb, poursuit-elle.<\/p>\n\n\n\n<p>Malheureusement, d\u00e9plore la tr\u00e8s engag\u00e9e \u00ab<em>Sankaden<\/em>\u00bb (native de San), \u00ab<em>la mauvaise d\u00e9marche et le d\u00e9phasage dans la mise en \u0153uvre de la politique touristique l&rsquo;ont emp\u00each\u00e9 de jouer un r\u00f4le entra\u00eenant dans l&rsquo;activit\u00e9<\/em>\u00bb. Un handicap que l\u2019Association Carrefour de d\u00e9veloppement et de la paix au Mali (CDPM San Nieta), dont elle est membre, s\u2019active \u00e0 corriger. \u00ab<em>CDPM San Nieta est une association qui se bat pour le d\u00e9veloppement de la ville de San. Elle participe de fa\u00e7on active \u00e0 toutes les activit\u00e9s culturelles et \u00e9conomiques de la ville et de ses environs. A un certain moment, elle a mis dans son plan d&rsquo;action la promotion du patrimoine culturel de notre ville<\/em>\u00bb, explique la pr\u00e9sidente de l\u2019AMAVT.<\/p>\n\n\n\n<p>Et d\u2019ajouter qu\u2019avec cette dynamique de CDPM San Nieta, \u00ab<em>il serait judicieux de proc\u00e9der \u00e0 une implication directe et active de cette association \u00e0 l&rsquo;organisation du Sankemo. Ses membres sont tous engag\u00e9s, dynamiques et pr\u00eats \u00e0 s&rsquo;investir pour la promotion de toutes les activit\u00e9s socio-\u00e9conomique de la ville voire du cercle et de la r\u00e9gion<\/em>\u00bb.<\/p>\n\n\n\n<p>Pour Mme Fatimata Kouyat\u00e9 Ciss\u00e9, \u00ab<em>la pr\u00e9sence du Premier ministre ainsi que celle du ministre en charge de la Culture attestent \u00e0 suffisance que de telles manifestations doivent d\u00e9sormais b\u00e9n\u00e9ficier de l&rsquo;implication de tous\u2026 Nous devons prendre la r\u00e9solution de faire du Sankemo 2023 une grande f\u00eate et la mettre \u00e0 profit pour la cr\u00e9ation d&rsquo;une plus value \u00e9conomique en plus de l&rsquo;essor culturel<\/em>\u00bb.<\/p>\n\n\n\n<p>Un vaste chantier, certes&nbsp;! Mais r\u00e9alisable avec la volont\u00e9 politique et l\u2019adh\u00e9sion de toutes les forces vives de San&nbsp;!<\/p>\n\n\n\n<p><strong>Moussa Bolly<\/strong><\/p>\n\n\n\n<p><strong>Le Matin<\/strong><\/p>\n","protected":false},"excerpt":{"rendered":"<p>Le jeudi 16 juin 2022, la ville de San (plus de 400 km de Bamako) a renou\u00e9 avec la tradition du Sankemo (ou Sankemon), la f\u00eate de la p\u00eache collective&hellip;<\/p>\n","protected":false},"author":1,"featured_media":6667,"comment_status":"open","ping_status":"closed","sticky":false,"template":"","format":"standard","meta":{"content-type":"","_lmt_disableupdate":"","_lmt_disable":"","_jetpack_memberships_contains_paid_content":false,"footnotes":"","jetpack_publicize_message":"","jetpack_publicize_feature_enabled":true,"jetpack_social_post_already_shared":true,"jetpack_social_options":{"image_generator_settings":{"template":"highway","default_image_id":0,"font":"","enabled":false},"version":2}},"categories":[21],"tags":[],"class_list":["post-6662","post","type-post","status-publish","format-standard","has-post-thumbnail","hentry","category-societe"],"jetpack_publicize_connections":[],"featured_image_urls":{"full":"","thumbnail":"","medium":"","medium_large":"","large":"","1536x1536":"","2048x2048":"","penci-recipe-1200x1200":"","penci-recipe-1200x900":"","penci-recipe-1200x675":"","penci-single-full":"","penci-slider-full-thumb":"","penci-full-thumb":"","penci-slider-thumb":"","penci-magazine-slider":"","penci-thumb":"","penci-masonry-thumb":"","penci-thumb-square":"","penci-thumb-vertical":"","penci-thumb-small":""},"author_info":{"display_name":"Nandi","author_link":"https:\/\/nandi.info\/?author=1"},"category_info":"<a href=\"https:\/\/nandi.info\/?cat=21\" rel=\"category\">Soci\u00e9t\u00e9<\/a>","tag_info":"Soci\u00e9t\u00e9","comment_count":"0","jetpack_featured_media_url":"","jetpack_sharing_enabled":true,"_links":{"self":[{"href":"https:\/\/nandi.info\/index.php?rest_route=\/wp\/v2\/posts\/6662","targetHints":{"allow":["GET"]}}],"collection":[{"href":"https:\/\/nandi.info\/index.php?rest_route=\/wp\/v2\/posts"}],"about":[{"href":"https:\/\/nandi.info\/index.php?rest_route=\/wp\/v2\/types\/post"}],"author":[{"embeddable":true,"href":"https:\/\/nandi.info\/index.php?rest_route=\/wp\/v2\/users\/1"}],"replies":[{"embeddable":true,"href":"https:\/\/nandi.info\/index.php?rest_route=%2Fwp%2Fv2%2Fcomments&post=6662"}],"version-history":[{"count":0,"href":"https:\/\/nandi.info\/index.php?rest_route=\/wp\/v2\/posts\/6662\/revisions"}],"wp:featuredmedia":[{"embeddable":true,"href":"https:\/\/nandi.info\/index.php?rest_route=\/"}],"wp:attachment":[{"href":"https:\/\/nandi.info\/index.php?rest_route=%2Fwp%2Fv2%2Fmedia&parent=6662"}],"wp:term":[{"taxonomy":"category","embeddable":true,"href":"https:\/\/nandi.info\/index.php?rest_route=%2Fwp%2Fv2%2Fcategories&post=6662"},{"taxonomy":"post_tag","embeddable":true,"href":"https:\/\/nandi.info\/index.php?rest_route=%2Fwp%2Fv2%2Ftags&post=6662"}],"curies":[{"name":"wp","href":"https:\/\/api.w.org\/{rel}","templated":true}]}}