{"id":6653,"date":"2022-06-22T17:27:34","date_gmt":"2022-06-22T15:27:34","guid":{"rendered":"https:\/\/nandi.info\/?p=6653"},"modified":"2022-06-22T17:27:34","modified_gmt":"2022-06-22T15:27:34","slug":"autonomisation-de-la-femme-et-developpement-local","status":"publish","type":"post","link":"https:\/\/nandi.info\/?p=6653","title":{"rendered":"Autonomisation de la femme et d\u00e9veloppement local: La Minusma appuie des femmes\u00a0\u00abTedemte\u00bb de Tessalit \u00e0 prendre leur destin en main"},"content":{"rendered":"\n<p><strong>L\u2019association des femmes&nbsp;\u00abTedemte\u00bb (la goutte en Tamasheq)&nbsp;du village d\u2019Amachach (cercle de Tessalit) a re\u00e7u, le 6 juin 2022, les clefs de leur nouveau p\u00e9rim\u00e8tre mara\u00eecher am\u00e9nag\u00e9 et \u00e9quip\u00e9 par la Minusma. Cet ouvrage leur permettra d\u2019am\u00e9liorer les conditions de vie de leurs familles et des habitants du village.<\/strong><\/p>\n\n\n\n<p class=\"has-drop-cap\">Lanc\u00e9 en f\u00e9vrier 2022, ce projet \u00e0 effet rapide de 25 millions de&nbsp; F Cfa est une initiative parrain\u00e9e par le contingent tchadien de la Mission multidimensionnelle int\u00e9gr\u00e9e des Nations unies pour la stabilisation au Mali (MINUSMA) dans le cadre de ses actions de coop\u00e9ration civilo-militaires (CIMIC).<\/p>\n\n\n\n<p>\u00ab<em>Gr\u00e2ce \u00e0 ce p\u00e9rim\u00e8tre enti\u00e8rement cl\u00f4tur\u00e9 et dot\u00e9 d\u2019un forage \u00e9quip\u00e9 d\u2019un ch\u00e2teau de 10 m3, nous devrions pouvoir renforcer nos activit\u00e9s mara\u00eech\u00e8res en vue d\u2019am\u00e9liorer sensiblement les conditions de vie des habitants du village<\/em>\u00bb, a assur\u00e9 la pr\u00e9sidente de cette association de 26 femmes, Mme Rahmoutou Diallo, 37 ans et m\u00e8re de deux enfants. Et d\u2019ajouter, \u00ab<em>avec la formation sur les techniques de mara\u00eechage et la gestion des Activit\u00e9s g\u00e9n\u00e9ratrices de revenus<\/em> (AGR)<em>, nous avons renforc\u00e9 nos notions dans ce domaine. Depuis la cr\u00e9ation de notre association, les membres cotisent chaque mois la somme de 1 500 Francs CFA. Cette cagnotte permet aux femmes de mener des activit\u00e9s commerciales et de rembourser l\u2019argent emprunt\u00e9<\/em>\u00bb, a-t-elle d\u00e9velopp\u00e9 pour illustrer la d\u00e9termination et la r\u00e9silience des membres de Tedemte.<\/p>\n\n\n\n<p><em>\u00abCette initiative est novatrice pour nous, habitants d\u2019Amachach car, depuis sa conception, les b\u00e9n\u00e9ficiaires ont \u00e9t\u00e9 mises au premier plan. Ce projet a ainsi abouti \u00e0 un p\u00e9rim\u00e8tre mara\u00eecher pour les femmes et une borne fontaine qui donne acc\u00e8s \u00e0 l\u2019eau potable \u00e0 tous les habitants de la localit\u00e9<\/em>\u00bb, a confi\u00e9 Boubacar Ag Hasni, un r\u00e9sident.<\/p>\n\n\n\n<p>Les activit\u00e9s \u00e9conomiques de la commune de Tessalit sont principalement l\u2019\u00e9levage et le commerce. Les populations locales y ont ajout\u00e9 le mara\u00eechage vu l\u2019abondance des nappes phr\u00e9atiques dans cette zone. Si l\u2019\u00e9levage et le commerce sont des activit\u00e9s domin\u00e9es par les hommes, les femmes occupent une place non n\u00e9gligeable dans le secteur mara\u00eecher. \u00ab<em>Les femmes qui veulent pratiquer cette activit\u00e9 ne b\u00e9n\u00e9ficient pas souvent de tout l\u2019appui n\u00e9cessaire depuis le d\u00e9clenchement de la crise en 2012. La Minusma, \u00e0 travers ses diff\u00e9rentes composantes \u00e0 Kidal, participe depuis plusieurs ann\u00e9es aux efforts de r\u00e9duction des in\u00e9galit\u00e9s et de relance de l\u2019\u00e9conomie locale avec un accent particulier sur l\u2019autonomisation des femmes<\/em>\u00bb, a pr\u00e9cis\u00e9 Aicha Belco Ma\u00efga, pr\u00e9sidente de l\u2019ONG EFFAD qui a mis en \u0153uvre le projet.<\/p>\n\n\n\n<p>\u00ab<em>Nous esp\u00e9rons que dans quelques semaines, ces femmes pourront produire des l\u00e9gumes frais afin de r\u00e9pondre aux besoins d\u2019une client\u00e8le bien pr\u00e9sente dans le village et dans le camp abritant les Forces de d\u00e9fense et de s\u00e9curit\u00e9 maliennes et les Casques bleus<\/em>\u00bb, a souhait\u00e9 El Hadji Ibrahima Boly Di\u00e8ne, Chef du bureau r\u00e9gional de la Minusma \u00e0 Kidal. Et de poursuivre en rappelant que la Mission des Nations unies va prioriser les initiatives permettant&nbsp;aux&nbsp;femmes de promouvoir et de diversifier leurs sources de revenus, mais \u00e9galement d\u2019avoir acc\u00e8s \u00e0 l\u2019eau potable en toute saison.<\/p>\n\n\n\n<p>\u00ab<em>C\u2019est ce qui concr\u00e9tise notre engagement \u00e0 accompagner les populations maliennes<\/em>\u00bb, a conclu El Hadji Ibrahima Boly Di\u00e8ne&nbsp;; tr\u00e8s serein et assur\u00e9 que les femmes de l\u2019association <em>\u00abTedemte\u00bb<\/em> vont tirer le meilleur profit de cet investissement pour leur autonomisation et pour le d\u00e9veloppement local.<\/p>\n\n\n\n<p><strong>A\u00efssata B\u00e2<\/strong><\/p>\n\n\n\n<p><em><strong>Avec la Minusma<\/strong><\/em><\/p>\n\n\n\n<p><em><strong>Le Matin<\/strong><\/em><\/p>\n","protected":false},"excerpt":{"rendered":"<p>L\u2019association des femmes&nbsp;\u00abTedemte\u00bb (la goutte en Tamasheq)&nbsp;du village d\u2019Amachach (cercle de Tessalit) a re\u00e7u, le 6 juin 2022, les clefs de leur nouveau p\u00e9rim\u00e8tre mara\u00eecher am\u00e9nag\u00e9 et \u00e9quip\u00e9 par la&hellip;<\/p>\n","protected":false},"author":1,"featured_media":0,"comment_status":"open","ping_status":"closed","sticky":false,"template":"","format":"standard","meta":{"content-type":"","_lmt_disableupdate":"","_lmt_disable":"","_jetpack_memberships_contains_paid_content":false,"footnotes":"","jetpack_publicize_message":"","jetpack_publicize_feature_enabled":true,"jetpack_social_post_already_shared":true,"jetpack_social_options":{"image_generator_settings":{"template":"highway","default_image_id":0,"font":"","enabled":false},"version":2}},"categories":[27,53],"tags":[],"class_list":["post-6653","post","type-post","status-publish","format-standard","hentry","category-femmes","category-le-matin"],"jetpack_publicize_connections":[],"featured_image_urls":{"full":"","thumbnail":"","medium":"","medium_large":"","large":"","1536x1536":"","2048x2048":"","penci-recipe-1200x1200":"","penci-recipe-1200x900":"","penci-recipe-1200x675":"","penci-single-full":"","penci-slider-full-thumb":"","penci-full-thumb":"","penci-slider-thumb":"","penci-magazine-slider":"","penci-thumb":"","penci-masonry-thumb":"","penci-thumb-square":"","penci-thumb-vertical":"","penci-thumb-small":""},"author_info":{"display_name":"Nandi","author_link":"https:\/\/nandi.info\/?author=1"},"category_info":"<a href=\"https:\/\/nandi.info\/?cat=27\" rel=\"category\">Femmes<\/a> <a href=\"https:\/\/nandi.info\/?cat=53\" rel=\"category\">Le Matin<\/a>","tag_info":"Le Matin","comment_count":"0","jetpack_featured_media_url":"","jetpack_sharing_enabled":true,"_links":{"self":[{"href":"https:\/\/nandi.info\/index.php?rest_route=\/wp\/v2\/posts\/6653","targetHints":{"allow":["GET"]}}],"collection":[{"href":"https:\/\/nandi.info\/index.php?rest_route=\/wp\/v2\/posts"}],"about":[{"href":"https:\/\/nandi.info\/index.php?rest_route=\/wp\/v2\/types\/post"}],"author":[{"embeddable":true,"href":"https:\/\/nandi.info\/index.php?rest_route=\/wp\/v2\/users\/1"}],"replies":[{"embeddable":true,"href":"https:\/\/nandi.info\/index.php?rest_route=%2Fwp%2Fv2%2Fcomments&post=6653"}],"version-history":[{"count":0,"href":"https:\/\/nandi.info\/index.php?rest_route=\/wp\/v2\/posts\/6653\/revisions"}],"wp:attachment":[{"href":"https:\/\/nandi.info\/index.php?rest_route=%2Fwp%2Fv2%2Fmedia&parent=6653"}],"wp:term":[{"taxonomy":"category","embeddable":true,"href":"https:\/\/nandi.info\/index.php?rest_route=%2Fwp%2Fv2%2Fcategories&post=6653"},{"taxonomy":"post_tag","embeddable":true,"href":"https:\/\/nandi.info\/index.php?rest_route=%2Fwp%2Fv2%2Ftags&post=6653"}],"curies":[{"name":"wp","href":"https:\/\/api.w.org\/{rel}","templated":true}]}}