{"id":6611,"date":"2022-06-21T17:07:22","date_gmt":"2022-06-21T15:07:22","guid":{"rendered":"https:\/\/nandi.info\/?p=6611"},"modified":"2022-06-21T17:07:22","modified_gmt":"2022-06-21T15:07:22","slug":"transition-malienne-le-mali-kura-a-un-tournant-de-rupture","status":"publish","type":"post","link":"https:\/\/nandi.info\/?p=6611","title":{"rendered":"Transition malienne : le Mali Kura \u00e0 un tournant de rupture ?"},"content":{"rendered":"\n<p class=\"has-drop-cap\">L\u2019adoption par le CNT du projet de loi \u00e9lectorale d\u00e9lest\u00e9 par pr\u00e8s d\u2019une centaine d\u2019amendements, ne traduit pas une unit\u00e9 d\u2019action des organes de la transition. L\u2019Autorit\u00e9 ind\u00e9pendante de Gestion des Elections (AIGE) telle qu\u2019elle est configur\u00e9e dans le projet gouvernemental a \u00e9t\u00e9 d\u00e9natur\u00e9e, en retirant toute la substance qui fait d\u2019elle une machine \u2018\u2019anti-tripatouillage\u2019\u2019, au profit de l\u2019Administration territoriale, qui sera la structure charg\u00e9e de l\u2019organisation des \u00e9lections. La situation traduit plut\u00f4t un d\u00e9phasage entre le gouvernement et l\u2019organe l\u00e9gislatif de la transition, qu\u2019est le Conseil national de la Transition (CNT). Quelle en est le r\u00f4le jou\u00e9 par le pr\u00e9sident de la transition Assimi Go\u00efta ?<\/p>\n\n\n\n<p>Qu\u2019une Assembl\u00e9e nationale puisse bloquer des reformes entreprises par le gouvernement peut se comprendre en temps normal, parce que l\u2019adoption des lois apr\u00e8s les \u00e9coutes, rel\u00e8ve de la comp\u00e9tence des repr\u00e9sentants \u00e9lus du peuple. Mais qu\u2019au cours d\u2019une Transition, les conseillers nationaux de la Transition se taillent la robe de cette fonction pour bloquer la mise en \u0153uvre des reformes, cela m\u00e9rite une explication, une communication gouvernementale. Le CNT n\u2019\u00e9tant pas un organe \u00e9lu, mais bel et bien nomm\u00e9, peut-il fonctionner avec la pl\u00e9nitude des fonctions constitutionnelles d\u2019un parlement \u00e9lu, investi du pouvoir d\u2019\u00abarr\u00eater\u00bb le gouvernement, en cas de d\u00e9rive ? Est-on en pr\u00e9sence d\u2019une d\u00e9rive gouvernementale, quand on sait que le projet de loi se voulait une mat\u00e9rialisation des r\u00e9solutions des Assises Nationales de la Refondation (ANR) par la mise en place de l\u2019Autorit\u00e9 ind\u00e9pendante de Gestion des Elections (AIGE) en tant qu\u2019organe unique de gestion des \u00e9lections. Que sait l\u2019autorit\u00e9 de nomination des membres du CNT, de la situation, en l\u2019occurrence le pr\u00e9sident Assimi Go\u00efta ? Parce qu\u2019\u00e0 tout point de vue, le gouvernement est dribl\u00e9, d\u00e9pass\u00e9, quand on entend sa repr\u00e9sentante, Mme Fatoumata S\u00e9kou DICKO, ministre d\u00e9l\u00e9gu\u00e9 aupr\u00e8s du Premier ministre, charg\u00e9 des R\u00e9formes politique et institutionnelles, dire que le gouvernement ne se reconnaissait pas dans ce texte adopt\u00e9. Il y a donc un s\u00e9rieux probl\u00e8me de communication entre les autorit\u00e9s de la Transition elles-m\u00eames, et cela pr\u00e9sage en perspective, une situation politique tendue.<\/p>\n\n\n\n<p>L\u2019AIGE telle qu\u2019elle est configur\u00e9e dans le projet gouvernemental a \u00e9t\u00e9 d\u00e9natur\u00e9e, en retirant toute la substance qui fait d\u2019elle une machine \u2018\u2019anti-tripatouillage\u2019\u2019, au profit de l\u2019Administration territoriale, qui sera la structure charg\u00e9e de l\u2019organisation des \u00e9lections. Le ministre de l\u2019Administration territoriale \u00e9tant membre du gouvernement, comment comprendre le cirque qui consiste \u00e0 retourner la balle \u00e0 l\u2019envoyeur ? Donc le projet AIGE \u00e9chafaud\u00e9 par le gouvernement \u00e0 l\u2019aune des r\u00e9solutions des ANR a \u00e9t\u00e9 torpill\u00e9 de la main gauche, pour remettre au m\u00eame gouvernement par la main droite, la pl\u00e9nitude des comp\u00e9tences dans l\u2019organisation des \u00e9lections. Mais apr\u00e8s les 92 amendements et le vote du projet de loi \u00e9lectorale par une majorit\u00e9 \u00e9crasante, et les d\u00e9clarations de Mme Fatoumata S\u00e9kou DICKO, ministre d\u00e9l\u00e9gu\u00e9 aupr\u00e8s du Premier ministre, charg\u00e9 des R\u00e9formes politique et institutionnelles, refusant de reconnaitre la paternit\u00e9 de ce nouveau texte, on se demande si les relations entre le gouvernement et le CNT ne sont pas ex\u00e9crables. Et quand on se rappelle que le ministre de l\u2019Administration territoriale et de la D\u00e9centralisation, Colonel Abdoulaye Ma\u00efga, d\u00e9sormais en charge d\u2019organiser les \u00e9lections, est membre du gouvernement, mais aussi membre de l\u2019ex Conseil national pour le Salut su Peuple (CNSP) avec ses compagnons d\u2019armes, le Pr\u00e9sident de la Transition Assimi Go\u00efta et Malick Diaw, ainsi que le pr\u00e9sident du CNT, on ne peut manquer de croire que le bateau Mali se trouve \u00e0 un tournant qu\u2019il faut aborder avec s\u00e9r\u00e9nit\u00e9.<\/p>\n\n\n\n<p>Ce revirement peut-il s\u2019expliquer par l\u2019\u00e9troitesse d\u00e9sormais du d\u00e9lai de 24 mois, quand on sait que celui revendiqu\u00e9 devait aller jusqu\u2019\u00e0 cinq ans? C\u2019est comme si les autorit\u00e9s nous renvoyaient ce message : \u00ab il faut aller vite, 24 mois \u00e7a passe vite, la CEDEAO ne va pas tol\u00e9rer si\u2026 \u00bb.<\/p>\n\n\n\n<p>C\u2019est peut \u00eatre le pr\u00e9sident Assimi Go\u00efta qui peut donner une meilleure explication. Si le fait de passer sur une reforme ne constitue pas une remise en cause du \u00ab Mali Kura \u00bb. On doit dire au peuple malien si le \u00ab Mali Kura \u00bb a un \u00ab Taa sira Kura \u00bb ou s\u2019il est compromis du fait du d\u00e9lai de 24 mois.<\/p>\n\n\n\n<p>Ou alors, Assimi Go\u00efta, un homme d\u2019\u00e9coute et discret, a-t-il trouv\u00e9 un terrain d\u2019entente avec les parties de la classe politique rest\u00e9es jusque l\u00e0 en marge de la transition, afin que celles-ci apportent leurs pierres \u00e0 la construction de l\u2019\u00e9difice commun ? Certains partis politiques ont refus\u00e9 de participer aux ANR et avaient demand\u00e9 de maintenir l\u2019organisation des \u00e9lections par l\u2019Administration territoriale, rejetant l\u2019organe unique de gestion des \u00e9lections. En maintenant l\u2019Administration territoriale pour organiser les \u00e9lections, mais aussi en cr\u00e9ant l\u2019AIGE, qui est une forme de Commission \u00e9lectorale nationale ind\u00e9pendante (CENI) nouvelle formule, la nouvelle loi \u00e9lectorale coupe la poire en deux, et chacun est libre de voir le verre \u00e0 moiti\u00e9 plein ou \u00e0 moiti\u00e9 vide. Si tel est le cas, le Mali pourrait avoir un nouveau gouvernement dans les prochaines semaines. Quel avenir pour le Mali Kura ?<\/p>\n\n\n\n<p><strong>B. Daou<\/strong><\/p>\n\n\n\n<p><strong>Le R\u00e9publicain &#8211; Mali<\/strong><\/p>\n","protected":false},"excerpt":{"rendered":"<p>L\u2019adoption par le CNT du projet de loi \u00e9lectorale d\u00e9lest\u00e9 par pr\u00e8s d\u2019une centaine d\u2019amendements, ne traduit pas une unit\u00e9 d\u2019action des organes de la transition. L\u2019Autorit\u00e9 ind\u00e9pendante de Gestion&hellip;<\/p>\n","protected":false},"author":1,"featured_media":6612,"comment_status":"open","ping_status":"closed","sticky":false,"template":"","format":"standard","meta":{"content-type":"","_lmt_disableupdate":"","_lmt_disable":"","_jetpack_memberships_contains_paid_content":false,"footnotes":"","jetpack_publicize_message":"","jetpack_publicize_feature_enabled":true,"jetpack_social_post_already_shared":true,"jetpack_social_options":{"image_generator_settings":{"template":"highway","default_image_id":0,"font":"","enabled":false},"version":2}},"categories":[29,69,23],"tags":[],"class_list":["post-6611","post","type-post","status-publish","format-standard","has-post-thumbnail","hentry","category-chroniques","category-le-republicain-mali","category-politique"],"jetpack_publicize_connections":[],"featured_image_urls":{"full":"","thumbnail":"","medium":"","medium_large":"","large":"","1536x1536":"","2048x2048":"","penci-recipe-1200x1200":"","penci-recipe-1200x900":"","penci-recipe-1200x675":"","penci-single-full":"","penci-slider-full-thumb":"","penci-full-thumb":"","penci-slider-thumb":"","penci-magazine-slider":"","penci-thumb":"","penci-masonry-thumb":"","penci-thumb-square":"","penci-thumb-vertical":"","penci-thumb-small":""},"author_info":{"display_name":"Nandi","author_link":"https:\/\/nandi.info\/?author=1"},"category_info":"<a href=\"https:\/\/nandi.info\/?cat=29\" rel=\"category\">Chroniques<\/a> <a href=\"https:\/\/nandi.info\/?cat=69\" rel=\"category\">Le R\u00e9publicain Mali<\/a> <a href=\"https:\/\/nandi.info\/?cat=23\" rel=\"category\">Politique<\/a>","tag_info":"Politique","comment_count":"0","jetpack_featured_media_url":"","jetpack_sharing_enabled":true,"_links":{"self":[{"href":"https:\/\/nandi.info\/index.php?rest_route=\/wp\/v2\/posts\/6611","targetHints":{"allow":["GET"]}}],"collection":[{"href":"https:\/\/nandi.info\/index.php?rest_route=\/wp\/v2\/posts"}],"about":[{"href":"https:\/\/nandi.info\/index.php?rest_route=\/wp\/v2\/types\/post"}],"author":[{"embeddable":true,"href":"https:\/\/nandi.info\/index.php?rest_route=\/wp\/v2\/users\/1"}],"replies":[{"embeddable":true,"href":"https:\/\/nandi.info\/index.php?rest_route=%2Fwp%2Fv2%2Fcomments&post=6611"}],"version-history":[{"count":0,"href":"https:\/\/nandi.info\/index.php?rest_route=\/wp\/v2\/posts\/6611\/revisions"}],"wp:featuredmedia":[{"embeddable":true,"href":"https:\/\/nandi.info\/index.php?rest_route=\/"}],"wp:attachment":[{"href":"https:\/\/nandi.info\/index.php?rest_route=%2Fwp%2Fv2%2Fmedia&parent=6611"}],"wp:term":[{"taxonomy":"category","embeddable":true,"href":"https:\/\/nandi.info\/index.php?rest_route=%2Fwp%2Fv2%2Fcategories&post=6611"},{"taxonomy":"post_tag","embeddable":true,"href":"https:\/\/nandi.info\/index.php?rest_route=%2Fwp%2Fv2%2Ftags&post=6611"}],"curies":[{"name":"wp","href":"https:\/\/api.w.org\/{rel}","templated":true}]}}