{"id":6578,"date":"2022-06-20T14:44:21","date_gmt":"2022-06-20T12:44:21","guid":{"rendered":"https:\/\/nandi.info\/?p=6578"},"modified":"2022-06-20T14:44:21","modified_gmt":"2022-06-20T12:44:21","slug":"semaine-culturelle-de-lucao-uuba-la-culture-africaine-valorisee","status":"publish","type":"post","link":"https:\/\/nandi.info\/?p=6578","title":{"rendered":"Semaine Culturelle de l\u2019UCAO-UUBA : La culture africaine valoris\u00e9e !"},"content":{"rendered":"\n<p><strong><em>Sous le th\u00e8me&nbsp;:&nbsp;\u00ab&nbsp;A l\u2019UCAO-UUBa, tous engag\u00e9s pour une \u00e9cologie int\u00e9grale&nbsp;\u00bb, l\u2019\u00e9dition 2022 de la Semaine Culturelle de l\u2019Universit\u00e9 Catholique de l\u2019Afrique de l\u2019Ouest-Unit\u00e9 Universitaire \u00e0 Bamako (UCAO-UUBa) s\u2019est tenue du 3 au 10 juin \u00e0 Hamdallaye et \u00e0 Samaya. A cet effet, la c\u00e9r\u00e9monie de cl\u00f4ture de l\u2019\u00e9v\u00e8nement a eu lieu le vendredi 10 juin dernier \u00e0 l\u2019h\u00f4tel Onomo de Bamako en pr\u00e9sence du pr\u00e9sident de l\u2019UCAO-UUBa, Abb\u00e9 Cl\u00e9ment Lonah.<\/em><\/strong><\/p>\n\n\n\n<p class=\"has-drop-cap\">En effet, cette semaine culturelle de l\u2019UCAO-UUBa 2022 a \u00e9t\u00e9 marqu\u00e9e par&nbsp; diverses activit\u00e9s. Notamment des prestations culturelles, des tours de d\u00e9bats, des plantations d\u2019arbres en r\u00e9f\u00e9rence \u00e0 la journ\u00e9e internationale de l\u2019environnement, du concours de slam, du proc\u00e8s fictif (Sciences Juridiques), de la remise des dipl\u00f4mes, du match de football, du concours de cuisine, de la notation des stands et de la projection de films.<\/p>\n\n\n\n<p>Ainsi, pour marquer la fin de l\u2019\u00e9v\u00e8nement au compte de l\u2019an 2022, une c\u00e9r\u00e9monie de cl\u00f4ture a \u00e9t\u00e9 organis\u00e9e \u00e0 l\u2019h\u00f4tel Onomo de Bamako dans la soir\u00e9e du vendredi. Au cours de ce rendez-vous, le pr\u00e9sident de l\u2019UCAO-UUBa, Abb\u00e9 Lonah a tenu \u00e0 faire savoir que l\u2019objectif principal de ladite soir\u00e9e est la remise des attestions aux laur\u00e9ats des diff\u00e9rents concours. A ses dires, son \u00e9tablissement universitaire&nbsp; a lanc\u00e9 depuis 3 ans, l\u2019exp\u00e9rience de la semaine culturelle&nbsp; avec en relief une semaine pour montrer la culture malienne, la culture de l\u2019Afrique de l\u2019Ouest et la culture de l\u2019Afrique en g\u00e9n\u00e9ral, \u00e9tant donn\u00e9 que les Etudiants (es) et Professeurs de l\u2019UCAO&nbsp; sont de divers pays divers du continent.<\/p>\n\n\n\n<p>\u00ab&nbsp;Pendant cette semaine, nous nous amusons mais nous apprenons beaucoup de la culture, une culture qui est tr\u00e8s riche. Pendant cette semaine aussi nous proc\u00e9dons \u00e0 la remise des dipl\u00f4mes de nos \u00e9tudiants qui ont termin\u00e9 le cursus universitaire en Licence ou au Master&nbsp;\u00bb a-t-il soulign\u00e9.<\/p>\n\n\n\n<p>Aussi, pour cette \u00e9dition, l\u2019UCAO \u00e9tait en partenariat avec l\u2019Eglise Communion Fraternel \u2018\u2019ECF TV\u2019\u2019 dont le Directeur G\u00e9n\u00e9ral a pris part \u00e0 la c\u00e9r\u00e9monie. Selon le DG Abb\u00e9 Fernand Coulibaly, sa t\u00e9l\u00e9 est une toute nouvelle chaine cr\u00e9\u00e9e officiellement le 1<sup>er<\/sup>&nbsp;mars dernier par la volont\u00e9 des Ev\u00eaques du Mali. A l\u2019en croire, leur travail dans cette collaboration conclue entre eux et l\u2019universit\u00e9 consiste \u00e0 rendre visible toutes les activit\u00e9s et les actions de l\u2019UCAO. Par ailleurs, cette soir\u00e9e de cl\u00f4ture de la Semaine Culturelle de l\u2019UCAO-UUBa&nbsp; a \u00e9t\u00e9 enjoliv\u00e9e par les repr\u00e9sentations th\u00e9\u00e2trales et de l\u2019humour. Vivement pour celle de l\u2019ann\u00e9e 2023.<\/p>\n\n\n\n<p><strong>Par Mariam Sissoko&nbsp;&nbsp;&nbsp;&nbsp;&nbsp;<\/strong><\/p>\n","protected":false},"excerpt":{"rendered":"<p>Sous le th\u00e8me&nbsp;:&nbsp;\u00ab&nbsp;A l\u2019UCAO-UUBa, tous engag\u00e9s pour une \u00e9cologie int\u00e9grale&nbsp;\u00bb, l\u2019\u00e9dition 2022 de la Semaine Culturelle de l\u2019Universit\u00e9 Catholique de l\u2019Afrique de l\u2019Ouest-Unit\u00e9 Universitaire \u00e0 Bamako (UCAO-UUBa) s\u2019est tenue du&hellip;<\/p>\n","protected":false},"author":1,"featured_media":0,"comment_status":"open","ping_status":"closed","sticky":false,"template":"","format":"standard","meta":{"content-type":"","_lmt_disableupdate":"","_lmt_disable":"","_jetpack_memberships_contains_paid_content":false,"footnotes":"","jetpack_publicize_message":"","jetpack_publicize_feature_enabled":true,"jetpack_social_post_already_shared":true,"jetpack_social_options":{"image_generator_settings":{"template":"highway","default_image_id":0,"font":"","enabled":false},"version":2}},"categories":[67,32],"tags":[],"class_list":["post-6578","post","type-post","status-publish","format-standard","hentry","category-le-sursaut","category-musique-art-et-culture"],"jetpack_publicize_connections":[],"featured_image_urls":{"full":"","thumbnail":"","medium":"","medium_large":"","large":"","1536x1536":"","2048x2048":"","penci-recipe-1200x1200":"","penci-recipe-1200x900":"","penci-recipe-1200x675":"","penci-single-full":"","penci-slider-full-thumb":"","penci-full-thumb":"","penci-slider-thumb":"","penci-magazine-slider":"","penci-thumb":"","penci-masonry-thumb":"","penci-thumb-square":"","penci-thumb-vertical":"","penci-thumb-small":""},"author_info":{"display_name":"Nandi","author_link":"https:\/\/nandi.info\/?author=1"},"category_info":"<a href=\"https:\/\/nandi.info\/?cat=67\" rel=\"category\">Le Sursaut<\/a> <a href=\"https:\/\/nandi.info\/?cat=32\" rel=\"category\">Musique Art et Culture<\/a>","tag_info":"Musique Art et Culture","comment_count":"0","jetpack_featured_media_url":"","jetpack_sharing_enabled":true,"_links":{"self":[{"href":"https:\/\/nandi.info\/index.php?rest_route=\/wp\/v2\/posts\/6578","targetHints":{"allow":["GET"]}}],"collection":[{"href":"https:\/\/nandi.info\/index.php?rest_route=\/wp\/v2\/posts"}],"about":[{"href":"https:\/\/nandi.info\/index.php?rest_route=\/wp\/v2\/types\/post"}],"author":[{"embeddable":true,"href":"https:\/\/nandi.info\/index.php?rest_route=\/wp\/v2\/users\/1"}],"replies":[{"embeddable":true,"href":"https:\/\/nandi.info\/index.php?rest_route=%2Fwp%2Fv2%2Fcomments&post=6578"}],"version-history":[{"count":0,"href":"https:\/\/nandi.info\/index.php?rest_route=\/wp\/v2\/posts\/6578\/revisions"}],"wp:attachment":[{"href":"https:\/\/nandi.info\/index.php?rest_route=%2Fwp%2Fv2%2Fmedia&parent=6578"}],"wp:term":[{"taxonomy":"category","embeddable":true,"href":"https:\/\/nandi.info\/index.php?rest_route=%2Fwp%2Fv2%2Fcategories&post=6578"},{"taxonomy":"post_tag","embeddable":true,"href":"https:\/\/nandi.info\/index.php?rest_route=%2Fwp%2Fv2%2Ftags&post=6578"}],"curies":[{"name":"wp","href":"https:\/\/api.w.org\/{rel}","templated":true}]}}