{"id":6574,"date":"2022-06-20T14:29:14","date_gmt":"2022-06-20T12:29:14","guid":{"rendered":"https:\/\/nandi.info\/?p=6574"},"modified":"2022-06-20T14:29:14","modified_gmt":"2022-06-20T12:29:14","slug":"baccalaureat-general-2022-192-442-candidats-attendus-dans-les-salles-dexamen","status":"publish","type":"post","link":"https:\/\/nandi.info\/?p=6574","title":{"rendered":"Baccalaur\u00e9at G\u00e9n\u00e9ral 2022 : 192.442 candidats attendus dans les salles d\u2019examen !"},"content":{"rendered":"\n<p><strong><em>Le calendrier des examens de fin d\u2019ann\u00e9e au Mali est connu depuis des semaines. Dans ce sens, au cours du Conseil des Ministres du mercredi 15 juin dernier, au chapitre des communications, le ministre de l\u2019Education Nationale, Sidib\u00e9 D\u00e9d\u00e9ou Ousmane a pr\u00e9sent\u00e9 son rapport sur le sujet. Ainsi, au niveau du Baccalaur\u00e9at G\u00e9n\u00e9ral, les candidats inscrits sont au nombre de 192.442 qui seront r\u00e9partis dans les diff\u00e9rentes salles d\u2019examen pour des \u00e9preuves pr\u00e9vues du lundi 18 au jeudi 21 juillet 2022.<\/em><\/strong><\/p>\n\n\n\n<p class=\"has-drop-cap\">En effet, les examens de fin d\u2019ann\u00e9e scolaire 2021-2022 se d\u00e9rouleront comme suit&nbsp;: du lundi 27 au mercredi 29 juin 2022, il est pr\u00e9vu l\u2019examen de Dipl\u00f4me d\u2019\u00e9tudes fondamentales (DEF) dont le nombre d\u2019\u00e9l\u00e8ves inscrits est \u00e0 l\u2019ordre de 234.443.&nbsp; Aussi, le Baccalaur\u00e9at g\u00e9n\u00e9ral est programm\u00e9 pour le lundi 18 au jeudi 21 juillet 2022 avec 192.442 candidats inscrits. Pour le Baccalaur\u00e9at technique et professionnel, le nombre de candidats est de 2.596.<\/p>\n\n\n\n<p>Dans la m\u00eame lanc\u00e9e, du lundi 4 au jeudi 7 juillet 2022 auront lieu l\u2019examen du Brevet de Technicien 1<sup>\u00e8re<\/sup>&nbsp;partie et 2<sup>\u00e8me<\/sup>&nbsp;partie, Tertiaire et industrie avec 42.159&nbsp; candidats inscrits.<\/p>\n\n\n\n<p>Quant \u00e0 l\u2019examen du Certificat d\u2019Aptitude Professionnel (CAP) et Tertiaire et industrie, il se d\u00e9roulera ce matin lundi 20 au jeudi 23 juin 2022 avec 23.434 candidats inscrits.<\/p>\n\n\n\n<p>Pr\u00e9vu du lundi 18 au vendredi 22 juillet 2022, l\u2019examen des Instituts de formation des Maitres mettra en comp\u00e9tition 11.603 candidats inscrits.<\/p>\n\n\n\n<p>L\u2019examen du Brevet de Technicien des Ecoles de Sant\u00e9 fermera la marche du lundi 1<sup>er<\/sup>&nbsp;au vendredi 5 Ao\u00fbt 2022.<\/p>\n\n\n\n<p>A l\u2019examen du m\u00eame communiqu\u00e9 de ce Conseil des Ministres, il ressort que les examens du DEF et du Bac pour les candidats r\u00e9fugi\u00e9s seront organis\u00e9s&nbsp; en Mauritanie, au camp de M\u2019B\u00e8ra&nbsp; et \u00e0 Bassikoumou, aux m\u00eames dates que pour les candidats \u00e0 l\u2019int\u00e9rieur du Mali. Bonne chance \u00e0 tous&nbsp;!<\/p>\n\n\n\n<p><strong>Par Mariam Sissoko<\/strong><\/p>\n\n\n\n<p><strong>Le Sursaut<\/strong><\/p>\n","protected":false},"excerpt":{"rendered":"<p>Le calendrier des examens de fin d\u2019ann\u00e9e au Mali est connu depuis des semaines. Dans ce sens, au cours du Conseil des Ministres du mercredi 15 juin dernier, au chapitre&hellip;<\/p>\n","protected":false},"author":1,"featured_media":6575,"comment_status":"open","ping_status":"closed","sticky":false,"template":"","format":"standard","meta":{"content-type":"","_lmt_disableupdate":"","_lmt_disable":"","_jetpack_memberships_contains_paid_content":false,"footnotes":"","jetpack_publicize_message":"","jetpack_publicize_feature_enabled":true,"jetpack_social_post_already_shared":true,"jetpack_social_options":{"image_generator_settings":{"template":"highway","default_image_id":0,"font":"","enabled":false},"version":2}},"categories":[38,67],"tags":[],"class_list":["post-6574","post","type-post","status-publish","format-standard","has-post-thumbnail","hentry","category-education","category-le-sursaut"],"jetpack_publicize_connections":[],"featured_image_urls":{"full":"","thumbnail":"","medium":"","medium_large":"","large":"","1536x1536":"","2048x2048":"","penci-recipe-1200x1200":"","penci-recipe-1200x900":"","penci-recipe-1200x675":"","penci-single-full":"","penci-slider-full-thumb":"","penci-full-thumb":"","penci-slider-thumb":"","penci-magazine-slider":"","penci-thumb":"","penci-masonry-thumb":"","penci-thumb-square":"","penci-thumb-vertical":"","penci-thumb-small":""},"author_info":{"display_name":"Nandi","author_link":"https:\/\/nandi.info\/?author=1"},"category_info":"<a href=\"https:\/\/nandi.info\/?cat=38\" rel=\"category\">Education<\/a> <a href=\"https:\/\/nandi.info\/?cat=67\" rel=\"category\">Le Sursaut<\/a>","tag_info":"Le Sursaut","comment_count":"0","jetpack_featured_media_url":"","jetpack_sharing_enabled":true,"_links":{"self":[{"href":"https:\/\/nandi.info\/index.php?rest_route=\/wp\/v2\/posts\/6574","targetHints":{"allow":["GET"]}}],"collection":[{"href":"https:\/\/nandi.info\/index.php?rest_route=\/wp\/v2\/posts"}],"about":[{"href":"https:\/\/nandi.info\/index.php?rest_route=\/wp\/v2\/types\/post"}],"author":[{"embeddable":true,"href":"https:\/\/nandi.info\/index.php?rest_route=\/wp\/v2\/users\/1"}],"replies":[{"embeddable":true,"href":"https:\/\/nandi.info\/index.php?rest_route=%2Fwp%2Fv2%2Fcomments&post=6574"}],"version-history":[{"count":0,"href":"https:\/\/nandi.info\/index.php?rest_route=\/wp\/v2\/posts\/6574\/revisions"}],"wp:featuredmedia":[{"embeddable":true,"href":"https:\/\/nandi.info\/index.php?rest_route=\/"}],"wp:attachment":[{"href":"https:\/\/nandi.info\/index.php?rest_route=%2Fwp%2Fv2%2Fmedia&parent=6574"}],"wp:term":[{"taxonomy":"category","embeddable":true,"href":"https:\/\/nandi.info\/index.php?rest_route=%2Fwp%2Fv2%2Fcategories&post=6574"},{"taxonomy":"post_tag","embeddable":true,"href":"https:\/\/nandi.info\/index.php?rest_route=%2Fwp%2Fv2%2Ftags&post=6574"}],"curies":[{"name":"wp","href":"https:\/\/api.w.org\/{rel}","templated":true}]}}