{"id":6549,"date":"2022-06-20T10:55:00","date_gmt":"2022-06-20T08:55:00","guid":{"rendered":"https:\/\/nandi.info\/?p=6549"},"modified":"2022-06-20T10:55:00","modified_gmt":"2022-06-20T08:55:00","slug":"aiche-baba-keita-presidente-de-la-forsat-civile-nous-devons-nous-mobiliser-et-resserrer-les-rangs-derriere-les-autorites-et-les-institutions","status":"publish","type":"post","link":"https:\/\/nandi.info\/?p=6549","title":{"rendered":"A\u00efch\u00e9 Baba K\u00e9\u00efta, pr\u00e9sidente de la Forsat- Civile : \u201cNous devons nous mobiliser et resserrer les rangs derri\u00e8re les autorit\u00e9s et les institutions\u201d"},"content":{"rendered":"\n<p><strong><em>Il existe d\u00e9sormais une Association d\u00e9nomm\u00e9e F\u00e9d\u00e9ration des organisations et regroupements qui soutiennent les actions de la Transition \u201cForsat-Civile) dont la pr\u00e9sidente est notre cons\u0153ur de l\u2019Ortm, A\u00eech\u00e9 Baba K\u00e9\u00efta. Cette f\u00e9d\u00e9ration dont le lancement a eu lieu le 9 juin dernier, regroupe une vingtaine d\u2019associations qui ont d\u00e9cid\u00e9 de mutualiser leurs efforts dans un but commun : promouvoir toute action de paix. Nous vous livrons, in extenso, sa communication \u00e0 l\u2019occasion de cet \u00e9v\u00e9nement.<\/em><\/strong><\/p>\n\n\n\n<p class=\"has-drop-cap\">Permettez-moi d\u2019abord de faire de l\u2019insigne honneur du choix port\u00e9 sur ma modeste personne pour pr\u00e9sider cette structure, d\u00e9nomm\u00e9e la Forsat-Civile. La Forsat-Civile est une fa\u00eeti\u00e8re, f\u00e9d\u00e9rant plusieurs associations qui ont d\u00e9cid\u00e9 de mutualiser leurs efforts dans un but commun. La Forsat se veut en effet une unit\u00e9 d\u2019\u00e9lite, de promotion de la paix, de la coh\u00e9sion sociale et surtout de soutien aux actions de la transition comme son nom l\u2019indique. Ainsi, nous nous proposons comme missions essentielles :<\/p>\n\n\n\n<p>\u2013 Le soutien \u00e0 la stabilit\u00e9 du Mali \u00e0 travers des plaidoyers, des m\u00e9diations entre les partisans des anciens et des actuels dirigeants du pays;<\/p>\n\n\n\n<p>\u2013 La volont\u00e9 de constituer le pont indispensable entre les divers acteurs politiques et d\u00e9cideurs qui ont, \u00e0 un moment ou un autre, eu ou ont la charge de diriger ce pays si cher \u00e0 notre c\u0153ur \u00e0 tous ;<\/p>\n\n\n\n<p>\u2013 Solliciter donc toutes les \u00e9nergies nationales \u00e0 mettre leurs exp\u00e9riences au service des autorit\u00e9s de la transition pour parvenir \u00e0 la satisfaction de toutes les aspirations du peuple Malien ;<\/p>\n\n\n\n<p>\u2013 Produire des contributions intellectuelles au b\u00e9n\u00e9fice du d\u00e9veloppement du pays ;<\/p>\n\n\n\n<p>\u2013 Faire des sensibilisations \u00e0 l\u2019int\u00e9rieur et \u00e0 l\u2019ext\u00e9rieur du Mali pour mieux faire comprendre les avanc\u00e9es de notre pays sur les difficiles chemins de la libert\u00e9 dans l\u2019honneur et la dignit\u00e9 ;<\/p>\n\n\n\n<p>\u2013 Promouvoir toute action de paix ; et enfin<\/p>\n\n\n\n<p>\u2013 Organiser des manifestations pacifiques, si n\u00e9cessaires pour affirmer notre point de vu par rapport aux grands dossiers de la nation.<\/p>\n\n\n\n<p>Certaines situations, certaines attitudes contribuent \u00e0 plonger un peu plus profond\u00e9ment notre population dans la d\u00e9tresse et aggravent les p\u00e9rils pesant d\u00e9j\u00e0 sur le pays. Le Mali a aujourd\u2019hui, plus que jamais, besoin de l\u2019union de toutes les filles et tous les fils de la Nation. Nous devons nous mobiliser et resserrer les rangs derri\u00e8re les autorit\u00e9s et les institutions de l\u2019Etat, pour face aux nombreuses difficult\u00e9s qui assaillent notre peuple.&nbsp; Pour ce faire, la Forsat Civile s\u2019engage \u00e0 p\u00e9renniser l\u2019esprit de la volont\u00e9 populaire exprim\u00e9e, dans la plus grande mobilisation jamais encore r\u00e9alis\u00e9e dans l\u2019histoire de notre pays, le 14 janvier dernier. Nous le r\u00e9affirmons haut et fort : les dirigeants appliquent les exigences du peuple malien librement exprim\u00e9es, lors des Assises Nationales de la Refondation qui se sont tenues \u00e0 travers l\u2019ensemble du territoire national.<\/p>\n\n\n\n<p>C\u2019est pourquoi, nous voulons t\u00e9moigner notre soutien et notre reconnaissance aux autorit\u00e9s maliennes engag\u00e9es \u00e0 prendre des mesures pour \u00e9pargner \u00e0 notre population les difficult\u00e9s auxquelles elle est confront\u00e9e.<\/p>\n\n\n\n<p>Nous tenons \u00e9galement \u00e0 remercier tous les soutiens que nous recevons dans le cadre de la conduite de notre mission au service du peuple malien, ainsi qu\u2019\u00e0 l\u2019endroit de tous les acteurs et toutes les forces vives de la Nation qui ont d\u00e9cid\u00e9 de faire des efforts pour accompagner les autorit\u00e9s ; dans la d\u00e9fense et la consolidation des institutions et de l\u2019Etat.<\/p>\n\n\n\n<p>Pour terminer, permettez \u00e0 ma modeste personne et \u00e0 tous les membres de la Forsat Civile, de demander pardon \u00e0 tous ceux qui auront \u00e9t\u00e9 bless\u00e9s par nos propos ou notre mani\u00e8re de faire. Si cela a \u00e9t\u00e9 fait, cela n\u2019aura pas \u00e9t\u00e9 notre intention, qui est de f\u00e9d\u00e9rer toutes les forces de ce pays, dans la coh\u00e9sion et&nbsp; l\u2019unit\u00e9 des c\u0153urs et des esprits\u201d.<\/p>\n","protected":false},"excerpt":{"rendered":"<p>Il existe d\u00e9sormais une Association d\u00e9nomm\u00e9e F\u00e9d\u00e9ration des organisations et regroupements qui soutiennent les actions de la Transition \u201cForsat-Civile) dont la pr\u00e9sidente est notre cons\u0153ur de l\u2019Ortm, A\u00eech\u00e9 Baba K\u00e9\u00efta.&hellip;<\/p>\n","protected":false},"author":1,"featured_media":6550,"comment_status":"open","ping_status":"closed","sticky":false,"template":"","format":"standard","meta":{"content-type":"","_lmt_disableupdate":"","_lmt_disable":"","_jetpack_memberships_contains_paid_content":false,"footnotes":"","jetpack_publicize_message":"","jetpack_publicize_feature_enabled":true,"jetpack_social_post_already_shared":true,"jetpack_social_options":{"image_generator_settings":{"template":"highway","default_image_id":0,"font":"","enabled":false},"version":2}},"categories":[19,21],"tags":[],"class_list":["post-6549","post","type-post","status-publish","format-standard","has-post-thumbnail","hentry","category-aujourdhui-mali","category-societe"],"jetpack_publicize_connections":[],"featured_image_urls":{"full":"","thumbnail":"","medium":"","medium_large":"","large":"","1536x1536":"","2048x2048":"","penci-recipe-1200x1200":"","penci-recipe-1200x900":"","penci-recipe-1200x675":"","penci-single-full":"","penci-slider-full-thumb":"","penci-full-thumb":"","penci-slider-thumb":"","penci-magazine-slider":"","penci-thumb":"","penci-masonry-thumb":"","penci-thumb-square":"","penci-thumb-vertical":"","penci-thumb-small":""},"author_info":{"display_name":"Nandi","author_link":"https:\/\/nandi.info\/?author=1"},"category_info":"<a href=\"https:\/\/nandi.info\/?cat=19\" rel=\"category\">Aujourd\u2019hui Mali<\/a> <a href=\"https:\/\/nandi.info\/?cat=21\" rel=\"category\">Soci\u00e9t\u00e9<\/a>","tag_info":"Soci\u00e9t\u00e9","comment_count":"0","jetpack_featured_media_url":"","jetpack_sharing_enabled":true,"_links":{"self":[{"href":"https:\/\/nandi.info\/index.php?rest_route=\/wp\/v2\/posts\/6549","targetHints":{"allow":["GET"]}}],"collection":[{"href":"https:\/\/nandi.info\/index.php?rest_route=\/wp\/v2\/posts"}],"about":[{"href":"https:\/\/nandi.info\/index.php?rest_route=\/wp\/v2\/types\/post"}],"author":[{"embeddable":true,"href":"https:\/\/nandi.info\/index.php?rest_route=\/wp\/v2\/users\/1"}],"replies":[{"embeddable":true,"href":"https:\/\/nandi.info\/index.php?rest_route=%2Fwp%2Fv2%2Fcomments&post=6549"}],"version-history":[{"count":0,"href":"https:\/\/nandi.info\/index.php?rest_route=\/wp\/v2\/posts\/6549\/revisions"}],"wp:featuredmedia":[{"embeddable":true,"href":"https:\/\/nandi.info\/index.php?rest_route=\/"}],"wp:attachment":[{"href":"https:\/\/nandi.info\/index.php?rest_route=%2Fwp%2Fv2%2Fmedia&parent=6549"}],"wp:term":[{"taxonomy":"category","embeddable":true,"href":"https:\/\/nandi.info\/index.php?rest_route=%2Fwp%2Fv2%2Fcategories&post=6549"},{"taxonomy":"post_tag","embeddable":true,"href":"https:\/\/nandi.info\/index.php?rest_route=%2Fwp%2Fv2%2Ftags&post=6549"}],"curies":[{"name":"wp","href":"https:\/\/api.w.org\/{rel}","templated":true}]}}