{"id":6543,"date":"2022-06-20T09:11:00","date_gmt":"2022-06-20T07:11:00","guid":{"rendered":"https:\/\/nandi.info\/?p=6543"},"modified":"2022-06-20T09:11:00","modified_gmt":"2022-06-20T07:11:00","slug":"assemblee-generale-ordinaire-du-gpac-les-membres-et-partenaires-se-felicitent-des-avancees-enregistrees-par-lorganisation","status":"publish","type":"post","link":"https:\/\/nandi.info\/?p=6543","title":{"rendered":"Assembl\u00e9e g\u00e9n\u00e9rale ordinaire du GPAC : Les membres et partenaires se f\u00e9licitent des avanc\u00e9es enregistr\u00e9es par l\u2019organisation\ufffc"},"content":{"rendered":"\n<p><strong><em>Le Groupement professionnel des agences de communication et des r\u00e9gies publicitaires du Mali (Gpac) a tenu hier son assembl\u00e9e g\u00e9n\u00e9rale ordinaire. Pr\u00e9sentation du rapport d\u2019activit\u00e9s du bureau, du rapport financier, plan d\u2019actions 2022-2023, amendements des textes. Tels \u00e9taient, entre autres sujets \u00e0 l\u2019ordre du jour des assises tenues au si\u00e8ge du Conseil national du patronat du Mali (Cnpm).<\/em><\/strong><\/p>\n\n\n\n<p class=\"has-drop-cap\">Cette assembl\u00e9e g\u00e9n\u00e9rale ordinaire plac\u00e9e sous la pr\u00e9sidence du ministre de la Communication, de l\u2019Economie num\u00e9rique et de la Modernisation de l\u2019administration, Me Harouna Tour\u00e9, a enregistr\u00e9 la participation massive des agences de communication du Mali regroup\u00e9es au sein du Gpac. Il y avait aussi des organisations partenaires, notamment la Maison de la presse repr\u00e9sent\u00e9e par son pr\u00e9sident Bandiougou Dant\u00e9, l\u2019administration provisoire du Conseil national du Mali (Cnpm) repr\u00e9sent\u00e9e par Soya Golfa et Ibrahim Diawara ; le Reao Mali, l\u2019Ortm, la Ccim,&nbsp; la Haute autorit\u00e9 de la communication (HAC) pour ne citer que ceux-ci.<\/p>\n\n\n\n<p>Le pr\u00e9sident du Gpac Sidi Dagnoko a pr\u00e9sent\u00e9 les activit\u00e9s r\u00e9alis\u00e9es durant l\u2019ann\u00e9e 2021 et&nbsp;&nbsp; saluer la bonne collaboration avec les partenaires,&nbsp; notamment les organisations professionnelles, les annonceurs et surtout le d\u00e9partement minist\u00e9riel.<\/p>\n\n\n\n<p>A en croire le premier responsable du Gpac, leur secteur est sensible \u00e0 la crise du fait que leurs membres travaillent avec les entreprises. Ainsi, s\u2019agissant des activit\u00e9s, il a mis l\u2019accent&nbsp; sur la r\u00e9gulation avec les organisations professionnelles et dans le cadre d\u2019un partenariat strat\u00e9gique.<\/p>\n\n\n\n<p><em>\u201cNous participons \u00e0 des travaux intellectuels quand nous sommes sollicit\u00e9s par le gouvernement ou d\u2019autres organisations. Nous accompagnons toutes les initiatives les plus int\u00e9ressantes qui permettent de faire avancer certains sujets qui peuvent faire profiter \u00e0 tout le pays\u201d<\/em>&nbsp;a expliqu\u00e9 Sidi Dagnoko, non moins patron de l\u2019agence Spirit. Il a aussi ajout\u00e9 que le groupement&nbsp; a men\u00e9 des activit\u00e9s en travaillant pour consolider leur cadre l\u00e9gal&nbsp;<em>\u201ccar nous \u00e9tions dans un fourre-tout&nbsp;avec plus de 500 agences de communications souvent cr\u00e9\u00e9es dans des boutiques, dans les services publics et parfois dont on ne connait ni l\u2019auteur ni le si\u00e8ge, sans cadre juridique\u201d<\/em>, a regrett\u00e9 le pr\u00e9sident du Gpac qui s\u2019est r\u00e9joui de l\u2019assainissement du secteur, avec le soutien de l\u2019Etat \u00e0 travers un cadre juridique, r\u00e8glementaire, mettant fin \u00e0 l\u2019informel dans leur secteur. M. Dagnoko de poursuivre que leur regroupement travail avec les collectivit\u00e9s locales, le gouvernement,&nbsp; pour cr\u00e9er un organe de r\u00e9gulation&nbsp; et en tant que&nbsp; membre du Cnpm, a travaill\u00e9 pour que cette structure retrouve la s\u00e9r\u00e9nit\u00e9 comme c\u2019est le cas aujourd\u2019hui.<\/p>\n\n\n\n<p>L\u2019occasion fut idoine pour pr\u00e9senter le site du Gpac qui englobe les informations relatives \u00e0 toutes les activit\u00e9s de cette organisation.<\/p>\n\n\n\n<p><strong>Plus de 4 000 panneaux publicitaires ill\u00e9gaux<\/strong><\/p>\n\n\n\n<p>Le pr\u00e9sident de la commission d\u2019implantation des panneaux publicitaires, Alou Diabat\u00e9, a saisi cette tribune pour relever que leur organe est en train de faire un travail remarquable \u00e0 travers le Gpac, avec l\u2019accompagnement du minist\u00e8re de la Communication, les collectivit\u00e9s territoriales, pour assainir le milieu des affichages ill\u00e9gaux. Ce qui les a conduits, selon lui, \u00e0 d\u00e9nombrer plus de 4 000 panneaux install\u00e9s ill\u00e9galement dans le district de Bamako et alentours.&nbsp;<em>\u201cNous avons commenc\u00e9 \u00e0 d\u00e9sinstaller ces panneaux sur diff\u00e9rentes voies et nous allons reprendre les travaux \u00e0 partir de juillet prochain\u201d<\/em>, a pr\u00e9venu Alou Diabat\u00e9.<\/p>\n\n\n\n<p>Quant au&nbsp; pr\u00e9sident de la Maison de la presse, Bandiougou Diabat\u00e9, il a salu\u00e9 la parfaite complicit\u00e9 entre leur structure et le Gpac, notamment lors de l\u2019\u00e9lection de la HAC, l\u2019organisation de la journ\u00e9e de la radio.<\/p>\n\n\n\n<p><em>\u201cLe Gpac a \u00e9t\u00e9 toujours \u00e0 nos c\u00f4t\u00e9s. Nous reconnaissons que le groupement a une solide exp\u00e9rience en mati\u00e8re de lobbying et de plaidoyer, ce qui&nbsp; a permis de nettoyer son secteur. Si dans les autres pays c\u2019est la prolif\u00e9ration des armes l\u00e9g\u00e8res qui constitue le danger,&nbsp; chez nous au Mali,&nbsp; dans 3 ou 4 ans, le danger c\u2019est plut\u00f4t la prolif\u00e9ration des m\u00e9dias\u201d<\/em>, a soutenu Bandiougou Dant\u00e9<\/p>\n\n\n\n<p>Intervenant au nom de l\u2019administration provisoire du Cnpm, Ibrahim Diawara, patron de IBI group, a appr\u00e9ci\u00e9 \u00e0 juste titre le r\u00f4le d\u00e9terminant jou\u00e9 par le Gpac dans la r\u00e9solution de cette crise. Il aussi salu\u00e9 le mangement de cette structure qui est l\u2019une des rares organisations g\u00e9r\u00e9es, selon lui,&nbsp; de mani\u00e8re professionnelle. Dans son adresse, le ministre de la Communication de l\u2019Economie num\u00e9rique et de la Modernisation de l\u2019administration, Me Harouna Tour\u00e9, a appr\u00e9ci\u00e9 la concordance d\u2019id\u00e9es entre son d\u00e9partement et le Gpac.<\/p>\n\n\n\n<p><em>\u201cNous savons que vous \u00eates des hommes et des femmes d\u2019action et nous avons en commun cet esprit d\u2019aller de l\u2019avant, d\u2019amener notre pays \u00e0 une nouvelle forme d\u2019ind\u00e9pendance\u201d<\/em>&nbsp;a soutenu le Ministre. Il&nbsp; a affirm\u00e9 avoir not\u00e9 avec satisfaction les grands progr\u00e8s r\u00e9alis\u00e9s dans le Groupement, comme la mise en place d\u2019un statut juridique du m\u00e9tier de publicit\u00e9, l\u2019octroi des agr\u00e9ments professionnels d\u2019exercice du m\u00e9tier de publicitaire, la r\u00e9gulation du secteur de l\u2019affichage publicitaire avec la signature de la convention avec les mairies\u2026<\/p>\n\n\n\n<p><strong>Kassoum THERA<\/strong><\/p>\n","protected":false},"excerpt":{"rendered":"<p>Le Groupement professionnel des agences de communication et des r\u00e9gies publicitaires du Mali (Gpac) a tenu hier son assembl\u00e9e g\u00e9n\u00e9rale ordinaire. Pr\u00e9sentation du rapport d\u2019activit\u00e9s du bureau, du rapport financier,&hellip;<\/p>\n","protected":false},"author":1,"featured_media":6544,"comment_status":"open","ping_status":"closed","sticky":false,"template":"","format":"standard","meta":{"content-type":"","_lmt_disableupdate":"","_lmt_disable":"","_jetpack_memberships_contains_paid_content":false,"footnotes":"","jetpack_publicize_message":"","jetpack_publicize_feature_enabled":true,"jetpack_social_post_already_shared":true,"jetpack_social_options":{"image_generator_settings":{"template":"highway","default_image_id":0,"font":"","enabled":false},"version":2}},"categories":[19,21],"tags":[],"class_list":["post-6543","post","type-post","status-publish","format-standard","has-post-thumbnail","hentry","category-aujourdhui-mali","category-societe"],"jetpack_publicize_connections":[],"featured_image_urls":{"full":"","thumbnail":"","medium":"","medium_large":"","large":"","1536x1536":"","2048x2048":"","penci-recipe-1200x1200":"","penci-recipe-1200x900":"","penci-recipe-1200x675":"","penci-single-full":"","penci-slider-full-thumb":"","penci-full-thumb":"","penci-slider-thumb":"","penci-magazine-slider":"","penci-thumb":"","penci-masonry-thumb":"","penci-thumb-square":"","penci-thumb-vertical":"","penci-thumb-small":""},"author_info":{"display_name":"Nandi","author_link":"https:\/\/nandi.info\/?author=1"},"category_info":"<a href=\"https:\/\/nandi.info\/?cat=19\" rel=\"category\">Aujourd\u2019hui Mali<\/a> <a href=\"https:\/\/nandi.info\/?cat=21\" rel=\"category\">Soci\u00e9t\u00e9<\/a>","tag_info":"Soci\u00e9t\u00e9","comment_count":"0","jetpack_featured_media_url":"","jetpack_sharing_enabled":true,"_links":{"self":[{"href":"https:\/\/nandi.info\/index.php?rest_route=\/wp\/v2\/posts\/6543","targetHints":{"allow":["GET"]}}],"collection":[{"href":"https:\/\/nandi.info\/index.php?rest_route=\/wp\/v2\/posts"}],"about":[{"href":"https:\/\/nandi.info\/index.php?rest_route=\/wp\/v2\/types\/post"}],"author":[{"embeddable":true,"href":"https:\/\/nandi.info\/index.php?rest_route=\/wp\/v2\/users\/1"}],"replies":[{"embeddable":true,"href":"https:\/\/nandi.info\/index.php?rest_route=%2Fwp%2Fv2%2Fcomments&post=6543"}],"version-history":[{"count":0,"href":"https:\/\/nandi.info\/index.php?rest_route=\/wp\/v2\/posts\/6543\/revisions"}],"wp:featuredmedia":[{"embeddable":true,"href":"https:\/\/nandi.info\/index.php?rest_route=\/"}],"wp:attachment":[{"href":"https:\/\/nandi.info\/index.php?rest_route=%2Fwp%2Fv2%2Fmedia&parent=6543"}],"wp:term":[{"taxonomy":"category","embeddable":true,"href":"https:\/\/nandi.info\/index.php?rest_route=%2Fwp%2Fv2%2Fcategories&post=6543"},{"taxonomy":"post_tag","embeddable":true,"href":"https:\/\/nandi.info\/index.php?rest_route=%2Fwp%2Fv2%2Ftags&post=6543"}],"curies":[{"name":"wp","href":"https:\/\/api.w.org\/{rel}","templated":true}]}}