{"id":6539,"date":"2022-06-20T09:02:00","date_gmt":"2022-06-20T07:02:00","guid":{"rendered":"https:\/\/nandi.info\/?p=6539"},"modified":"2022-06-20T09:02:00","modified_gmt":"2022-06-20T07:02:00","slug":"dr-choguel-maiga-lors-de-lemission-mali-kura-taasira-sur-lortm-nous-avons-une-constitution-dont-lapplication-na-pas-empeche-trois-coups","status":"publish","type":"post","link":"https:\/\/nandi.info\/?p=6539","title":{"rendered":"Dr Choguel Ma\u00efga lors de l\u2019\u00e9mission \u201cMali Kura Taasira\u201d sur l\u2019ORTM : \u201cNous avons une constitution dont l\u2019application n\u2019a pas emp\u00each\u00e9 trois coups d\u2019\u00c9tat en 30 ans\u201d."},"content":{"rendered":"\n<h2 class=\"has-large-font-size wp-block-heading\"><strong>\u201cLes Maliens veulent un \u00c9tat refond\u00e9 avec une constitution qui prend en charge la v\u00e9ritable pr\u00e9occupation des Maliens\u201d<\/strong><\/h2>\n\n\n\n<p><strong><em>Pour boucler en beaut\u00e9 l\u2019\u00e9mission \u201cMali Kura Taasira\u201d, le Premier ministre, Dr Choguel K. Ma\u00efga \u00e9tait, dimanche soir, sur l\u2019Ortm. Pendant plusieurs heures d\u2019horloge, le chef du gouvernement a fait le point de son bilan. Plusieurs sujets ont \u00e9t\u00e9 \u00e9voqu\u00e9s, notamment la cr\u00e9ation d\u2019une autorit\u00e9 ind\u00e9pendante pour g\u00e9rer les \u00e9lections, le Programme d\u2019Action Gouvernementale, la r\u00e9vision constitutionnelle\u2026 Voici la premi\u00e8re partie de cet entretien.&nbsp;&nbsp;&nbsp;<\/em><\/strong><\/p>\n\n\n\n<p class=\"has-drop-cap\">Le pr\u00e9sident de la Transition, d\u00e8s le 16 juin 2021, \u00e0 l\u2019occasion du Conseil des ministres inaugural, a donn\u00e9 au gouvernement les missions pr\u00e9cises suivantes : Premi\u00e8rement, le retour de la s\u00e9curit\u00e9 sur l\u2019ensemble du territoire national, deuxi\u00e8mement, la r\u00e9alisation des r\u00e9formes politiques et institutionnelles. Troisi\u00e8mement, instaurer la bonne gouvernance et la r\u00e9duction du train de vie de l\u2019\u00c9tat et enfin cr\u00e9er les conditions d\u2019organisation d\u2019\u00e9lections libres et transparentes. Apr\u00e8s avoir donn\u00e9 ces missions, le pr\u00e9sident a indiqu\u00e9 clairement que le gouvernement doit s\u2019atteler imm\u00e9diatement \u00e0 rechercher le plus rapidement l\u2019apaisement social, chercher \u00e0 f\u00e9d\u00e9rer l\u2019ensemble des forces patriotiques et susciter leur adh\u00e9sion pour la r\u00e9ussite de la mission afin de cr\u00e9er les conditions de refondation de l\u2019\u00c9tat malien pour aboutir \u00e0 des institutions qui correspondent aux r\u00e9alit\u00e9s et au souhait des Maliens.<\/p>\n\n\n\n<p>Ce jour-l\u00e0, le pr\u00e9sident de la Transition nous avait indiqu\u00e9 que nous n\u2019avons droit ni \u00e0 l\u2019erreur, ni \u00e0 l\u2019\u00e9chec, que le temps nous sera compt\u00e9, que nous ne serons \u00e0 l\u2019abri des critiques, encore moins de nous pardonner certaines d\u00e9viances. Le gouvernement mis en place a pris l\u2019engagement de pr\u00e9senter devant le Conseil National de la Transition dans un d\u00e9lai de six (6) semaines le Programme d\u2019Action Gouvernementale (PAG). C\u2019est une pratique \u00e0 laquelle les Maliens n\u2019\u00e9taient pas habitu\u00e9s. D\u2019habitude, c\u2019est six (6) mois, souvent il y a m\u00eame eu des cas ou des premiers ministres, du d\u00e9but \u00e0 la fin de leur mandat, n\u2019ont pas pr\u00e9sent\u00e9 de programme devant l\u2019Assembl\u00e9e nationale.<\/p>\n\n\n\n<p>Au lendemain de l\u2019installation du gouvernement, nous \u00e9tions dans une situation de grogne sociale, des gr\u00e8ves illimit\u00e9es partout, plus de 102 pr\u00e9avis de gr\u00e8ves de plus de 40 syndicats. Dans ce contexte, lorsque le gouvernement a pris fonction, il s\u2019est attach\u00e9 d\u2019abord \u00e0 calmer la grogne sociale et rentrer en discussion avec les syndicats. Tout le gouvernement mobilis\u00e9 sur les instructions du pr\u00e9sident de la Transition, avec le Premier ministre lui-m\u00eame en t\u00eate. J\u2019ai conduit des discussions avec les syndicats des nuits durant, des jours durant, \u00e0 la fin nous sommes arriv\u00e9s \u00e0 apaiser le front social. Cela a eu un co\u00fbt, mais la paix n\u2019a pas de prix. Pendant que le pays est en guerre, le gouvernement a fait des efforts exceptionnels. Rarement nous avons vu un pays en guerre qui augmente les salaires des agents de l\u2019\u00c9tat. G\u00e9n\u00e9ralement, pendant les guerres, nous avons plus tendance \u00e0 baisser les revenus.<\/p>\n\n\n\n<p>Plus de 204 milliards de Fcfa suppl\u00e9mentaires ont \u00e9t\u00e9 mobilis\u00e9s pour faire face \u00e0 ce que nous avons appel\u00e9 l\u2019harmonisation de la grille salariale. Au m\u00eame moment, le Pr\u00e9sident a d\u00e9cid\u00e9 que le secteur agricole soit l\u2019une des priorit\u00e9s apr\u00e8s la d\u00e9fense et la s\u00e9curit\u00e9, comme les gens disent souvent qu\u2019un peuple qui a faim ne peut pas assumer son honneur et sa dignit\u00e9. De 10 milliards de Fcfa de subvention pour les engrais dans les ann\u00e9es pr\u00e9c\u00e9dentes, nous sommes all\u00e9s \u00e0 15 milliards de Fcfa. Et cette ann\u00e9e, 17 milliards de Fcfa, donc 70% d\u2019augmentation de subvention sur les prix de l\u2019engrais. Les paysans ont eu l\u2019engagement du gouvernement d\u2019augmenter le prix du coton jusqu\u2019\u00e0 plus de 280 Fcfa. Les effets combin\u00e9s de l\u2019aide de subvention \u00e0 l\u2019agriculture et l\u2019augmentation du prix du coton ont mobilis\u00e9 le monde paysan et notre pays a retrouv\u00e9 sa place de premier producteur du coton en Afrique de l\u2019Ouest, avec pr\u00e8s de 800 000 tonnes.<\/p>\n\n\n\n<p>La production des produits c\u00e9r\u00e9aliers a augment\u00e9 sensiblement, mais les efforts des paysans ont \u00e9t\u00e9 r\u00e9duits par endroits par les actions des groupes terroristes.<\/p>\n\n\n\n<p>Quand ils n\u2019ont pas emp\u00each\u00e9 les paysans de cultiver, ils ont br\u00fbl\u00e9 ce qu\u2019ils r\u00e9coltent. Aujourd\u2019hui, le gouvernement est mobilis\u00e9 pour assurer la s\u00e9curit\u00e9 alimentaire des Maliens et Maliennes. Une petite l\u2019illustration : le barrage de Markala, vieux de plus de 70 ans, depuis plus d\u2019une d\u00e9cennie les techniciens ont attir\u00e9 l\u2019attention de diff\u00e9rents gouvernements sur les risques s\u2019il n\u2019y a pas de r\u00e9paration sur le barrage. Plus de 3 milliards de Fcfa ont \u00e9t\u00e9 mobilis\u00e9s par le gouvernement de la Transition pour la r\u00e9habilitation de ce barrage.<\/p>\n\n\n\n<p>Dans le domaine de l\u2019\u00e9cole, un pays sans \u00e9cole n\u2019existe pas. Il y a plus de 500 ans, un conseiller d\u2019un empereur chinois lui a dit ceci lorsqu\u2019ils voulaient aller en guerre contre ses voisins, il lui a dit que ce n\u2019est plus la peine de faire la guerre parce qu\u2019elle trop co\u00fbteuse et incertaine. Ce qu\u2019il faut faire, c\u2019est de travailler \u00e0 d\u00e9truire le syst\u00e8me \u00e9ducatif de ses adversaires et g\u00e9n\u00e9raliser la corruption au niveau de l\u2019\u00e9lite dirigeante. Dans 25 ans maximum, vous aurez un peuple ignorant et dirig\u00e9 par les corrompus. Vous occuperez leur pays en quelques semaines. J\u2019ai dit cela pour vous montrer l\u2019importance que le gouvernement, sous la direction du pr\u00e9sident de la Transition, a donn\u00e9 \u00e0 la reprise de l\u2019\u00e9cole, \u00e0 la lutte implacable contre la corruption et l\u2019impunit\u00e9 parce que c\u2019est des conditions du redressement de la nation.<\/p>\n\n\n\n<p>Aujourd\u2019hui, m\u00eame ceux qui sont contre la Transition, avant d\u2019exprimer leur m\u00e9contentement, disent que dans le domaine de la s\u00e9curit\u00e9 tout va bien, mais ailleurs cela ne va pas, en oubliant que le gouvernement est un tout. Le premier ministre coordonne le travail gouvernemental, ce qu\u2019on peut dire de la s\u00e9curit\u00e9, dans l\u2019importe quel secteur vous pouvez le dire, mais comme le besoin de s\u00e9curit\u00e9 est le plus pressent\u2026<\/p>\n\n\n\n<p>Le pr\u00e9sident de la Transition a d\u00e9cid\u00e9 d\u2019une r\u00e9orientation strat\u00e9gique de notre politique de d\u00e9fense et d\u2019une r\u00e9organisation op\u00e9rationnelle pour que notre pays puisse assumer, assurer la d\u00e9fense de son territoire, sachant bien que la d\u00e9fense est le principal outil d\u2019exercice de la souverainet\u00e9 de l\u2019\u00c9tat, de l\u2019affirmation de notre ind\u00e9pendance et de nos choix politiques. Des efforts importants ont \u00e9t\u00e9 faits qui ne sont discutables aujourd\u2019hui. Certains voulaient inculquer ce virus de la d\u00e9faite dans la t\u00eate des Maliens pour leur dire qu\u2019ils ne peuvent rien sans les autres. Aujourd\u2019hui, notre arm\u00e9e est une fiert\u00e9 nationale, aujourd\u2019hui la peur a chang\u00e9 de camp, des d\u00e9cisions courageuses ont \u00e9t\u00e9 prises.<\/p>\n\n\n\n<p>Notre arm\u00e9e peut intervenir sur l\u2019importe quelle partie de notre territoire sans avoir besoin de l\u2019autorisation, de la permission de qui que ce soit. Aujourd\u2019hui, les Maliens ont le sentiment g\u00e9n\u00e9ral de fiert\u00e9, de restauration de la dignit\u00e9 de notre peuple.<\/p>\n\n\n\n<p><strong>ORTM :<\/strong>&nbsp;<strong><em>Le gouvernement a d\u00e9cid\u00e9 de la cr\u00e9ation d\u2019une autorit\u00e9 ind\u00e9pendante pour g\u00e9rer les \u00e9lections. Pouvons-nous conna\u00eetre la composition de cet organe unique ? La cr\u00e9ation de cet organe unique va-t-elle garantir la cr\u00e9dibilit\u00e9 et la transparence des \u00e9lections ?<\/em><\/strong><\/p>\n\n\n\n<p><strong>Choguel Ma\u00efga :<\/strong>&nbsp;Les r\u00e9formes politiques et institutionnelles sont une exigence fondamentale du peuple malien. Vous vous souviendrez qu\u2019en 2018, apr\u00e8s l\u2019\u00e9lection pr\u00e9sidentielle, nous avons eu l\u2019une des plus graves crises politiques post\u00e9lectorales qui a dur\u00e9 des mois \u00e0 l\u2019int\u00e9rieur et \u00e0 l\u2019ext\u00e9rieur du pays, dans les villes et dans les campagnes.<\/p>\n\n\n\n<p>Face aux risques d\u00e9stabilisation du pays, la C\u00e9d\u00e9ao avait d\u00e9p\u00each\u00e9 en son temps une mission de haut niveau conduite par le ministre des Affaires \u00e9trang\u00e8res du Nig\u00e9ria qui a d\u00e9pos\u00e9 un rapport et ce rapport disait quoi en substance ? En octobre 2018, la C\u00e9d\u00e9ao disait qu\u2019apr\u00e8s analyse de la situation politique, apr\u00e8s avoir \u00e9chang\u00e9 avec l\u2019ensemble des forces politiques et sociales, elle fait une recommandation forte, c\u2019est de ne plus tenir des \u00e9lections en R\u00e9publique du Mali sans faire des r\u00e9formes politiques et institutionnelles exig\u00e9es par les populations. D\u2019ailleurs, nous pensons que les soul\u00e8vements de 2020 qui ont conduit au changement du r\u00e9gime, entres autres raisons, est le r\u00e9sultat de non-application de cette recommandation de la C\u00e9d\u00e9ao parce que le gouvernement d\u2019alors n\u2019a pas fait de r\u00e9forme.<\/p>\n\n\n\n<p>La deuxi\u00e8me chose est que cela fait 20 ans que le besoin de r\u00e9forme politique et institutionnelle, notamment la r\u00e9forme de la constitution, s\u2019\u00e9tait pos\u00e9. Vous vous souviendrez qu\u2019en 2001, le pr\u00e9sident d\u2019alors avait initi\u00e9 une r\u00e9forme constitutionnelle. La loi de cette r\u00e9forme avait \u00e9t\u00e9 vot\u00e9e \u00e0 l\u2019Assembl\u00e9e nationale, la date avait \u00e9t\u00e9 fix\u00e9e, le coll\u00e8ge avait \u00e9t\u00e9 convoqu\u00e9, mais \u00e0 la derni\u00e8re minute, elle a \u00e9t\u00e9 report\u00e9e sinon annul\u00e9e. Le pr\u00e9sident est \u00e9lu en 2002 et il a fait dix (10) ans, \u00e0 la derni\u00e8re ann\u00e9e, il voulait proc\u00e9der \u00e0 une r\u00e9vision de la constitution, Dieu en a d\u00e9cid\u00e9 autrement, il y a eu le changement de r\u00e9gime avant la r\u00e9vision.<\/p>\n\n\n\n<p>En 2017, un troisi\u00e8me pr\u00e9sident a tent\u00e9 la r\u00e9vision de la constitution, face au risque de soul\u00e8vement populaire parce qu\u2019il y avait des doutes quant \u00e0 l\u2019objectif vis\u00e9 par la r\u00e9vision, \u00e0 la derni\u00e8re minute, le Pr\u00e9sident a fait une adresse \u00e0 la nation pour retirer cette r\u00e9vision de la constitution. Cela veut dire qu\u2019il y a un besoin profond de r\u00e9forme au Mali demand\u00e9 par les Maliens et les partenaires du Mali. C\u2019est pour cela que le gouvernement n\u2019a pas l\u00e2ch\u00e9, malgr\u00e9 les pressions.<\/p>\n\n\n\n<p>Les Assises nationales ont renforc\u00e9 cette demande et elles ont demand\u00e9, avec force, l\u2019installation d\u2019un organe unique ind\u00e9pendant d\u2019organisation des \u00e9lections. Actuellement, nous avons la CENI, l\u2019Administration territoriale, le D\u00e9l\u00e8gue g\u00e9n\u00e9ral aux \u00e9lections (DGE) qui s\u2019occupent de l\u2019organisation des \u00e9lections. Il a \u00e9t\u00e9 d\u00e9cid\u00e9 de les regrouper en un seul organe qui va conduire le processus \u00e9lectoral, qui va proclamer les r\u00e9sultats des \u00e9lections. La Cour constitutionnelle se chargera de valider ces r\u00e9sultats et de s\u2019occuper du contentieux \u00e9lectoral.<\/p>\n\n\n\n<p>Les r\u00e9formes politiques et constitutionnelles, notamment l\u2019installation de l\u2019organe unique ind\u00e9pendant de la gestion des \u00e9lections, est une demande forte du peuple malien. Nous pensons que s\u2019il est mis en place, suivant la lettre et l\u2019esprit du texte, il doit minimiser le risque de contestation des \u00e9lections.<\/p>\n\n\n\n<p>Sa composition est d\u00e9finie dans la loi. En tous les cas, les textes sont au niveau du CNT qui a continu\u00e9, dans le sens de la recherche de l\u2019inclusivit\u00e9, \u00e0 \u00e9largir ses \u00e9coutes m\u00eames aux forces politiques qui avaient refus\u00e9 de participer au processus. Ce que nous souhaitons est que la lettre et l\u2019esprit du texte ne soient pas vid\u00e9s de leur contenu.<\/p>\n\n\n\n<p><strong><em>Le Programme d\u2019Action gouvernementale (PAG) portait sur la dur\u00e9e de la Transition qui a pris fin. Aujourd\u2019hui, est-ce que nous pouvons avoir une \u00e9valuation de votre part ? Quelles sont les grandes lignes que vous tracez pour les 24 mois qui se dessinent ?<\/em><\/strong><\/p>\n\n\n\n<p>Le Programme d\u2019action gouvernementale (PAG) a fait l\u2019objet de plusieurs types d\u2019\u00e9valuation. D\u2019abord, au niveau du gouvernement, nous avons saisi r\u00e9guli\u00e8rement le CNT du r\u00e9sultat de la mise en \u0153uvre du PGA. Il y a eu souvent des discussions \u00e0 caract\u00e8re pol\u00e9mique. Vous savez, chez nous, d\u00e8s qu\u2019il y a un d\u00e9bat contradictoire, beaucoup concluent qu\u2019il y a des antagonismes. Le d\u00e9bat contradictoire est n\u00e9cessaire pour la bonne sant\u00e9 de la d\u00e9mocratie.<\/p>\n\n\n\n<p>Lorsque le Conseil National de la Transition, en jouant son r\u00f4le naturel du contr\u00f4le de l\u2019action gouvernementale, a demand\u00e9 \u00e0 \u00e9couter le Premier ministre sur la mise en \u0153uvre du PAG qui l\u2019a autoris\u00e9e, certains ont vu en cela une confrontation entre les deux institutions, alors que nous avons trouv\u00e9 que c\u2019est une bonne chose. Le CNT joue son r\u00f4le et le gouvernement n\u2019avait d\u2019autre choix que d\u2019aller r\u00e9pondre parce qu\u2019il a l\u2019obligation de rendre compte.<\/p>\n\n\n\n<p>Dans ce processus, il y a eu une fixation sur certains chiffres. Lorsqu\u2019on met en \u0153uvre un programme d\u2019action, il y a des actions \u00e0 court terme que vous finissez de r\u00e9aliser en peu de temps, il y a d\u2019autres qui se terminent dans 9 mois et en 5 ans. Lorsque vous mettez tout cela ensemble, entre ce qui est termin\u00e9 et ce qui n\u2019est pas termin\u00e9, nous \u00e9tions \u00e0 plus de 80%. Mais dans le d\u00e9bat politique, les discussions ont pris une tournure politique, il y a eu la fixation sur les 35% d\u2019actions totalement r\u00e9alis\u00e9es. L\u2019importance est que tous ces d\u00e9bats n\u2019aboutissent pas dans l\u2019antagonisme entre institutions.<\/p>\n\n\n\n<p><strong><em>Le Mali est dans la dynamique de r\u00e9diger une nouvelle constitution. Certains constitutionnalistes voient en cela le virage vers une quatri\u00e8me R\u00e9publique. Quelle est la n\u00e9cessit\u00e9 pour le Mali d\u2019aller vers une nouvelle constitution ?<\/em><\/strong><\/p>\n\n\n\n<p>Les 24 mois qui restent vont le d\u00e9cliner dans les semaines \u00e0 venir, publiquement. Nous n\u2019avons pas voulu sortir des discussions du caract\u00e8re discret, respectueux dans lequel nous sommes avec la C\u00e9d\u00e9ao. Sinon, nous avons un Comit\u00e9 du suivi politique pr\u00e9sid\u00e9 par le ministre des Affaires \u00e9trang\u00e8res et un Comit\u00e9 du suivi technique pr\u00e9sid\u00e9 par le ministre de l\u2019Administration territoriale.<\/p>\n\n\n\n<p>Aujourd\u2019hui, tout est connu et de nos partenaires de la C\u00e9d\u00e9ao. Le chronogramme est connu, nous avons d\u00e9j\u00e0 discut\u00e9 de tout cela avec la C\u00e9d\u00e9ao.<\/p>\n\n\n\n<p>Dans les semaines \u00e0 venir, si le pr\u00e9sident de la Transition a convenu avec les chefs d\u2019\u00c9tat des pays de la C\u00e9d\u00e9ao, il sera rendu public pour renforcer la confiance des citoyens et des partenaires. D\u2019ailleurs, je crois qu\u2019il y a beaucoup de partenaires qui ont \u00e9t\u00e9 ravis par la publication du d\u00e9cret parce qu\u2019ils ont dit qu\u2019il y a une incertitude qui a \u00e9t\u00e9 lev\u00e9e pour la fin de la Transition. Maintenant, ils demandaient le d\u00e9roul\u00e9 et nous avons d\u00e9j\u00e0 travaill\u00e9 sur le d\u00e9roul\u00e9, mais c\u2019est dans les tiroirs pour l\u2019instant. Nous aurons souhait\u00e9, apr\u00e8s le sommet de la C\u00e9d\u00e9ao, que cela soit publi\u00e9 avec les membres de la C\u00e9d\u00e9ao.<\/p>\n\n\n\n<p>Aujourd\u2019hui, les Maliens veulent un \u00c9tat refond\u00e9, avec une constitution qui prend en charge la v\u00e9ritable pr\u00e9occupation des Maliens. Nous avons une constitution dont l\u2019application n\u2019a pas emp\u00each\u00e9 trois (3) coups d\u2019\u00c9tat en 30 ans. Il faut s\u2019interroger. Nous avons une constitution o\u00f9 les choses se font au nom du peuple qui n\u2019a rien avoir avec les soucis du peuple, au point que ce peuple n\u2019a eu d\u2019autre solution que recourir \u00e0 un soul\u00e8vement parce que les leviers normaux n\u2019ont pas fonctionn\u00e9.<\/p>\n\n\n\n<p>Les Maliens disent qu\u2019il faut changer la constitution parce qu\u2019avec l\u2019\u00e9nergie du d\u00e9sespoir, le chef de file de l\u2019opposition, l\u2019honorable Feu Souma\u00efla Ciss\u00e9, a demand\u00e9 \u00e0 l\u2019Assembl\u00e9e nationale d\u2019enqu\u00eater pour voir ce qui a \u00e9t\u00e9 fait des fonds allou\u00e9s \u00e0 l\u2019Arm\u00e9e.<\/p>\n\n\n\n<p>Dans un syst\u00e8me d\u00e9mocratique normal, c\u2019est la moindre des choses, surtout dans un pays en guerre. Les pays qui nous donnent les le\u00e7ons lorsqu\u2019il y a ce genre de situation au niveau de leur parlement, ils mettent en place des commissions d\u2019enqu\u00eate pour situer les responsabilit\u00e9s. Cette demande de Feu Souma\u00efla Ciss\u00e9 a \u00e9t\u00e9 mise dans les tiroirs. Cela veut dire que la constitution que nous avons ne permet pas de g\u00e9rer l\u2019\u00c9tat de fa\u00e7on d\u00e9mocratique. La volont\u00e9 de quelques personnes peut s\u2019imposer \u00e0 l\u2019ensemble des Maliens. Les \u00e9lections sont truqu\u00e9es, l\u2019argent destin\u00e9 au pays est d\u00e9tourn\u00e9, mais le plus grave au niveau de la d\u00e9fense, surtout en p\u00e9riode de guerre, les citoyens n\u2019avaient aucun moyen de dire qu\u2019il faut arr\u00eater ces d\u00e9rives.<\/p>\n\n\n\n<p>La seule solution qui restait c\u2019est la rue, alors il faut une constitution o\u00f9 il y a un \u00e9quilibre du pouvoir qui permet de dire aux hommes politiques que l\u2019\u00e9lection n\u2019est pas une carte blanche de faire ce qu\u2019ils veulent. L\u2019\u00e9lection ne rend pas les peuples esclaves de l\u2019\u00e9lu, l\u2019\u00e9lection est un peut \u00eatre un permis que le peuple donne \u00e0 un ou \u00e0 un groupe d\u2019hommes pour conduire sa destin\u00e9e.<\/p>\n\n\n\n<p>Je pense que la r\u00e9vision constitutionnelle, qui est de l\u2019initiative du pr\u00e9sident, le Conseil National de la Transition qui sert d\u2019office d\u2019assembl\u00e9e nationale, son pr\u00e9sident, comme il a fait jusqu\u2019ici, tiendra compte de toutes les sensibilit\u00e9s comme nous avons organis\u00e9 les assises nationales de la refondation pour que la nouvelle constitution soit une constitution qui soit conforme \u00e0 nos valeurs, qui prenne en charge les pr\u00e9occupations, les soucis des Maliens d\u2019aujourd\u2019hui. Je pense que ce que les Maliens veulent, c\u2019est une constitution qui permet de g\u00e9rer de fa\u00e7on \u00e9quilibr\u00e9e le pays.<\/p>\n\n\n\n<p><strong>Transcrit par Mahamadou TRAORE<\/strong><\/p>\n","protected":false},"excerpt":{"rendered":"<p>\u201cLes Maliens veulent un \u00c9tat refond\u00e9 avec une constitution qui prend en charge la v\u00e9ritable pr\u00e9occupation des Maliens\u201d Pour boucler en beaut\u00e9 l\u2019\u00e9mission \u201cMali Kura Taasira\u201d, le Premier ministre, Dr&hellip;<\/p>\n","protected":false},"author":1,"featured_media":6541,"comment_status":"open","ping_status":"closed","sticky":false,"template":"","format":"standard","meta":{"content-type":"","_lmt_disableupdate":"","_lmt_disable":"","_jetpack_memberships_contains_paid_content":false,"footnotes":"","jetpack_publicize_message":"","jetpack_publicize_feature_enabled":true,"jetpack_social_post_already_shared":true,"jetpack_social_options":{"image_generator_settings":{"template":"highway","default_image_id":0,"font":"","enabled":false},"version":2}},"categories":[19,84,21],"tags":[],"class_list":["post-6539","post","type-post","status-publish","format-standard","has-post-thumbnail","hentry","category-aujourdhui-mali","category-flash-info","category-societe"],"jetpack_publicize_connections":[],"featured_image_urls":{"full":"","thumbnail":"","medium":"","medium_large":"","large":"","1536x1536":"","2048x2048":"","penci-recipe-1200x1200":"","penci-recipe-1200x900":"","penci-recipe-1200x675":"","penci-single-full":"","penci-slider-full-thumb":"","penci-full-thumb":"","penci-slider-thumb":"","penci-magazine-slider":"","penci-thumb":"","penci-masonry-thumb":"","penci-thumb-square":"","penci-thumb-vertical":"","penci-thumb-small":""},"author_info":{"display_name":"Nandi","author_link":"https:\/\/nandi.info\/?author=1"},"category_info":"<a href=\"https:\/\/nandi.info\/?cat=19\" rel=\"category\">Aujourd\u2019hui Mali<\/a> <a href=\"https:\/\/nandi.info\/?cat=84\" rel=\"category\">Flash Info<\/a> <a href=\"https:\/\/nandi.info\/?cat=21\" rel=\"category\">Soci\u00e9t\u00e9<\/a>","tag_info":"Soci\u00e9t\u00e9","comment_count":"0","jetpack_featured_media_url":"","jetpack_sharing_enabled":true,"_links":{"self":[{"href":"https:\/\/nandi.info\/index.php?rest_route=\/wp\/v2\/posts\/6539","targetHints":{"allow":["GET"]}}],"collection":[{"href":"https:\/\/nandi.info\/index.php?rest_route=\/wp\/v2\/posts"}],"about":[{"href":"https:\/\/nandi.info\/index.php?rest_route=\/wp\/v2\/types\/post"}],"author":[{"embeddable":true,"href":"https:\/\/nandi.info\/index.php?rest_route=\/wp\/v2\/users\/1"}],"replies":[{"embeddable":true,"href":"https:\/\/nandi.info\/index.php?rest_route=%2Fwp%2Fv2%2Fcomments&post=6539"}],"version-history":[{"count":0,"href":"https:\/\/nandi.info\/index.php?rest_route=\/wp\/v2\/posts\/6539\/revisions"}],"wp:featuredmedia":[{"embeddable":true,"href":"https:\/\/nandi.info\/index.php?rest_route=\/"}],"wp:attachment":[{"href":"https:\/\/nandi.info\/index.php?rest_route=%2Fwp%2Fv2%2Fmedia&parent=6539"}],"wp:term":[{"taxonomy":"category","embeddable":true,"href":"https:\/\/nandi.info\/index.php?rest_route=%2Fwp%2Fv2%2Fcategories&post=6539"},{"taxonomy":"post_tag","embeddable":true,"href":"https:\/\/nandi.info\/index.php?rest_route=%2Fwp%2Fv2%2Ftags&post=6539"}],"curies":[{"name":"wp","href":"https:\/\/api.w.org\/{rel}","templated":true}]}}