{"id":6519,"date":"2022-06-17T11:58:20","date_gmt":"2022-06-17T09:58:20","guid":{"rendered":"https:\/\/nandi.info\/?p=6519"},"modified":"2022-06-17T11:58:20","modified_gmt":"2022-06-17T09:58:20","slug":"visite-de-courtoisie-le-general-fait-un-saut-a-linps","status":"publish","type":"post","link":"https:\/\/nandi.info\/?p=6519","title":{"rendered":"Visite de courtoisie : Le G\u00e9n\u00e9ral fait un saut \u00e0 l\u2019INPS&nbsp;&nbsp;"},"content":{"rendered":"\n<p class=\"has-drop-cap\">Le mercredi 15 juin 2022, le Directeur g\u00e9n\u00e9ral de la CANAM, le M\u00e9decin G\u00e9n\u00e9ral de Brigade Boubacar DEMBELE, accompagn\u00e9 de son \u00e9quipe, a effectu\u00e9 une visite de courtoisie \u00e0 l\u2019INPS. Il a \u00e9t\u00e9 re\u00e7u par son homologue, le Directeur G\u00e9n\u00e9ral, M. Ousmane Karim COUBALY et son staff.\u00a0 \u00a0<\/p>\n\n\n\n<p><\/p>\n\n\n\n<div class=\"wp-block-image\"><figure class=\"alignleft size-large is-resized\"><img fetchpriority=\"high\" decoding=\"async\" src=\"https:\/\/nandi.info\/wp-content\/uploads\/2022\/06\/canam-inps2-1024x768.jpg\" alt=\"\" class=\"wp-image-6521\" width=\"611\" height=\"458\"\/><\/figure><\/div>\n\n\n\n<p>Dans une atmosph\u00e8re conviviale les premiers responsables des deux structures ont manifest\u00e9 leur volont\u00e9 de multiplier ce genre d\u2019\u00e9changes qui permettront tr\u00e8s souvent d\u2019anticiper sur d\u2019\u00e9ventuels probl\u00e8mes.&nbsp;&nbsp;<\/p>\n\n\n\n<p>Le Directeur G\u00e9n\u00e9ral de la CANAM a profit\u00e9 pour visiter le Service AMO de l\u2019INPS dirig\u00e9 par le Dr Bandiougou Mamadou TRAORE. Il a trouv\u00e9 sur place une \u00e9quipe de la CANAM en train de former les nouvelles recrues qui devront s\u2019occuper de la liquidation des feuilles de soins.\u00a0 Il leur a prodigu\u00e9 des conseils en leur faisant comprendre \u00e0 quel point ils repr\u00e9sentent un maillon essentiel de la cha\u00eene.\u00a0\u00a0<\/p>\n\n\n\n<figure class=\"wp-block-image size-large\"><img decoding=\"async\" src=\"https:\/\/nandi.info\/wp-content\/uploads\/2022\/06\/canam-inps3-1024x768.jpg\" alt=\"\" class=\"wp-image-6522\"\/><\/figure>\n\n\n\n<p>Avant de quitter les lieux, le M\u00e9decin G\u00e9n\u00e9ral de Brigade, Boubacar DEMBELE a jet\u00e9 un coup d\u2019\u0153il sur le tout nouveau centre d\u2019appels de l\u2019INPS.\u00a0\u00a0<\/p>\n\n\n\n<figure class=\"wp-block-image size-large\"><img decoding=\"async\" src=\"https:\/\/nandi.info\/wp-content\/uploads\/2022\/06\/canam-inps1-3-1024x768.jpg\" alt=\"\" class=\"wp-image-6526\"\/><\/figure>\n\n\n\n<p>Au terme de cette visite, le DG de la CANAM a remerci\u00e9 INPS et a fait part de son enti\u00e8re disponibilit\u00e9 \u00e0 l\u2019accompagner pour l\u2019atteinte de ses objectifs.<\/p>\n\n\n\n<p><\/p>\n","protected":false},"excerpt":{"rendered":"<p>Le mercredi 15 juin 2022, le Directeur g\u00e9n\u00e9ral de la CANAM, le M\u00e9decin G\u00e9n\u00e9ral de Brigade Boubacar DEMBELE, accompagn\u00e9 de son \u00e9quipe, a effectu\u00e9 une visite de courtoisie \u00e0 l\u2019INPS.&hellip;<\/p>\n","protected":false},"author":1,"featured_media":6520,"comment_status":"open","ping_status":"closed","sticky":false,"template":"","format":"standard","meta":{"content-type":"","_lmt_disableupdate":"","_lmt_disable":"","_jetpack_memberships_contains_paid_content":false,"footnotes":"","jetpack_publicize_message":"","jetpack_publicize_feature_enabled":true,"jetpack_social_post_already_shared":true,"jetpack_social_options":{"image_generator_settings":{"template":"highway","default_image_id":0,"font":"","enabled":false},"version":2}},"categories":[43,21],"tags":[],"class_list":["post-6519","post","type-post","status-publish","format-standard","has-post-thumbnail","hentry","category-nandi-info","category-societe"],"jetpack_publicize_connections":[],"featured_image_urls":{"full":"","thumbnail":"","medium":"","medium_large":"","large":"","1536x1536":"","2048x2048":"","penci-recipe-1200x1200":"","penci-recipe-1200x900":"","penci-recipe-1200x675":"","penci-single-full":"","penci-slider-full-thumb":"","penci-full-thumb":"","penci-slider-thumb":"","penci-magazine-slider":"","penci-thumb":"","penci-masonry-thumb":"","penci-thumb-square":"","penci-thumb-vertical":"","penci-thumb-small":""},"author_info":{"display_name":"Nandi","author_link":"https:\/\/nandi.info\/?author=1"},"category_info":"<a href=\"https:\/\/nandi.info\/?cat=43\" rel=\"category\">Nandi.info<\/a> <a href=\"https:\/\/nandi.info\/?cat=21\" rel=\"category\">Soci\u00e9t\u00e9<\/a>","tag_info":"Soci\u00e9t\u00e9","comment_count":"0","jetpack_featured_media_url":"","jetpack_sharing_enabled":true,"_links":{"self":[{"href":"https:\/\/nandi.info\/index.php?rest_route=\/wp\/v2\/posts\/6519","targetHints":{"allow":["GET"]}}],"collection":[{"href":"https:\/\/nandi.info\/index.php?rest_route=\/wp\/v2\/posts"}],"about":[{"href":"https:\/\/nandi.info\/index.php?rest_route=\/wp\/v2\/types\/post"}],"author":[{"embeddable":true,"href":"https:\/\/nandi.info\/index.php?rest_route=\/wp\/v2\/users\/1"}],"replies":[{"embeddable":true,"href":"https:\/\/nandi.info\/index.php?rest_route=%2Fwp%2Fv2%2Fcomments&post=6519"}],"version-history":[{"count":0,"href":"https:\/\/nandi.info\/index.php?rest_route=\/wp\/v2\/posts\/6519\/revisions"}],"wp:featuredmedia":[{"embeddable":true,"href":"https:\/\/nandi.info\/index.php?rest_route=\/"}],"wp:attachment":[{"href":"https:\/\/nandi.info\/index.php?rest_route=%2Fwp%2Fv2%2Fmedia&parent=6519"}],"wp:term":[{"taxonomy":"category","embeddable":true,"href":"https:\/\/nandi.info\/index.php?rest_route=%2Fwp%2Fv2%2Fcategories&post=6519"},{"taxonomy":"post_tag","embeddable":true,"href":"https:\/\/nandi.info\/index.php?rest_route=%2Fwp%2Fv2%2Ftags&post=6519"}],"curies":[{"name":"wp","href":"https:\/\/api.w.org\/{rel}","templated":true}]}}