{"id":6514,"date":"2022-06-16T14:07:28","date_gmt":"2022-06-16T12:07:28","guid":{"rendered":"https:\/\/nandi.info\/?p=6514"},"modified":"2022-06-16T14:07:28","modified_gmt":"2022-06-16T12:07:28","slug":"renouvellement-du-mandat-de-la-minusma-le-mali-soppose-a-lintervention-de-barkhane-sur-son-territoire","status":"publish","type":"post","link":"https:\/\/nandi.info\/?p=6514","title":{"rendered":"Renouvellement du mandat de la Minusma : Le Mali s\u2019oppose \u00e0 l\u2019intervention de Barkhane sur son territoire"},"content":{"rendered":"\n<p><strong>Le ministre des Affaires \u00e9trang\u00e8res et de la Coop\u00e9ration internationale Abdoulaye Diop a prononc\u00e9 un discours ce lundi 13 juin, au si\u00e8ge des Nations Unies, \u00e0 l\u2019occasion de l\u2019examen par le Conseil de s\u00e9curit\u00e9 du rapport du Secr\u00e9taire g\u00e9n\u00e9ral de l\u2019ONU sur la situation au Mali. Ce fut l\u2019occasion pour lui de s\u2019opposer, au nom du gouvernement du Mali, \u00e0 l\u2019intervention des forces fran\u00e7aises sur le sol malien.<\/strong><\/p>\n\n\n\n<p><strong>Les observations du Mali sur le rapport de la Minusma<\/strong><br><br>\u00ab Je voudrais commencer par dire que le Gouvernement du Mali est surpris que le rapport rel\u00e8ve que les mouvements signataires ont d\u00e9nonc\u00e9 l\u2019enr\u00f4lement de 2000 nouveaux \u00e9l\u00e9ments devant \u00eatre d\u00e9ploy\u00e9s dans les r\u00e9gions du nord dans le cadre du recrutement sp\u00e9cial. Le Gouvernement n\u2019a re\u00e7u aucune plainte d\u2019un quelconque groupe dans ce sens \u00bb, a d\u00e9plor\u00e9 le ministre. Pourtant, selon lui, le recrutement sp\u00e9cial initi\u00e9 par l\u2019\u00c9tat-major g\u00e9n\u00e9ral vise les \u00e9l\u00e9ments des groupes d\u2019auto-d\u00e9fense ainsi que la r\u00e9cup\u00e9ration des armes. \u00ab En aucune mani\u00e8re, ce recrutement ne saurait interf\u00e9rer avec le processus de D\u00e9sarmement, d\u00e9mobilisation et r\u00e9int\u00e9gration\/r\u00e9insertion de l\u2019Accord (DDR), qui concerne les combattants des mouvements signataires de l\u2019Accord, d\u00e9j\u00e0 enregistr\u00e9s dans la base de donn\u00e9es de la Commission nationale DDR \u00bb, pr\u00e9cise le chef de la diplomatie malienne qui ajoute que de sa signature \u00e0 nos jours, la mise en \u0153uvre de l\u2019Accord a connu des avanc\u00e9es notoires qui ont \u00e9t\u00e9 accomplies notamment sur le plan politique, s\u00e9curitaire, du d\u00e9veloppement, de la justice et de la r\u00e9conciliation. Pour Diop, les recommandations des Assises nationales de la refondation de d\u00e9cembre 2021 participent de l\u2019engagement du Gouvernement dans la mise en \u0153uvre de l\u2019Accord, notamment celles relatives \u00e0 l\u2019\u00e9laboration d\u2019une nouvelle constitution, pour instituer, entre autres, le s\u00e9nat, et l\u2019acc\u00e9l\u00e9ration du processus de d\u00e9centralisation et de d\u00e9concentration de l\u2019\u00c9tat.<br><br>Cette tribune a \u00e9t\u00e9 l\u2019occasion pour le ministre Diop de d\u00e9clarer que \u00ab sur la situation s\u00e9curitaire, le Gouvernement indique qu\u2019avec la mont\u00e9e en puissance des forces arm\u00e9es maliennes (FAMa), des r\u00e9sultats probants ont \u00e9t\u00e9 enregistr\u00e9s sur le terrain, notamment : la neutralisation d\u2019importants membres de Katibats terroristes, la r\u00e9cup\u00e9ration des mat\u00e9riels, la lib\u00e9ration des localit\u00e9s du joug des terroristes, la destruction des sanctuaires terroristes et le retour de populations d\u00e9plac\u00e9es \u00bb.<br><br><strong>Le renouvellement du mandat de la Minusma<\/strong><br><br>Concernant le renouvellement du mandat de la Minusma, le Mali a fait des observations. Pour Diop, il est \u00ab essentiel que le mandat soit centr\u00e9 sur la protection des populations civiles et l\u2019appui au r\u00e9tablissement de l\u2019autorit\u00e9 de l\u2019\u00c9tat sur l\u2019ensemble de son territoire \u00bb. Le Mali trouve indispensable de mieux d\u00e9finir et articuler la notion de protection des civils dans un contexte de guerre asym\u00e9trique. Aussi, recommande-t-il de clarifier contre qui on veut prot\u00e9ger les populations. \u00ab Dans ce contexte, le mandat de la Minusma doit obligatoirement prendre en compte la mont\u00e9e en puissance des forces de d\u00e9fense et de s\u00e9curit\u00e9 du Mali, qui sont d\u00e9sormais en premi\u00e8re ligne face aux groupes terroristes \u00bb, a indiqu\u00e9 le ministre malien des Affaires \u00e9trang\u00e8res et de la Coop\u00e9ration internationale.<br><br>Durant ce nouveau mandat de la Minusma, le Mali pose des conditions : l\u2019interdiction de l\u2019intervention de Barkhane son territoire. \u00ab De m\u00eame, dans le cadre du renouvellement sus-\u00e9voqu\u00e9 du mandat de la Minusma et la demande d\u2019appui a\u00e9rien de Barkhane, le Gouvernement du Mali exprime son opposition ferme \u00e0 l\u2019intervention sur son territoire de la force fran\u00e7aise Barkhane, apr\u00e8s la d\u00e9cision unilat\u00e9rale de retrait de ladite force et la d\u00e9nonciation par le Mali des Accords de d\u00e9fense avec la France. Nous en appelons au respect de la souverainet\u00e9 du Mali et des d\u00e9cisions prises par les autorit\u00e9s maliennes \u00e0 cet \u00e9gard \u00bb, a d\u00e9clar\u00e9 le ministre Abdoulaye Diop.<br><br>Il a \u00e9galement soulign\u00e9 la n\u00e9cessit\u00e9 d\u2019une meilleure coordination des actions de la Minusma avec l\u2019Etat malien de mani\u00e8re \u00e0 assurer une pleine efficacit\u00e9 dans l\u2019accomplissement de son futur mandat. \u00ab Le Gouvernement du Mali souligne \u00e9galement la n\u00e9cessit\u00e9 pour la Minusma de travailler \u00e9troitement et v\u00e9ritablement avec les autorit\u00e9s et les parties prenantes maliennes pour aider le Mali \u00e0 prot\u00e9ger ses populations civiles et \u00e0 restaurer son autorit\u00e9 sur l\u2019ensemble de son territoire \u00bb, pr\u00e9cise Diop. Le gouvernement du Mali a aussi d\u00e9menti les restrictions sur la Minusma. \u00ab Sur les all\u00e9gations de restrictions impos\u00e9es \u00e0 la Minusma, il est \u00e0 pr\u00e9ciser que le Gouvernement malien n\u2019a pris aucune mesure restrictive visant particuli\u00e8rement la Minusma. La mise en place de mesures de restriction temporaire sur une partie de l\u2019espace a\u00e9rien national, qui est une d\u00e9cision souveraine, vise un double objectif \u00bb, a d\u00e9clar\u00e9 le ministre Abdoulaye Diop. Le premier, c\u2019est de prot\u00e9ger les forces maliennes engag\u00e9es dans une nouvelle posture dynamique et offensive pour reprendre l\u2019initiative et r\u00e9duire la capacit\u00e9 de nuisance des groupes terroristes sur les populations maliennes.<br><br>Le deuxi\u00e8me objectif est, dit-il, de ma\u00eetriser les risques pour le trafic a\u00e9rien, li\u00e9s \u00e0 l\u2019utilisation intensive de la troisi\u00e8me dimension par les forces maliennes, notamment avec des vols d\u2019a\u00e9ronefs militaires, y compris sans pilote, et des tirs d\u2019artillerie fr\u00e9quents. Il affirme que la s\u00e9curit\u00e9 et la s\u00fbret\u00e9 des usagers de l\u2019espace a\u00e9rien malien constituent une responsabilit\u00e9 r\u00e9galienne de l\u2019Etat. \u00ab Il est \u00e0 noter que tous les vols demand\u00e9s par la Minusma sont autoris\u00e9s d\u00e8s lors que la coordination n\u00e9cessaire est faite, que les risques \u00e0 la circulation a\u00e9rienne sont ma\u00eetris\u00e9s, et que cela n\u2019interf\u00e8re pas de mani\u00e8re n\u00e9gative avec les op\u00e9rations militaires en cours \u00bb, a affirm\u00e9 le ministre Diop.<br><br><strong>En ce qui concerne le retour \u00e0 l\u2019ordre constitutionnel, le ministre Diop a rappel\u00e9 les efforts du gouvernement malien.<\/strong><br><br>Par ailleurs, le ministre Abdoulaye Diop a attir\u00e9 l\u2019attention du Conseil sur les risques de politisation et d\u2019instrumentalisation des droits de l\u2019Homme aux fins d\u2019agendas cach\u00e9s et sur la multiplicit\u00e9 des m\u00e9canismes des droits de l\u2019Homme et leurs poids croissant sur le fonctionnement de l\u2019Administration malienne, dont les cadres doivent r\u00e9pondre \u00e0 leurs sollicitations nombreuses, simultan\u00e9es et souvent pas coordonn\u00e9es, au moment o\u00f9 les populations ont le plus besoin de leurs services.<br><br>La rencontre d\u2019hier a \u00e9t\u00e9 \u00e9galement l\u2019occasion de rejeter les all\u00e9gations de violations des droits de l\u2019Homme au Mali. \u00ab Pour clore ce chapitre des droits de l\u2019Homme, je tiens \u00e0 rappeler que le Gouvernement du Mali a rejet\u00e9 certaines all\u00e9gations de violation et d\u2019atteinte aux droits de l\u2019Homme attribu\u00e9es aux Forces de d\u00e9fense et de s\u00e9curit\u00e9 maliennes, dans la derni\u00e8re note trimestrielle de la Minusma \u00bb, a laiss\u00e9 entendre le ministre Diop qui pr\u00e9cise qu\u2019\u00e0 l\u2019issue d\u2019enqu\u00eates minutieuses, \u00ab nous nous sommes rendus compte que ces all\u00e9gations sont tendancieuses, non recoup\u00e9es, rapport\u00e9es selon des t\u00e9moignages non contradictoires et ne s\u2019appuyant sur aucune preuve tangible. Je saisis cette occasion pour rejeter totalement la fausse impression que cette note trimestrielle de la Minusma donne et selon laquelle les violences exerc\u00e9es par les Forces maliennes ciblent des personnes appartenant \u00e0 certaines communaut\u00e9s ethniques. \u00ab D\u2019\u00e9vidence, ces all\u00e9gations ont pour objectif de ternir l\u2019image des Forces arm\u00e9es maliennes et de les discr\u00e9diter vis-\u00e0-vis des populations et de la communaut\u00e9 internationale \u00bb, d\u00e9plore Diop.<br><br>Sur le retrait du Mali du G5 Sahel, Diop a \u00e9t\u00e9 on ne peut plus clair : \u00ab Je voudrais leur rappeler qu\u2019il s\u2019agit l\u00e0 d\u2019une d\u00e9cision souveraine du Mali, en r\u00e9ponse aux violations des trait\u00e9s fondateurs de l\u2019organisation, \u00e0 la politique de deux poids deux mesures et aux ing\u00e9rences ext\u00e9rieures hostiles \u00e0 l\u2019\u00e9gard d\u2019un Etat membre fondateur \u00bb. Selon lui, le retrait du Mali a \u00e9t\u00e9 formellement notifi\u00e9 aux instances du G5 Sahel.<br><br><strong>B. Guindo<\/strong><\/p>\n\n\n\n<p>\u00a0<\/p>\n","protected":false},"excerpt":{"rendered":"<p>Le ministre des Affaires \u00e9trang\u00e8res et de la Coop\u00e9ration internationale Abdoulaye Diop a prononc\u00e9 un discours ce lundi 13 juin, au si\u00e8ge des Nations Unies, \u00e0 l\u2019occasion de l\u2019examen par&hellip;<\/p>\n","protected":false},"author":1,"featured_media":6515,"comment_status":"open","ping_status":"closed","sticky":false,"template":"","format":"standard","meta":{"content-type":"","_lmt_disableupdate":"","_lmt_disable":"","_jetpack_memberships_contains_paid_content":false,"footnotes":"","jetpack_publicize_message":"","jetpack_publicize_feature_enabled":true,"jetpack_social_post_already_shared":true,"jetpack_social_options":{"image_generator_settings":{"template":"highway","default_image_id":0,"font":"","enabled":false},"version":2}},"categories":[71],"tags":[],"class_list":["post-6514","post","type-post","status-publish","format-standard","has-post-thumbnail","hentry","category-le-pays"],"jetpack_publicize_connections":[],"featured_image_urls":{"full":"","thumbnail":"","medium":"","medium_large":"","large":"","1536x1536":"","2048x2048":"","penci-recipe-1200x1200":"","penci-recipe-1200x900":"","penci-recipe-1200x675":"","penci-single-full":"","penci-slider-full-thumb":"","penci-full-thumb":"","penci-slider-thumb":"","penci-magazine-slider":"","penci-thumb":"","penci-masonry-thumb":"","penci-thumb-square":"","penci-thumb-vertical":"","penci-thumb-small":""},"author_info":{"display_name":"Nandi","author_link":"https:\/\/nandi.info\/?author=1"},"category_info":"<a href=\"https:\/\/nandi.info\/?cat=71\" rel=\"category\">Le Pays<\/a>","tag_info":"Le Pays","comment_count":"0","jetpack_featured_media_url":"","jetpack_sharing_enabled":true,"_links":{"self":[{"href":"https:\/\/nandi.info\/index.php?rest_route=\/wp\/v2\/posts\/6514","targetHints":{"allow":["GET"]}}],"collection":[{"href":"https:\/\/nandi.info\/index.php?rest_route=\/wp\/v2\/posts"}],"about":[{"href":"https:\/\/nandi.info\/index.php?rest_route=\/wp\/v2\/types\/post"}],"author":[{"embeddable":true,"href":"https:\/\/nandi.info\/index.php?rest_route=\/wp\/v2\/users\/1"}],"replies":[{"embeddable":true,"href":"https:\/\/nandi.info\/index.php?rest_route=%2Fwp%2Fv2%2Fcomments&post=6514"}],"version-history":[{"count":0,"href":"https:\/\/nandi.info\/index.php?rest_route=\/wp\/v2\/posts\/6514\/revisions"}],"wp:featuredmedia":[{"embeddable":true,"href":"https:\/\/nandi.info\/index.php?rest_route=\/"}],"wp:attachment":[{"href":"https:\/\/nandi.info\/index.php?rest_route=%2Fwp%2Fv2%2Fmedia&parent=6514"}],"wp:term":[{"taxonomy":"category","embeddable":true,"href":"https:\/\/nandi.info\/index.php?rest_route=%2Fwp%2Fv2%2Fcategories&post=6514"},{"taxonomy":"post_tag","embeddable":true,"href":"https:\/\/nandi.info\/index.php?rest_route=%2Fwp%2Fv2%2Ftags&post=6514"}],"curies":[{"name":"wp","href":"https:\/\/api.w.org\/{rel}","templated":true}]}}