{"id":6510,"date":"2022-06-16T13:13:14","date_gmt":"2022-06-16T11:13:14","guid":{"rendered":"https:\/\/nandi.info\/?p=6510"},"modified":"2022-06-16T13:13:14","modified_gmt":"2022-06-16T11:13:14","slug":"communique-de-la-maison-de-la-presse-du-mali-sur-la-sortie-du-premier-dans-lemission-malikoura-taasira","status":"publish","type":"post","link":"https:\/\/nandi.info\/?p=6510","title":{"rendered":"Communiqu\u00e9 de la Maison de la Presse\u00a0 du Mali\u00a0 sur la sortie du Premier dans l\u2019\u00e9mission Malikoura Taasira ."},"content":{"rendered":"\n<p>C\u2019est avec stup\u00e9faction et indignation que la Maison de la Presse a suivi l\u2019interview du Premier dans l\u2019\u00e9mission Malikoura Taasira diffus\u00e9e le lundi 13 juin 2022 sur la cha\u00eene nationale.<\/p>\n\n\n\n<p>\u00c0 la question d\u2019un confr\u00e8re sur l\u2019indexation de l\u2019aide&nbsp; \u00e0 la Presse au budget de l\u2019Etat ( question qui est d\u2019ailleurs \u00e9voqu\u00e9e dans un projet de d\u00e9cret sur la table du gouvernement depuis plusieurs mois) , le Premier Ministre s\u2019est livr\u00e9 \u00e0&nbsp; un exercice de d\u00e9sinformation de l\u2019opinion publique.&nbsp;<\/p>\n\n\n\n<p>En effet , le Premier Ministre a d\u00e9clar\u00e9 que des journaux l\u2019ont qualifi\u00e9 de voleur\u00a0 dans le traitement de l\u2019information sur la question de l\u2019aide \u00e0 la Presse. Nous nous inscrivons\u00a0 en faux par rapport \u00e0 cette d\u00e9claration.\u00a0<\/p>\n\n\n\n<p>Sur la cinquantaine de journaux ayant trait\u00e9 ce sujet qui a fait la \u00ab UNE \u00bb de l\u2019actualit\u00e9 les semaines \u00e9coul\u00e9es, chaque\u00a0 organe a librement choisi un angle sp\u00e9cifique, aucun n\u2019a manqu\u00e9 de respect ni au Premier Ministre ni \u00e0 une\u00a0 quelconque autorit\u00e9 de la Transition.\u00a0<\/p>\n\n\n\n<p>Nous invitons le Premier ministre \u00e0 la retenue et \u00e0 faire face \u00e0 l\u2019essentiel notamment en s\u2019inscrivant dans le cadre de l\u2019adoption des textes de la refondation de la Presse malienne plut\u00f4t que de se livrer \u00e0 des campagnes de d\u00e9sinformation \u00e0 issue incertaine et aux cons\u00e9quences dangereuses pour notre pays.<br>Par ailleurs , la Maison de la Presse invite l\u2019ensemble des r\u00e9dactions en langues nationales \u00e0\u00a0 relayer nos communiqu\u00e9s pour une meilleure compr\u00e9hension des populations.\u00a0<br><\/p>\n\n\n\n<p><strong>Bamako, le 15 juin 2022<\/strong><\/p>\n\n\n\n<p><strong>Le Pr\u00e9sident de la Maison de la Presse&nbsp;<\/strong><\/p>\n\n\n\n<p><strong>Bandiougou&nbsp; &nbsp; DANT\u00c9<\/strong><\/p>\n","protected":false},"excerpt":{"rendered":"<p>C\u2019est avec stup\u00e9faction et indignation que la Maison de la Presse a suivi l\u2019interview du Premier dans l\u2019\u00e9mission Malikoura Taasira diffus\u00e9e le lundi 13 juin 2022 sur la cha\u00eene nationale.&hellip;<\/p>\n","protected":false},"author":1,"featured_media":5041,"comment_status":"open","ping_status":"closed","sticky":false,"template":"","format":"standard","meta":{"content-type":"","_lmt_disableupdate":"","_lmt_disable":"","_jetpack_memberships_contains_paid_content":false,"footnotes":"","jetpack_publicize_message":"","jetpack_publicize_feature_enabled":true,"jetpack_social_post_already_shared":true,"jetpack_social_options":{"image_generator_settings":{"template":"highway","default_image_id":0,"font":"","enabled":false},"version":2}},"categories":[35,43,26],"tags":[],"class_list":["post-6510","post","type-post","status-publish","format-standard","has-post-thumbnail","hentry","category-communique","category-nandi-info","category-presse-journalisme"],"jetpack_publicize_connections":[],"featured_image_urls":{"full":["https:\/\/nandi.info\/wp-content\/uploads\/2022\/05\/Maison-de-la-Presse.jpg",640,427,false],"thumbnail":["https:\/\/nandi.info\/wp-content\/uploads\/2022\/05\/Maison-de-la-Presse-150x150.jpg",150,150,true],"medium":["https:\/\/nandi.info\/wp-content\/uploads\/2022\/05\/Maison-de-la-Presse-300x200.jpg",300,200,true],"medium_large":["https:\/\/nandi.info\/wp-content\/uploads\/2022\/05\/Maison-de-la-Presse.jpg",640,427,false],"large":["https:\/\/nandi.info\/wp-content\/uploads\/2022\/05\/Maison-de-la-Presse.jpg",640,427,false],"1536x1536":["https:\/\/nandi.info\/wp-content\/uploads\/2022\/05\/Maison-de-la-Presse.jpg",640,427,false],"2048x2048":["https:\/\/nandi.info\/wp-content\/uploads\/2022\/05\/Maison-de-la-Presse.jpg",640,427,false],"penci-recipe-1200x1200":["https:\/\/nandi.info\/wp-content\/uploads\/2022\/05\/Maison-de-la-Presse.jpg",640,427,false],"penci-recipe-1200x900":["https:\/\/nandi.info\/wp-content\/uploads\/2022\/05\/Maison-de-la-Presse.jpg",640,427,false],"penci-recipe-1200x675":["https:\/\/nandi.info\/wp-content\/uploads\/2022\/05\/Maison-de-la-Presse.jpg",640,427,false],"penci-single-full":["https:\/\/nandi.info\/wp-content\/uploads\/2022\/05\/Maison-de-la-Presse.jpg",640,427,false],"penci-slider-full-thumb":["https:\/\/nandi.info\/wp-content\/uploads\/2022\/05\/Maison-de-la-Presse.jpg",640,427,false],"penci-full-thumb":["https:\/\/nandi.info\/wp-content\/uploads\/2022\/05\/Maison-de-la-Presse.jpg",640,427,false],"penci-slider-thumb":["https:\/\/nandi.info\/wp-content\/uploads\/2022\/05\/Maison-de-la-Presse.jpg",640,427,false],"penci-magazine-slider":["https:\/\/nandi.info\/wp-content\/uploads\/2022\/05\/Maison-de-la-Presse.jpg",640,427,false],"penci-thumb":["https:\/\/nandi.info\/wp-content\/uploads\/2022\/05\/Maison-de-la-Presse.jpg",585,390,false],"penci-masonry-thumb":["https:\/\/nandi.info\/wp-content\/uploads\/2022\/05\/Maison-de-la-Presse.jpg",585,390,false],"penci-thumb-square":["https:\/\/nandi.info\/wp-content\/uploads\/2022\/05\/Maison-de-la-Presse.jpg",585,390,false],"penci-thumb-vertical":["https:\/\/nandi.info\/wp-content\/uploads\/2022\/05\/Maison-de-la-Presse.jpg",480,320,false],"penci-thumb-small":["https:\/\/nandi.info\/wp-content\/uploads\/2022\/05\/Maison-de-la-Presse.jpg",263,175,false]},"author_info":{"display_name":"Nandi","author_link":"https:\/\/nandi.info\/?author=1"},"category_info":"<a href=\"https:\/\/nandi.info\/?cat=35\" rel=\"category\">Communiqu\u00e9<\/a> <a href=\"https:\/\/nandi.info\/?cat=43\" rel=\"category\">Nandi.info<\/a> <a href=\"https:\/\/nandi.info\/?cat=26\" rel=\"category\">Presse\/Journalisme<\/a>","tag_info":"Presse\/Journalisme","comment_count":"0","jetpack_featured_media_url":"https:\/\/nandi.info\/wp-content\/uploads\/2022\/05\/Maison-de-la-Presse.jpg","jetpack_sharing_enabled":true,"_links":{"self":[{"href":"https:\/\/nandi.info\/index.php?rest_route=\/wp\/v2\/posts\/6510","targetHints":{"allow":["GET"]}}],"collection":[{"href":"https:\/\/nandi.info\/index.php?rest_route=\/wp\/v2\/posts"}],"about":[{"href":"https:\/\/nandi.info\/index.php?rest_route=\/wp\/v2\/types\/post"}],"author":[{"embeddable":true,"href":"https:\/\/nandi.info\/index.php?rest_route=\/wp\/v2\/users\/1"}],"replies":[{"embeddable":true,"href":"https:\/\/nandi.info\/index.php?rest_route=%2Fwp%2Fv2%2Fcomments&post=6510"}],"version-history":[{"count":0,"href":"https:\/\/nandi.info\/index.php?rest_route=\/wp\/v2\/posts\/6510\/revisions"}],"wp:featuredmedia":[{"embeddable":true,"href":"https:\/\/nandi.info\/index.php?rest_route=\/wp\/v2\/media\/5041"}],"wp:attachment":[{"href":"https:\/\/nandi.info\/index.php?rest_route=%2Fwp%2Fv2%2Fmedia&parent=6510"}],"wp:term":[{"taxonomy":"category","embeddable":true,"href":"https:\/\/nandi.info\/index.php?rest_route=%2Fwp%2Fv2%2Fcategories&post=6510"},{"taxonomy":"post_tag","embeddable":true,"href":"https:\/\/nandi.info\/index.php?rest_route=%2Fwp%2Fv2%2Ftags&post=6510"}],"curies":[{"name":"wp","href":"https:\/\/api.w.org\/{rel}","templated":true}]}}