{"id":6478,"date":"2022-06-15T16:37:17","date_gmt":"2022-06-15T14:37:17","guid":{"rendered":"https:\/\/nandi.info\/?p=6478"},"modified":"2022-06-15T16:37:17","modified_gmt":"2022-06-15T14:37:17","slug":"duree-de-la-transition-malienne-a-24-mois-bamako-mesure-t-elle-les-consequences-de-son-acte","status":"publish","type":"post","link":"https:\/\/nandi.info\/?p=6478","title":{"rendered":"Dur\u00e9e de la transition malienne \u00e0 24 mois Bamako mesure-t-elle les cons\u00e9quences de son acte ?"},"content":{"rendered":"\n<p><strong>Alors que les discussions \u00e9taient cens\u00e9es se poursuivre sur le chronogramme de la transition et que toutes les oreilles \u00e9taient tendues du c\u00f4t\u00e9 de la CEDEAO (Communaut\u00e9 \u00e9conomique des \u00c9tats de l\u2019Afrique de l\u2019Ouest) pour savoir si elle l\u00e8verait enfin les sanctions contre le Mali au terme de son prochain sommet extraordinaire pr\u00e9vu en d\u00e9but juillet prochain, les autorit\u00e9s de Bamako ont pris plus d\u2019un, de court avec le d\u00e9cret pr\u00e9sidentiel du 6 juin dernier fixant la dur\u00e9e de la transition \u00ab&nbsp;\u00e0 24 mois, \u00e0 compter du 26 mars 2022&nbsp;\u00bb.<\/strong><\/p>\n\n\n\n<p class=\"has-drop-cap\">En agissant de la sorte, c\u2019est un v\u00e9ritable pav\u00e9 que les autorit\u00e9s de Bamako ont jet\u00e9 dans la mare de la CEDEAO avec laquelle les discussions achoppaient sur ce d\u00e9lai et pour laquelle la dur\u00e9e de la transition au Mali, ne saurait exc\u00e9der 18 autres mois, apr\u00e8s le rendez-vous manqu\u00e9 de fin f\u00e9vrier dernier. Quelle mouche a donc pu piquer le colonel Assimi Go\u00efta pour qu\u2019il publie un tel d\u00e9cret au lendemain du sommet extraordinaire de la CEDEAO qui se donnait encore un mois pour arrondir les angles avec Bamako&nbsp;; tant on disait les parties au dialogue, assez proches d\u2019un consensus&nbsp;?<\/p>\n\n\n\n<p><strong>\u00c0-t-il eu, en creux, l\u2019imprimatur de l\u2019instance r\u00e9gionale pour le faire&nbsp;? Bamako voudrait mettre un terme aux discussions avec la CEDEAO qu\u2019elle ne s\u2019y prendrait pas autrement<\/strong><\/p>\n\n\n\n<p>Se dessinait-il le sc\u00e9nario que l\u2019institution d\u2019Abuja que certaines sources disent sensible aux souffrances du peuple malien, serait pr\u00eate \u00e0 mettre de l\u2019eau dans son vin pour accompagner le Mali&nbsp;? Si oui, pourquoi ne fallait-il pas attendre le d\u00e9lai d\u2019un mois fix\u00e9 par la CEDEAO pour son prochain sommet afin de faire conna\u00eetre sa d\u00e9cision finale&nbsp;?&nbsp; Si non, qu\u2019est-ce qui fonde une telle d\u00e9cision&nbsp;de l\u2019homme fort de Bamako ? Est-ce une fa\u00e7on de forcer la main \u00e0 la CEDEAO&nbsp;en la mettant devant le fait accompli ? Est-ce une bourde administrative qui aurait fuit\u00e9 comme l\u2019on en voit, par moments, sous nos tropiques&nbsp;?<\/p>\n\n\n\n<p>Autant de questions auxquelles seul&nbsp; le locataire du palais de Koulouba peut r\u00e9pondre. En tout \u00e9tat de cause, Bamako voudrait mettre un terme aux discussions avec la CEDEAO qu\u2019elle ne s\u2019y prendrait pas autrement. Mais s\u2019il s\u2019agit d\u2019une nouvelle bravade, il faut croire que Bamako a quelque chose \u00e0 gagner en jouant les provocateurs au risque de braquer un interlocuteur qui ne manque pas de moyens de pression. Mais le moment serait mal choisi. Car, non seulement ce timing pourrait remettre tout le processus de n\u00e9gociation en cause, mais aussi cette sortie pourrait \u00eatre lourde de cons\u00e9quences si Bamako que l\u2019on dit au bord de l\u2019asphyxie \u00e9conomique et incapable de tenir ses engagements internationaux apr\u00e8s plus de quatre mois d\u2019embargo, n\u2019a pas les moyens de tenir plus longtemps la t\u00eate hors de l\u2019eau. C\u2019est dire si \u00e0 pr\u00e9sent, il faut craindre que par cette d\u00e9cision unilat\u00e9rale, les militaires au pouvoir \u00e0 Bamako ne contribuent \u00e0 froisser&nbsp; l\u2019organisation sous-r\u00e9gionale qu\u2019elle ne peut pas contraindre \u00e0 accepter son chronogramme, mais qui, par contre, peut durcir sa position en maintenant ses sanctions contre le Mali.<\/p>\n\n\n\n<p><strong>Maintenant que les d\u00e9s sont jet\u00e9s, que va faire la CEDEAO&nbsp;?<\/strong><\/p>\n\n\n\n<p>Et c\u2019est peu de dire qu\u2019en se la jouant solo, Assimi Go\u00efta et ses camarades \u00f4tent tout argument \u00e0 leurs soutiens suppos\u00e9s ou r\u00e9els au sein de la CEDEAO, qui auraient pu militer \u00e0 l\u2019interne en faveur d\u2019un all\u00e8grement des sanctions contre le Mali. Bamako mesure-t-elle les cons\u00e9quences de son acte&nbsp;? En tout cas, cette d\u00e9cision est une attitude qui ne manque pas d\u2019interroger, au moment o\u00f9 il fallait plut\u00f4t calmer le jeu et mettre balle \u00e0 terre pour trouver un modus vivendi et un modus operandi de sortie d\u2019un bras de fer qui n\u2019a que trop dur\u00e9. Sans pour autant que personne ne paraisse perdre la face.&nbsp; Ceci \u00e9tant, maintenant que les d\u00e9s sont jet\u00e9s, que va faire la CEDEAO&nbsp;?&nbsp; Se r\u00e9soudra-t-elle \u00e0 boire le calice des 24 mois de d\u00e9lai, jusqu\u2019\u00e0 la lie, en ent\u00e9rinant sa d\u00e9cision ? Acceptera-t-elle de faire contre mauvaise fortune, bon c\u0153ur face aux souffrances du peuple malien&nbsp;ou bien continuera-t-elle de camper sur sa position \u00e0 l\u2019effet de faire plier la junte ? Va-t-elle r\u00e9agir dans le sens de ce d\u00e9cret pr\u00e9sidentiel malien ou s\u2019en tiendra-t-elle \u00e0 son propre chronogramme en remettant sa d\u00e9cision au sommet extraordinaire de juillet prochain&nbsp;? Autant de questions qui ne devraient pas tarder \u00e0 trouver r\u00e9ponse.<\/p>\n\n\n\n<p>En attendant, tout porte \u00e0 croire que Bamako a abattu sa derni\u00e8re carte dans ces n\u00e9gociations qui tardent \u00e0 accoucher d\u2019un consensus.&nbsp; La balle est maintenant dans le camp de la CEDEAO.<\/p>\n\n\n\n<p><strong>A . Diallo<\/strong><\/p>\n\n\n\n<p><\/p>\n\n\n\n<p><strong>Le Nouveau R\u00e9veil <\/strong><\/p>\n","protected":false},"excerpt":{"rendered":"<p>Alors que les discussions \u00e9taient cens\u00e9es se poursuivre sur le chronogramme de la transition et que toutes les oreilles \u00e9taient tendues du c\u00f4t\u00e9 de la CEDEAO (Communaut\u00e9 \u00e9conomique des \u00c9tats&hellip;<\/p>\n","protected":false},"author":1,"featured_media":6480,"comment_status":"open","ping_status":"closed","sticky":false,"template":"","format":"standard","meta":{"content-type":"","_lmt_disableupdate":"","_lmt_disable":"","_jetpack_memberships_contains_paid_content":false,"footnotes":"","jetpack_publicize_message":"","jetpack_publicize_feature_enabled":true,"jetpack_social_post_already_shared":true,"jetpack_social_options":{"image_generator_settings":{"template":"highway","default_image_id":0,"font":"","enabled":false},"version":2}},"categories":[46,81],"tags":[],"class_list":["post-6478","post","type-post","status-publish","format-standard","has-post-thumbnail","hentry","category-cedeao","category-le-nouveau-reveil"],"jetpack_publicize_connections":[],"featured_image_urls":{"full":"","thumbnail":"","medium":"","medium_large":"","large":"","1536x1536":"","2048x2048":"","penci-recipe-1200x1200":"","penci-recipe-1200x900":"","penci-recipe-1200x675":"","penci-single-full":"","penci-slider-full-thumb":"","penci-full-thumb":"","penci-slider-thumb":"","penci-magazine-slider":"","penci-thumb":"","penci-masonry-thumb":"","penci-thumb-square":"","penci-thumb-vertical":"","penci-thumb-small":""},"author_info":{"display_name":"Nandi","author_link":"https:\/\/nandi.info\/?author=1"},"category_info":"<a href=\"https:\/\/nandi.info\/?cat=46\" rel=\"category\">CEDEAO<\/a> <a href=\"https:\/\/nandi.info\/?cat=81\" rel=\"category\">Le Nouveau R\u00e9veil<\/a>","tag_info":"Le Nouveau R\u00e9veil","comment_count":"0","jetpack_featured_media_url":"","jetpack_sharing_enabled":true,"_links":{"self":[{"href":"https:\/\/nandi.info\/index.php?rest_route=\/wp\/v2\/posts\/6478","targetHints":{"allow":["GET"]}}],"collection":[{"href":"https:\/\/nandi.info\/index.php?rest_route=\/wp\/v2\/posts"}],"about":[{"href":"https:\/\/nandi.info\/index.php?rest_route=\/wp\/v2\/types\/post"}],"author":[{"embeddable":true,"href":"https:\/\/nandi.info\/index.php?rest_route=\/wp\/v2\/users\/1"}],"replies":[{"embeddable":true,"href":"https:\/\/nandi.info\/index.php?rest_route=%2Fwp%2Fv2%2Fcomments&post=6478"}],"version-history":[{"count":0,"href":"https:\/\/nandi.info\/index.php?rest_route=\/wp\/v2\/posts\/6478\/revisions"}],"wp:featuredmedia":[{"embeddable":true,"href":"https:\/\/nandi.info\/index.php?rest_route=\/"}],"wp:attachment":[{"href":"https:\/\/nandi.info\/index.php?rest_route=%2Fwp%2Fv2%2Fmedia&parent=6478"}],"wp:term":[{"taxonomy":"category","embeddable":true,"href":"https:\/\/nandi.info\/index.php?rest_route=%2Fwp%2Fv2%2Fcategories&post=6478"},{"taxonomy":"post_tag","embeddable":true,"href":"https:\/\/nandi.info\/index.php?rest_route=%2Fwp%2Fv2%2Ftags&post=6478"}],"curies":[{"name":"wp","href":"https:\/\/api.w.org\/{rel}","templated":true}]}}