{"id":6454,"date":"2022-06-15T14:25:33","date_gmt":"2022-06-15T12:25:33","guid":{"rendered":"https:\/\/nandi.info\/?p=6454"},"modified":"2022-06-15T14:25:33","modified_gmt":"2022-06-15T12:25:33","slug":"feux-de-brousse-plus-de-2-millions-dhectares-ravages-en-trois-mois","status":"publish","type":"post","link":"https:\/\/nandi.info\/?p=6454","title":{"rendered":"Feux de brousse : Plus de 2 millions d\u2019hectares ravag\u00e9s en trois mois"},"content":{"rendered":"\n<p><strong><em>Le ravage du feu est tr\u00e8s \u00e9lev\u00e9 dans les cercles de Kita, Bafoulab\u00e9, Kayes, Keni\u00e9ba, Nara d\u2019octobre \u00e0 d\u00e9cembre 2021, selon le satellite Modis. Le service des eaux et for\u00eats a d\u00e9voil\u00e9 ces chiffres, la semaine derni\u00e8re \u00e0 l\u2019AEDD. C\u2019\u00e9tait \u00e0 l\u2019occasion de la 23e \u00e9dition de la quinzaine de l\u2019environnement.<\/em><\/strong><\/p>\n\n\n\n<p class=\"has-drop-cap\">Dans le cadre de la campagne de communication en faveur de la protection de l\u2019environnement, dont les activit\u00e9s ont \u00e9t\u00e9 lanc\u00e9es le 5 juin \u00e0 Bougouni, la direction nationale des Eaux et For\u00eats, a \u00e9chang\u00e9 avec les acteurs de l\u2019environnement sur trois communications. Une pr\u00e9sentation sur la situation des feux de brousse durant le dernier trimestre de 2021 a \u00e9t\u00e9 d\u00e9velopp\u00e9e par le Commandant Alassane Diallo,&nbsp; charg\u00e9 de la gestion de la base des donn\u00e9es-suivi des feux de brousse \u00e0 la Direction nationale des Eaux et For\u00eats.<\/p>\n\n\n\n<p>Le pr\u00e9sentateur a indiqu\u00e9 que 20&nbsp;777 d\u2019occurrences de feu de brousse ont \u00e9t\u00e9 observ\u00e9s pendant les mois d\u2019octobre, novembre et d\u00e9cembre 2021 sur l\u2019ensemble du pays, via le satellite Modis. D\u2019o\u00f9 la n\u00e9cessit\u00e9, plaide l\u2019agent, d\u2019intervenir pour minimiser le risque de feux tardifs&nbsp; dans les localit\u00e9s cit\u00e9es.<\/p>\n\n\n\n<p>Ces cas de feux de brousse d\u00e9tect\u00e9s par les satellitaires Modis&nbsp; ont ravag\u00e9 plus de 2 millions hectares pendant la m\u00eame p\u00e9riode.<\/p>\n\n\n\n<p>Les superficies br\u00fbl\u00e9es sont beaucoup plus importantes, renseigne le service des eaux et for\u00eats, dans les cercles de Kita (453&nbsp;746 ha), Bafoulab\u00e9 (305&nbsp;471 ha), Kayes (331&nbsp;288), Keni\u00e9ba (115&nbsp;724 ha), Nara (233&nbsp;260 ha), Kolokani (150&nbsp;177) et Di\u00e9ma (90&nbsp;277 ha).<\/p>\n\n\n\n<p><strong>Diminution de pr\u00e8s 40 %<\/strong><\/p>\n\n\n\n<p>Sur la campagne 2020-2021, le service des eaux et for\u00eats constate une diminution d\u2019\u00e0 peu pr\u00e8s 40 % de superficies brul\u00e9es, surtout dans la r\u00e9gion de Kayes, m\u00eame plusieurs cercles de la r\u00e9gion sont toujours dans la zone rouge.<\/p>\n\n\n\n<p>Cette r\u00e9duction conforte le service des eaux et for\u00eats, selon commandant Alassane Diallo charg\u00e9 de la gestion de la base des donn\u00e9es suivi de feux de brousse. Pour lui, \u00ab&nbsp;cela veut que dire que la sensibilisation, l\u2019information et la communication men\u00e9es dans la zone a port\u00e9 son fruit&nbsp;\u00bb.<\/p>\n\n\n\n<p>A rappeler qu\u2019en 2020, 7, 6 millions hectares avaient \u00e9t\u00e9 d\u00e9vast\u00e9s par des feux de brousse au Mali dont 3 millions hectares pour la r\u00e9gion de Kayes contre 5, 2 millions hectares en 2019, (pour la m\u00eame r\u00e9gion), selon les donn\u00e9es du Syst\u00e8me d\u2019information forestier (Sifor).<\/p>\n\n\n\n<p>Pour une gestion efficace de ces feux de brousse, la direction des Eaux et For\u00eats&nbsp; a recommand\u00e9 la mise en place en place d\u2019un syst\u00e8me de pr\u00e9vision et d\u2019alerte&nbsp; rapide dans les cercles n\u00e9vralgiques et la pr\u00e9paration d\u2019un module de lutte contre les feux de brousse au profit des \u00e9l\u00e8ves forestiers. Elle a \u00e9galement demand\u00e9 le quadrillage des zones \u00e0 risques par la cr\u00e9ation d\u2019un r\u00e9seau de pare-feu r\u00e9guli\u00e8rement entretenus et une surveillance renforcer des zones \u00e0 forte production de biomasse avant la fin de la saison des pluies.<\/p>\n\n\n\n<p>La direction nationale des Eaux et For\u00eats, au cours de sa journ\u00e9e, a \u00e9chang\u00e9 sur l\u2019arr\u00eat\u00e9 interminist\u00e9riel portant modalit\u00e9s d\u2019exportation du bois et les occupations des for\u00eats class\u00e9es au Mali. \u00ab&nbsp;Le foncier pose un probl\u00e8me&nbsp;\u00bb, a alert\u00e9 la directrice nationale des Eaux et For\u00eats Mme Kanout\u00e9 Fatoumata Kon\u00e9.<\/p>\n\n\n\n<p><strong>Kadiatou Mouyi Doumbia<\/strong><\/p>\n\n\n\n<p><\/p>\n\n\n\n<p><strong>Mali Tribune<\/strong><\/p>\n\n\n\n<p><strong>&nbsp;<\/strong><\/p>\n\n\n\n<p><strong>&nbsp;<\/strong><\/p>\n\n\n\n<h2 class=\"wp-block-heading\"><strong>PROTECTION DE L\u2019ENVIRONNEMENT<\/strong> : <strong>Les enfants aussi comptent<\/strong><\/h2>\n\n\n\n<p><strong>&nbsp;<\/strong><strong><em>En marge de la 23e \u00e9dition de la Quinzaine de l\u2019environnement, l\u2019Association pour l\u2019Environnement, l\u2019Assainissement et pour un Meilleur Cadre de vie (Amavec) et l\u2019entreprise Lena d\u00e9co ont organis\u00e9 une journ\u00e9e de sensibilisation et d\u2019\u00e9ducation \u00e0 l\u2019\u00e9co-citoyennet\u00e9 \u00e0 l\u2019endroit de plus de 1 000 \u00e9l\u00e8ves du Complexe scolaire Marie Auxiliatrice (CSMA) de Niamana. C\u2019\u00e9tait le vendredi 10 juin, dans l\u2019enceinte de l\u2019\u00e9tablissement, sous le parrainage du directeur ex\u00e9cutif de la fondation Tuwindi, Tidiane Togola.<\/em><\/strong><\/p>\n\n\n\n<p class=\"has-drop-cap\">\u0152uvrant tous deux dans le domaine de la protection de l\u2019environnement, l\u2019Association pour l\u2019Environnement, l\u2019Assainissement et pour un Meilleur cadre de vie (Amavec) et l\u2019entreprise Lena d\u00e9co ne sont pas rest\u00e9es en marge de la Quinzaine de l\u2019environnement 2022. La campagne se d\u00e9roule jusqu\u2019au 17 juin sur toute l\u2019entendue du pays.<\/p>\n\n\n\n<p>C\u2019est aux c\u00f4t\u00e9s des 1 150 \u00e9lev\u00e9s du Complexe scolaire Marie Auxiliatrice (CSMA) de Niamana que l\u2019Amavec et L\u00e9na D\u00e9co ont c\u00e9l\u00e9br\u00e9 cette 23e \u00e9dition sous le th\u00e8me \u00ab&nbsp;Moi enfant, que dois-je faire pour prot\u00e9ger mon environnement&nbsp;? \u00bb.<\/p>\n\n\n\n<p>L\u2019objectif de cette journ\u00e9e, selon Mme Kalambry H\u00e9l\u00e8ne Argidame, pr\u00e9sidente de l\u2019association \u00e9tait de \u00ab&nbsp;<em>sensibiliser&nbsp; les tout petits \u00e0 ne pas faire les m\u00eames erreurs que nous avons faites<\/em>&nbsp;\u00bb. La promotrice de Lena D\u00e9co poursuit et ajoutera que la protection de l\u2019environnement est d\u00e9sormais un sujet primordial. Pour prot\u00e9ger la survie de l\u2019humanit\u00e9, il est indispensable, estime-elle, de prot\u00e9ger l\u2019environnement aujourd\u2019hui.<\/p>\n\n\n\n<p><em>\u00ab&nbsp;Et pour que la rel\u00e8ve soit bien assur\u00e9e, il est plus que n\u00e9cessaire de se pencher sur les enfants en leur apprenant les bonnes pratiques afin qu\u2019ils soient des bons \u00e9co-citoyens de demain<\/em>&nbsp;\u00bb, a-t-elle fait savoir. Elle a invit\u00e9 tout un chacun \u00e0 \u0153uvrer pour le bien \u00eatre de notre terre car, \u00ab&nbsp;nous n\u2019avons qu\u2019une seule terre&nbsp;\u00bb.<\/p>\n\n\n\n<p>La journ\u00e9e de sensibilisation a outill\u00e9 les \u00e9lev\u00e9s du CSMA sur l\u2019importance et les bienfaits du reboisement sur l\u2019environnement et la population. La pr\u00e9sentation a \u00e9t\u00e9 faite par l\u2019\u00e9quipe de cantonnement des eaux et for\u00eats de la rive droite de Bamako. De nombreux invit\u00e9s y ont pris part, dont la Fondation Malien Tout Court, l\u2019Agence de l\u2019Environnement et du D\u00e9veloppement durable (AEDD), le collectif Cit\u00e9 propre, la Plateforme Mali vert, le Collectif des associations de Niamana et N\u2019tabacoro, les membres de&nbsp;<em>moussikiss\u00e9-ton<\/em>&nbsp;de Missabougou,<\/p>\n\n\n\n<p>Au nom des parents, le parrain de l\u2019\u00e9v\u00e9nement Tidiane Togola, directeur ex\u00e9cutif de la fondation Tuwindi a salu\u00e9 l\u2019initiative de l\u2019Amavec et de L\u00e9na D\u00e9cor \u00e0 l\u2019endroit des tout petits. Devant lui et l\u2019initiatrice de l\u2019\u00e9v\u00e8nement, les \u00e9l\u00e8ves se sont engag\u00e9s \u00e0&nbsp;<em>\u00ab&nbsp;pr\u00e9server l\u2019environnement pour des milliers d\u2019ann\u00e9es pour leurs camarades, leurs familles, pour le Mali et pour l\u2019Afrique, et pour le monde&nbsp;\u00bb<\/em>.<\/p>\n\n\n\n<p>La directrice du Complexe, Sr Yvonnne Ouedraogo, s\u0153urs sal\u00e9siennes de Don Bosco, a remerci\u00e9 l\u2019Amavec d\u2019avoir choisi leur \u00e9tablissement pour cette sensibilisation combien importante. A l\u2019en croire, la protection de l\u2019environnement surtout aujourd\u2019hui doit \u00eatre un engagement de premi\u00e8re importance. La directrice du complexe a, ensuite, sollicit\u00e9 l\u2019aide des bonnes volont\u00e9s et celle des autorit\u00e9s locales pour refaire leur forage. Elle a \u00e9galement demand\u00e9 l\u2019am\u00e9nagement de la route qui passe devant l\u2019\u00e9cole. Elle se trouve dans \u00ab&nbsp;un \u00e9tat d\u00e9fectueux&nbsp;\u00bb, a laiss\u00e9 entendre Sr Yvonnne Ouedraogo.<\/p>\n\n\n\n<p>Le chef de cantonnement des eaux et for\u00eats de la rive droite, Commandant Ahmed Ag Mohamed Elmoctar, a invit\u00e9 la population \u00e0 joindre l\u2019acte \u00e0 la parole en inculquant d\u00e8s le bas \u00e2ge la protection de l\u2019environnement aux enfants. A l\u2019endroit des parents, il les a engag\u00e9 \u00e0 \u00eatre des bons \u00e9co-citoyens.<\/p>\n\n\n\n<p>La journ\u00e9e a \u00e9t\u00e9 marqu\u00e9e par des prestations de slams, de chor\u00e9graphies et des remises des kits d\u2019assainissement et des pots de fleur faits \u00e0 base des mati\u00e8res plastiques au Complexe scolaire. L\u2019association, \u00e0 travers sa pr\u00e9sidente, a \u00e9galement proc\u00e9d\u00e9&nbsp; \u00e0 des&nbsp; plantations symboliques d\u2019arbres dans la cour de l\u2019\u00e9cole.<\/p>\n\n\n\n<p><strong>Kadiatou Mouyi Doumbia<\/strong><\/p>\n","protected":false},"excerpt":{"rendered":"<p>Le ravage du feu est tr\u00e8s \u00e9lev\u00e9 dans les cercles de Kita, Bafoulab\u00e9, Kayes, Keni\u00e9ba, Nara d\u2019octobre \u00e0 d\u00e9cembre 2021, selon le satellite Modis. Le service des eaux et for\u00eats&hellip;<\/p>\n","protected":false},"author":1,"featured_media":6455,"comment_status":"open","ping_status":"closed","sticky":false,"template":"","format":"standard","meta":{"content-type":"","_lmt_disableupdate":"","_lmt_disable":"","_jetpack_memberships_contains_paid_content":false,"footnotes":"","jetpack_publicize_message":"","jetpack_publicize_feature_enabled":true,"jetpack_social_post_already_shared":true,"jetpack_social_options":{"image_generator_settings":{"template":"highway","default_image_id":0,"font":"","enabled":false},"version":2}},"categories":[36,33],"tags":[],"class_list":["post-6454","post","type-post","status-publish","format-standard","has-post-thumbnail","hentry","category-environnement","category-mali-tribune"],"jetpack_publicize_connections":[],"featured_image_urls":{"full":"","thumbnail":"","medium":"","medium_large":"","large":"","1536x1536":"","2048x2048":"","penci-recipe-1200x1200":"","penci-recipe-1200x900":"","penci-recipe-1200x675":"","penci-single-full":"","penci-slider-full-thumb":"","penci-full-thumb":"","penci-slider-thumb":"","penci-magazine-slider":"","penci-thumb":"","penci-masonry-thumb":"","penci-thumb-square":"","penci-thumb-vertical":"","penci-thumb-small":""},"author_info":{"display_name":"Nandi","author_link":"https:\/\/nandi.info\/?author=1"},"category_info":"<a href=\"https:\/\/nandi.info\/?cat=36\" rel=\"category\">Environnement<\/a> <a href=\"https:\/\/nandi.info\/?cat=33\" rel=\"category\">Mali Tribune<\/a>","tag_info":"Mali Tribune","comment_count":"0","jetpack_featured_media_url":"","jetpack_sharing_enabled":true,"_links":{"self":[{"href":"https:\/\/nandi.info\/index.php?rest_route=\/wp\/v2\/posts\/6454","targetHints":{"allow":["GET"]}}],"collection":[{"href":"https:\/\/nandi.info\/index.php?rest_route=\/wp\/v2\/posts"}],"about":[{"href":"https:\/\/nandi.info\/index.php?rest_route=\/wp\/v2\/types\/post"}],"author":[{"embeddable":true,"href":"https:\/\/nandi.info\/index.php?rest_route=\/wp\/v2\/users\/1"}],"replies":[{"embeddable":true,"href":"https:\/\/nandi.info\/index.php?rest_route=%2Fwp%2Fv2%2Fcomments&post=6454"}],"version-history":[{"count":0,"href":"https:\/\/nandi.info\/index.php?rest_route=\/wp\/v2\/posts\/6454\/revisions"}],"wp:featuredmedia":[{"embeddable":true,"href":"https:\/\/nandi.info\/index.php?rest_route=\/"}],"wp:attachment":[{"href":"https:\/\/nandi.info\/index.php?rest_route=%2Fwp%2Fv2%2Fmedia&parent=6454"}],"wp:term":[{"taxonomy":"category","embeddable":true,"href":"https:\/\/nandi.info\/index.php?rest_route=%2Fwp%2Fv2%2Fcategories&post=6454"},{"taxonomy":"post_tag","embeddable":true,"href":"https:\/\/nandi.info\/index.php?rest_route=%2Fwp%2Fv2%2Ftags&post=6454"}],"curies":[{"name":"wp","href":"https:\/\/api.w.org\/{rel}","templated":true}]}}