{"id":6443,"date":"2022-06-14T17:36:59","date_gmt":"2022-06-14T15:36:59","guid":{"rendered":"https:\/\/nandi.info\/?p=6443"},"modified":"2022-06-14T17:36:59","modified_gmt":"2022-06-14T15:36:59","slug":"ladema-pasj-fait-le-bilan-de-ses-10-ans-de-gestion-du-pouvoir-la-3eme-republique-a-reussi-a-relever-le-defi-de-la-paix-au-nord-de-notre-pays-en-cultivant-le-dialogue-dans-un-cadre-de","status":"publish","type":"post","link":"https:\/\/nandi.info\/?p=6443","title":{"rendered":"L\u2019ADEMA PASJ fait le bilan de ses 10 ans de gestion du pouvoir : \u00abLa 3\u00e8me R\u00e9publique a r\u00e9ussi \u00e0 relever le d\u00e9fi de la paix au nord de notre pays, en cultivant le dialogue dans un cadre d\u00e9mocratique \u00bb"},"content":{"rendered":"\n<p class=\"has-drop-cap\">Le M\u00e9morial Modibo Ke\u00efta de Bamako a abrit\u00e9, le samedi 11 juin 2022, la comm\u00e9moration du 30\u00e8me anniversaire de l\u2019accession de l\u2019Alliance pour la d\u00e9mocratie au Mali-Parti africain pour la solidarit\u00e9 et la justice (Adema-PASJ) au pouvoir, un 8 juin 1992 et le lancement du bilan de sa gestion au sommet de l\u2019Etat, sous forme de livre illustr\u00e9. Ce livre de 334 pages retrace les grandes r\u00e9alisations effectu\u00e9es par le r\u00e9gime de Alpha Oumar Konar\u00e9, ex-pr\u00e9sident de l\u2019ADEMA PASJ, Pr\u00e9sident de la R\u00e9publique du Mali de 1992 \u00e0 2002. \u00ab Dans son bilan, la 3\u00e8me R\u00e9publique a r\u00e9ussi \u00e0 relever le d\u00e9fi de la Paix au Nord de notre pays, en cultivant le dialogue, et la concertation dans un cadre d\u00e9mocratique. Il faut s\u2019en f\u00e9liciter et poursuivre l\u2019\u0153uvre de consolidation de cette paix \u00bb, a soulign\u00e9 l\u2019actuel secr\u00e9taire g\u00e9n\u00e9ral de l\u2019Adema Pasj, Yaya Sangar\u00e9, ancien ministre et ancien d\u00e9put\u00e9.<\/p>\n\n\n\n<p>Cette c\u00e9r\u00e9monie de pr\u00e9sentation de bilan de l\u2019Adema Pasj \u00e9tait pr\u00e9sid\u00e9e par son pr\u00e9sident, Marimantia Diarra, en pr\u00e9sence de Madera Diallo, chef de cabinet de Alpha Oumar Konar\u00e9 ; du Pr. Ali N Diallo, ancien pr\u00e9sident de l\u2019Assembl\u00e9e nationale du Mali ; des cadres ; militants et sympathisants de l\u2019Adema-PASJ ; des responsables des autres partis politiques. \u00ab Nous avons souhait\u00e9 que ces deux \u00e9v\u00e9nements soient des moments de partage, populaires, festifs et rassembleurs autour de ce livre-bilan, afin de rappeler leur importance en cette p\u00e9riode de tentatives de r\u00e9\u00e9criture, de falsification et de confiscation de notre histoire r\u00e9cente. Mieux vaut tard que jamais.<\/p>\n\n\n\n<p>Le bilan est enfin l\u00e0, 20 ans apr\u00e8s la fin des deux quinquennats pr\u00e9sidentiels, \u00e0 nous confier par le peuple souverain du Mali, dans les conditions les meilleurs \u00bb, a soulign\u00e9 Yaya Sangar\u00e9, secr\u00e9taire g\u00e9n\u00e9ral du parti Adema-Pasj. Avant d\u2019ajouter que l\u2019ouvrage compte 334 pages r\u00e9parties entre cinq chapitres avec plus d\u2019une soixantaine de secteurs d\u2019activit\u00e9s d\u00e9velopp\u00e9s. Selon lui, sur le plan de l\u2019Education, le nombre d\u2019\u00e9coles de l\u2019Enseignement Fondamental qui \u00e9tait de 1943 (en 1992) est pass\u00e9 \u00e0 7 831 (en 2002), dont 6 858 \u00e9coles du 1er cycle, 606 du 2\u00e8me cycle et 367 \u00e9coles \u00e0 cycle complet.<\/p>\n\n\n\n<p>A l\u2019en croire, le secteur agricole n\u2019a pas \u00e9t\u00e9 oubli\u00e9 par les autorit\u00e9s issues des \u00e9lections de 1992 et 1997. Il a fait savoir que des efforts ont \u00e9t\u00e9 faits dans le domaine de la sant\u00e9, de la diplomatie, dans le cadre de l\u2019am\u00e9lioration des conditions de vie et de travail des Forces Arm\u00e9es et de S\u00e9curit\u00e9 etc. \u00ab Dans son bilan, la 3\u00e8me R\u00e9publique a r\u00e9ussi \u00e0 relever le d\u00e9fi de la Paix au Nord de notre pays, en cultivant le dialogue, et la concertation dans un cadre d\u00e9mocratique. Il faut s\u2019en f\u00e9liciter et poursuivre l\u2019\u0153uvre de consolidation de cette paix.<\/p>\n\n\n\n<p>L\u2019organisation de la Flamme de la paix \u00e0 Tombouctou, pour conforter la paix retrouv\u00e9e, aura fortement contribu\u00e9 \u00e0 la r\u00e9solution du probl\u00e8me du Nord de notre pays. Comme quoi, seul un pouvoir d\u00e9mocratique peut r\u00e9ussir \u00e0 ramener la paix dans notre pays. Ce que beaucoup d\u2019analyses pr\u00e9sentaient comme un irr\u00e9dentisme nomade, \u00e0 l\u2019\u00e9poque, a trouv\u00e9 une solution d\u00e9mocratique concert\u00e9e pour que soit pr\u00e9serv\u00e9 et confort\u00e9 le Mali Un, mais Pluriel. Cela est \u00e0 l\u2019actif de l\u2019Ad\u00e9ma-PASJ. Il est bon de pr\u00e9ciser ici que la \u201cFlamme de la Paix\u201d n\u2019a jamais \u00e9t\u00e9 orient\u00e9e contre les armes de notre Arm\u00e9e nationale, elle a plut\u00f4t concern\u00e9e les armes r\u00e9cup\u00e9r\u00e9es et beaucoup plus d\u2019armes obsol\u00e8tes \u00bb, a indiqu\u00e9 Yaya Sangar\u00e9. Pour lui, la publication du pr\u00e9sent ouvrage a pour but de rendre compte de ce que l\u2019Adema-PASJ a pu r\u00e9aliser pour le Mali et les Maliens, d\u2019\u00e9difier l\u2019opinion publique et internationale et de prendre date pour l\u2019histoire.<\/p>\n\n\n\n<p>Ce bilan de l\u2019Ad\u00e9ma-PASJ, assez d\u00e9cortiqu\u00e9 dans ce livre, comme toute \u0153uvre humaine, n\u2019est certainement pas parfait. Toutefois, dit-il, il aura permis de poser les bases solides de la D\u00e9mocratie au Mali. \u00ab Au- del\u00e0 du seul Parti, l\u2019Ad\u00e9ma-PASJ, tout le m\u00e9rite de ce bilan revient \u00e0 tous les hommes et \u00e0 toutes les femmes qui ont servi le Mali, contribuant ainsi \u00e0 la mise en \u0153uvre du Programme de Soci\u00e9t\u00e9 de notre parti, sous le leadership dynamique et proactif du Premier Pr\u00e9sident d\u00e9mocratiquement \u00e9lu de la 3\u00e8me R\u00e9publique, le camarade Alpha Oumar KONARE. Nul n\u2019ignore l\u2019h\u00e9ritage catastrophique laiss\u00e9 par le r\u00e9gime CMLN-UDPM du G\u00e9n\u00e9ral Moussa TRAORE. Vous comprendrez ais\u00e9ment que l\u2019Ad\u00e9ma-PASJ n\u2019a jamais renonc\u00e9, malgr\u00e9 les contingences, \u00e0 partager, \u00e0 rassembler et \u00e0 construire ensemble pour le bien-\u00eatre des Maliens \u00bb, a-t-il conclu.<\/p>\n\n\n\n<p>Pour sa part, le pr\u00e9sident de l\u2019Adema Pasj, Marimantia Diarra, a souhait\u00e9 que ce livre (disponible au si\u00e8ge de l\u2019Adema \u00e0 11 000 FCFA) puisse donner une id\u00e9e aux jeunes de savoir ce qui a \u00e9t\u00e9 fait durant la gestion de l\u2019Adema au pouvoir. Tous les autres intervenants comme Adama Samass\u00e9kou, Moustaphe Dicko, Makan Moussa Sissoko, Modibo Sidib\u00e9 de Fare An Ka Wuli mis l\u2019accent sur les diff\u00e9rentes r\u00e9alisations effectu\u00e9es entre 1992 et 2002. La c\u00e9r\u00e9monie a pris fin par la d\u00e9dicace du livre par Marimantia Diarra.<\/p>\n\n\n\n<p><strong>Aguibou Sogodogo<\/strong><\/p>\n","protected":false},"excerpt":{"rendered":"<p>Le M\u00e9morial Modibo Ke\u00efta de Bamako a abrit\u00e9, le samedi 11 juin 2022, la comm\u00e9moration du 30\u00e8me anniversaire de l\u2019accession de l\u2019Alliance pour la d\u00e9mocratie au Mali-Parti africain pour la&hellip;<\/p>\n","protected":false},"author":1,"featured_media":6444,"comment_status":"open","ping_status":"closed","sticky":false,"template":"","format":"standard","meta":{"content-type":"","_lmt_disableupdate":"","_lmt_disable":"","_jetpack_memberships_contains_paid_content":false,"footnotes":"","jetpack_publicize_message":"","jetpack_publicize_feature_enabled":true,"jetpack_social_post_already_shared":true,"jetpack_social_options":{"image_generator_settings":{"template":"highway","default_image_id":0,"font":"","enabled":false},"version":2}},"categories":[69,23],"tags":[],"class_list":["post-6443","post","type-post","status-publish","format-standard","has-post-thumbnail","hentry","category-le-republicain-mali","category-politique"],"jetpack_publicize_connections":[],"featured_image_urls":{"full":"","thumbnail":"","medium":"","medium_large":"","large":"","1536x1536":"","2048x2048":"","penci-recipe-1200x1200":"","penci-recipe-1200x900":"","penci-recipe-1200x675":"","penci-single-full":"","penci-slider-full-thumb":"","penci-full-thumb":"","penci-slider-thumb":"","penci-magazine-slider":"","penci-thumb":"","penci-masonry-thumb":"","penci-thumb-square":"","penci-thumb-vertical":"","penci-thumb-small":""},"author_info":{"display_name":"Nandi","author_link":"https:\/\/nandi.info\/?author=1"},"category_info":"<a href=\"https:\/\/nandi.info\/?cat=69\" rel=\"category\">Le R\u00e9publicain Mali<\/a> <a href=\"https:\/\/nandi.info\/?cat=23\" rel=\"category\">Politique<\/a>","tag_info":"Politique","comment_count":"0","jetpack_featured_media_url":"","jetpack_sharing_enabled":true,"_links":{"self":[{"href":"https:\/\/nandi.info\/index.php?rest_route=\/wp\/v2\/posts\/6443","targetHints":{"allow":["GET"]}}],"collection":[{"href":"https:\/\/nandi.info\/index.php?rest_route=\/wp\/v2\/posts"}],"about":[{"href":"https:\/\/nandi.info\/index.php?rest_route=\/wp\/v2\/types\/post"}],"author":[{"embeddable":true,"href":"https:\/\/nandi.info\/index.php?rest_route=\/wp\/v2\/users\/1"}],"replies":[{"embeddable":true,"href":"https:\/\/nandi.info\/index.php?rest_route=%2Fwp%2Fv2%2Fcomments&post=6443"}],"version-history":[{"count":0,"href":"https:\/\/nandi.info\/index.php?rest_route=\/wp\/v2\/posts\/6443\/revisions"}],"wp:featuredmedia":[{"embeddable":true,"href":"https:\/\/nandi.info\/index.php?rest_route=\/"}],"wp:attachment":[{"href":"https:\/\/nandi.info\/index.php?rest_route=%2Fwp%2Fv2%2Fmedia&parent=6443"}],"wp:term":[{"taxonomy":"category","embeddable":true,"href":"https:\/\/nandi.info\/index.php?rest_route=%2Fwp%2Fv2%2Fcategories&post=6443"},{"taxonomy":"post_tag","embeddable":true,"href":"https:\/\/nandi.info\/index.php?rest_route=%2Fwp%2Fv2%2Ftags&post=6443"}],"curies":[{"name":"wp","href":"https:\/\/api.w.org\/{rel}","templated":true}]}}