{"id":6409,"date":"2022-06-13T17:25:37","date_gmt":"2022-06-13T15:25:37","guid":{"rendered":"https:\/\/nandi.info\/?p=6409"},"modified":"2022-06-13T17:25:37","modified_gmt":"2022-06-13T15:25:37","slug":"procedure-disciplinaire-contre-cheick-mohamed-cherif-seul-le-droit-doit-prevaloir","status":"publish","type":"post","link":"https:\/\/nandi.info\/?p=6409","title":{"rendered":"Proc\u00e9dure disciplinaire contre Cheick Mohamed Ch\u00e9rif : \u00ab Seul le droit doit pr\u00e9valoir"},"content":{"rendered":"\n<p><strong><em>C\u2019est en principe ce mercredi 15 juin 2022 que le magistrat de classe exceptionnel, Cheick Mohamed Cherif Kon\u00e9 sera devant le Conseil de discipline du Conseil sup\u00e9rieur de la magistrature convoqu\u00e9 par le Colonel Assimi Go\u00efta. Esp\u00e9rons la manifestation de la v\u00e9rit\u00e9.\u00a0 Que des arguments de droit pr\u00e9valent.<\/em><\/strong><\/p>\n\n\n\n<p class=\"has-drop-cap\">Cette sortie \u00e0 l\u2019endroit du pr\u00e9sident de l\u2019Association malienne des procureurs et poursuivants (AMPP) trouve son origine du fait qu\u2019il avait pris son courage \u00e0 deux mains pour d\u00e9noncer la proc\u00e9dure conduisant \u00e0 l\u2019arrestation de l\u2019ancien Premier ministre\u00a0Soumeylou\u00a0Boub\u00e8ye\u00a0Ma\u00efga\u00a0et\u00a0l\u2019ancienne ministre des Finances,Bouar\u00e9\u00a0Fily\u00a0Sissoko, dans l\u2019affaire dite\u00a0\u00ab\u00a0des \u00e9quipements militaires\u00a0\u00bb.<\/p>\n\n\n\n<p>Ce jeudi 15 juin, \u00e0 la Cour Supr\u00eame, tout prouve que les d\u00e9bats seront rudes entre les avocats de Me Cherif et le Procureur g\u00e9n\u00e9ral. Le second esp\u00e8re avoir raison du premier sur la base des seuls arguments juridiques bas\u00e9s sur le seul droit.&nbsp; Toute autre explication ne doit avoir sa place. Autrement dit, il faut que le droit ait raison sur le c\u0153ur ou sur toutes autres consid\u00e9rations.<\/p>\n\n\n\n<p>L\u2019accus\u00e9 Me Kon\u00e9, connu pour son franc parl\u00e9, son respect des textes, a d\u00e9j\u00e0 averti que seul le droit doit pr\u00e9valoir et que personne ne peut et ne doit se soustraire du joug des lois de la R\u00e9publique. Pour lui, \u00ab&nbsp;nos dirigeants ne sauraient demeurer en marge du droit\u2026 Ce serait une d\u00e9mission pour les membres de nos organisations de rester inactifs et muets face aux atteintes les plus graves \u00e0 l\u2019ind\u00e9pendance du pouvoir judiciaire, aux r\u00e8gles de proc\u00e9dure, ainsi qu\u2019aux libert\u00e9s et droits fondamentaux consacr\u00e9s par les instruments internationaux et notre constitution&nbsp;\u00bb, \u00e9crit maliweb.<\/p>\n\n\n\n<p>Pour le magistrat, il est hors<em>&nbsp;de question de cautionner<\/em><em>&nbsp;<\/em>&nbsp;la violation des principes et r\u00e8gles de d\u00e9mocratie de la part de quiconque, y compris d\u2019un pr\u00e9sident de Transition. Pour le magistrat convoqu\u00e9, la qualit\u00e9 du Colonel&nbsp;Assimi&nbsp;Go\u00efta, premier magistrat du pays et pr\u00e9sident du conseil sup\u00e9rieur de la magistrature&nbsp;<em>\u00ab&nbsp;sont l\u00e9gitimement discutables pour \u00eatre juridiquement contestables, au regard de notre Constitution, de la charte de la Transition et du droit international&nbsp;<\/em>\u00bb.<\/p>\n\n\n\n<p>Au regard de l\u2019importance de l\u2019audience, les Maliens auront certainement les yeux riv\u00e9s sur la Cour Supr\u00eame ce jeudi. Ce proc\u00e8s est appel\u00e9 par certains observateurs&nbsp;: \u00ab&nbsp;Proc\u00e8s judico-judiciaire&nbsp;\u00bb.<\/p>\n\n\n\n<p><strong>Djibril Diallo<\/strong><\/p>\n","protected":false},"excerpt":{"rendered":"<p>C\u2019est en principe ce mercredi 15 juin 2022 que le magistrat de classe exceptionnel, Cheick Mohamed Cherif Kon\u00e9 sera devant le Conseil de discipline du Conseil sup\u00e9rieur de la magistrature&hellip;<\/p>\n","protected":false},"author":1,"featured_media":6410,"comment_status":"open","ping_status":"closed","sticky":false,"template":"","format":"standard","meta":{"content-type":"","_lmt_disableupdate":"","_lmt_disable":"","_jetpack_memberships_contains_paid_content":false,"footnotes":"","jetpack_publicize_message":"","jetpack_publicize_feature_enabled":true,"jetpack_social_post_already_shared":true,"jetpack_social_options":{"image_generator_settings":{"template":"highway","default_image_id":0,"font":"","enabled":false},"version":2}},"categories":[61,56,21],"tags":[],"class_list":["post-6409","post","type-post","status-publish","format-standard","has-post-thumbnail","hentry","category-arc-en-ciel","category-justice","category-societe"],"jetpack_publicize_connections":[],"featured_image_urls":{"full":"","thumbnail":"","medium":"","medium_large":"","large":"","1536x1536":"","2048x2048":"","penci-recipe-1200x1200":"","penci-recipe-1200x900":"","penci-recipe-1200x675":"","penci-single-full":"","penci-slider-full-thumb":"","penci-full-thumb":"","penci-slider-thumb":"","penci-magazine-slider":"","penci-thumb":"","penci-masonry-thumb":"","penci-thumb-square":"","penci-thumb-vertical":"","penci-thumb-small":""},"author_info":{"display_name":"Nandi","author_link":"https:\/\/nandi.info\/?author=1"},"category_info":"<a href=\"https:\/\/nandi.info\/?cat=61\" rel=\"category\">Arc en Ciel<\/a> <a href=\"https:\/\/nandi.info\/?cat=56\" rel=\"category\">Justice<\/a> <a href=\"https:\/\/nandi.info\/?cat=21\" rel=\"category\">Soci\u00e9t\u00e9<\/a>","tag_info":"Soci\u00e9t\u00e9","comment_count":"0","jetpack_featured_media_url":"","jetpack_sharing_enabled":true,"_links":{"self":[{"href":"https:\/\/nandi.info\/index.php?rest_route=\/wp\/v2\/posts\/6409","targetHints":{"allow":["GET"]}}],"collection":[{"href":"https:\/\/nandi.info\/index.php?rest_route=\/wp\/v2\/posts"}],"about":[{"href":"https:\/\/nandi.info\/index.php?rest_route=\/wp\/v2\/types\/post"}],"author":[{"embeddable":true,"href":"https:\/\/nandi.info\/index.php?rest_route=\/wp\/v2\/users\/1"}],"replies":[{"embeddable":true,"href":"https:\/\/nandi.info\/index.php?rest_route=%2Fwp%2Fv2%2Fcomments&post=6409"}],"version-history":[{"count":0,"href":"https:\/\/nandi.info\/index.php?rest_route=\/wp\/v2\/posts\/6409\/revisions"}],"wp:featuredmedia":[{"embeddable":true,"href":"https:\/\/nandi.info\/index.php?rest_route=\/"}],"wp:attachment":[{"href":"https:\/\/nandi.info\/index.php?rest_route=%2Fwp%2Fv2%2Fmedia&parent=6409"}],"wp:term":[{"taxonomy":"category","embeddable":true,"href":"https:\/\/nandi.info\/index.php?rest_route=%2Fwp%2Fv2%2Fcategories&post=6409"},{"taxonomy":"post_tag","embeddable":true,"href":"https:\/\/nandi.info\/index.php?rest_route=%2Fwp%2Fv2%2Ftags&post=6409"}],"curies":[{"name":"wp","href":"https:\/\/api.w.org\/{rel}","templated":true}]}}