{"id":6339,"date":"2022-06-09T15:10:39","date_gmt":"2022-06-09T13:10:39","guid":{"rendered":"https:\/\/nandi.info\/?p=6339"},"modified":"2022-06-09T15:10:39","modified_gmt":"2022-06-09T13:10:39","slug":"nouveau-chronogramme-la-transition-politique-prolongee-de-24-mois-a-partir-du-26-mars-2022","status":"publish","type":"post","link":"https:\/\/nandi.info\/?p=6339","title":{"rendered":"Nouveau chronogramme : La transition politique prolong\u00e9e de 24 mois \u00e0 partir du 26 mars 2022"},"content":{"rendered":"\n<p><strong>La nouvelle dur\u00e9e de la transition politique en cours depuis le 15 septembre 2020 est d\u00e9sormais connue. Elle a \u00e9t\u00e9 fix\u00e9e \u00e0 24 mois \u00e0 partir du 26 mars 2022 par un d\u00e9cret du pr\u00e9sident de la Transition, colonel Assimi Go\u00efta. Une d\u00e9cision rendue public lundi dernier, 6 juin 2022. Elle (d\u00e9cision) a \u00e9t\u00e9 prise, selon le d\u00e9cret, conform\u00e9ment \u00e0 l\u2019article 22 de la loi N\u00b02022-001 du 25 f\u00e9vrier 2022 portant r\u00e9vision de la Charte de la transition.<\/strong><\/p>\n\n\n\n<p class=\"has-drop-cap\">Et selon le porte-parole du gouvernement, il ne s\u2019agit pas d\u2019une d\u00e9cision unilat\u00e9rale puisqu\u2019elle a \u00e9t\u00e9 notifi\u00e9e \u00e0 toutes les parties concern\u00e9es par la prolongation du processus de transition dans notre pays. \u00ab<em>Le m\u00e9diateur de la C\u00e9d\u00e9ao a \u00e9t\u00e9 inform\u00e9 de cette d\u00e9cision bien avant le comit\u00e9 local de suivi et tous les chefs d\u2019Etat<\/em>\u00bb de l\u2019Afrique de l\u2019ouest, a assur\u00e9 \u00e0 la presse le Colonel Abdoulaye Ma\u00efga. Ce d\u00e9cret vient ainsi clore \u00e0 l\u2019interne le&nbsp;houleux d\u00e9bat sur la dur\u00e9e de la transition. En attendant bien s\u00fbr la r\u00e9action de l\u2019organisation sous-r\u00e9gionale longtemps accroch\u00e9e \u00e0 un chronogramme de 16 \u00e0 18 mois.<\/p>\n\n\n\n<p>\u00ab<em>Ce d\u00e9cret n\u2019ouvre pas une nouvelle transition, il s\u2019agit d\u2019une prorogation<\/em>\u00bb, a comment\u00e9 le ministre porte-parole du gouvernement apr\u00e8s l\u2019avoir lu \u00e0 la t\u00e9l\u00e9vision nationale (ORTM) dans la soir\u00e9e du lundi 6 juin 2022. A son avis, cet acte prouve la volont\u00e9 des autorit\u00e9s de transition de ne pas&nbsp;\u00ab<em>s\u2019\u00e9terniser au pouvoir<\/em>\u00bb. Il intervient deux jours apr\u00e8s le sommet des chefs d\u2019Etat de la C\u00e9d\u00e9ao tenu samedi dernier (4 juin) \u00e0 Accra (Ghana). Les dirigeants ouest-africains ne sont pas parvenus \u00e0 accorder leurs violons sur la lev\u00e9e des sanctions prises \u00e0 l\u2019encontre du Mali le 9 janvier dernier.<\/p>\n\n\n\n<p>Ils ont donc d\u00e9cid\u00e9 de r\u00e9examiner la situation du Mali le 3 juillet prochain tout en recommandant la poursuite du dialogue en vue de parvenir \u00e0 un accord pour assurer \u00ab<em>une lev\u00e9e progressive des sanctions<\/em>\u00bb au fur et \u00e0 mesure que \u00ab<em>les crit\u00e8res de la transition sont atteints<\/em>\u00bb. Pour la lev\u00e9e des sanctions contre le Mali le 3 juillet prochain, a confi\u00e9 \u00e0 la presse le ministre des Affaires \u00e9trang\u00e8res et de la Coop\u00e9ration internationale (Abdoulaye Diop) \u00e0 son retour d\u2019Accra, l\u2019organisation sous-r\u00e9gionale exige un chronogramme d\u00e9taill\u00e9 sur la dur\u00e9e de la transition et la mise en place d\u2019un m\u00e9canisme de suivi dudit chronogramme.<\/p>\n\n\n\n<p><strong>Hamady Tamba<\/strong><\/p>\n\n\n\n<p><\/p>\n\n\n\n<p><\/p>\n\n\n\n<h2 class=\"wp-block-heading\"><strong>SANCTIONS CONTRE LE MALI&nbsp;\u00a0\u00bb <\/strong>La <strong>C\u00e9d\u00e9ao exige un chronogramme avant le sommet du 3 juillet<\/strong>\u00a0\u00bb<\/h2>\n\n\n\n<p><strong>&nbsp;Le gouvernement est appel\u00e9 \u00e0 mettre les bouch\u00e9es doubles pour obtenir la lev\u00e9e des sanctions \u00e9conomiques de la C\u00e9d\u00e9ao au soir du sommet prochain. Tout semble au point m\u00eame si des divergences de taille persistent entre les deux parties.<\/strong><\/p>\n\n\n\n<p>Alors que les Maliens \u00e9taient enthousiastes \u00e0 l\u2019id\u00e9e de croire \u00e0 une \u00e9ventuelle lev\u00e9e des sanctions lors du sommet du 4 juin dernier \u00e0 Accra, la montagne semble accouch\u00e9e d\u2019une souris. Et pour cause, les sanctions \u00e9conomiques qualifi\u00e9es d\u2019injustes&nbsp; par les autorit\u00e9s de la transition ne sont pas lev\u00e9es. Les chefs d\u2019Etat de la communaut\u00e9 \u00e9conomique des Etats de l\u2019Afrique de l\u2019ouest (CEDEAO) ont plut\u00f4t bott\u00e9 en touche la question mais tout en prenant soin de reporter leur d\u00e9cision finale sur le Mali, la Guin\u00e9e et le Burkina Faso pour le 3 juillet prochain, date du prochain sommet des chefs d\u2019Etat.<\/p>\n\n\n\n<p>En revanche, selon le ministre des Affaires \u00e9trang\u00e8res du Mali, Abdoulaye Diop, un accord semble \u00eatre trouv\u00e9 entre la C\u00e9d\u00e9ao et le Mali m\u00eame si les sanctions n\u2019ont pas \u00e9t\u00e9 lev\u00e9es. L\u2019institution communautaire exige du Mali une proposition de chronogramme d\u00e9taill\u00e9 et la mise en place d\u2019un comit\u00e9 de suivi du chronogramme sous l\u2019\u00e9gide de la C\u00e9d\u00e9ao, de l\u2019ONU et de l\u2019UA. Toute chose qui ne semble pas tr\u00e8s clair dans les intentions de cette institution que d\u2019aucuns accusent d\u2019\u00eatre \u00e0 la solde de la France.<\/p>\n\n\n\n<p>Le ministre Diop affiche tout de m\u00eame un air serein quant aux prochaines joutes avec la C\u00e9d\u00e9ao qui doit d\u00e9p\u00eacher son m\u00e9diateur, Goodluck Jonathan dans les jours \u00e0 venir \u00e0 Bamako afin d\u2019arrondir les angles, dit-on dans les milieux inform\u00e9s. Mais l\u00e0 o\u00f9 \u00e7a doit coincer entre les deux parties, c\u2019est justement la lev\u00e9e progressive des sanctions suivant la mise en \u0153uvre du futur chronogramme. En effet, le gouvernement du Mali veut une lev\u00e9e imm\u00e9diate des sanctions alors que la C\u00e9d\u00e9ao ne l\u2019entend pas de cette oreille. Alors question&nbsp;: pourquoi ces chefs d\u2019Etat ne font-ils pas confiance aux autorit\u00e9s maliennes malgr\u00e9 les preuves de leur bonne foi \u00e0 sortir de la crise&nbsp;?<\/p>\n\n\n\n<p>En tous les cas, les d\u00e9s sont d\u00e9j\u00e0 jet\u00e9s avec la nouvelle dur\u00e9e de la transition politique fix\u00e9e \u00e0 24 mois \u00e0 partir du 26 mars dernier par un d\u00e9cret du pr\u00e9sident de transition malien, colonel Assimi Go\u00efta, rendu public lundi dernier.<\/p>\n\n\n\n<p><strong>Hachi Ciss\u00e9<\/strong><\/p>\n\n\n\n<p><strong>Le Matin<\/strong><\/p>\n","protected":false},"excerpt":{"rendered":"<p>La nouvelle dur\u00e9e de la transition politique en cours depuis le 15 septembre 2020 est d\u00e9sormais connue. Elle a \u00e9t\u00e9 fix\u00e9e \u00e0 24 mois \u00e0 partir du 26 mars 2022&hellip;<\/p>\n","protected":false},"author":1,"featured_media":6340,"comment_status":"open","ping_status":"closed","sticky":false,"template":"","format":"standard","meta":{"content-type":"","_lmt_disableupdate":"","_lmt_disable":"","_jetpack_memberships_contains_paid_content":false,"footnotes":"","jetpack_publicize_message":"","jetpack_publicize_feature_enabled":true,"jetpack_social_post_already_shared":true,"jetpack_social_options":{"image_generator_settings":{"template":"highway","default_image_id":0,"font":"","enabled":false},"version":2}},"categories":[46,53],"tags":[],"class_list":["post-6339","post","type-post","status-publish","format-standard","has-post-thumbnail","hentry","category-cedeao","category-le-matin"],"jetpack_publicize_connections":[],"featured_image_urls":{"full":"","thumbnail":"","medium":"","medium_large":"","large":"","1536x1536":"","2048x2048":"","penci-recipe-1200x1200":"","penci-recipe-1200x900":"","penci-recipe-1200x675":"","penci-single-full":"","penci-slider-full-thumb":"","penci-full-thumb":"","penci-slider-thumb":"","penci-magazine-slider":"","penci-thumb":"","penci-masonry-thumb":"","penci-thumb-square":"","penci-thumb-vertical":"","penci-thumb-small":""},"author_info":{"display_name":"Nandi","author_link":"https:\/\/nandi.info\/?author=1"},"category_info":"<a href=\"https:\/\/nandi.info\/?cat=46\" rel=\"category\">CEDEAO<\/a> <a href=\"https:\/\/nandi.info\/?cat=53\" rel=\"category\">Le Matin<\/a>","tag_info":"Le Matin","comment_count":"0","jetpack_featured_media_url":"","jetpack_sharing_enabled":true,"_links":{"self":[{"href":"https:\/\/nandi.info\/index.php?rest_route=\/wp\/v2\/posts\/6339","targetHints":{"allow":["GET"]}}],"collection":[{"href":"https:\/\/nandi.info\/index.php?rest_route=\/wp\/v2\/posts"}],"about":[{"href":"https:\/\/nandi.info\/index.php?rest_route=\/wp\/v2\/types\/post"}],"author":[{"embeddable":true,"href":"https:\/\/nandi.info\/index.php?rest_route=\/wp\/v2\/users\/1"}],"replies":[{"embeddable":true,"href":"https:\/\/nandi.info\/index.php?rest_route=%2Fwp%2Fv2%2Fcomments&post=6339"}],"version-history":[{"count":0,"href":"https:\/\/nandi.info\/index.php?rest_route=\/wp\/v2\/posts\/6339\/revisions"}],"wp:featuredmedia":[{"embeddable":true,"href":"https:\/\/nandi.info\/index.php?rest_route=\/"}],"wp:attachment":[{"href":"https:\/\/nandi.info\/index.php?rest_route=%2Fwp%2Fv2%2Fmedia&parent=6339"}],"wp:term":[{"taxonomy":"category","embeddable":true,"href":"https:\/\/nandi.info\/index.php?rest_route=%2Fwp%2Fv2%2Fcategories&post=6339"},{"taxonomy":"post_tag","embeddable":true,"href":"https:\/\/nandi.info\/index.php?rest_route=%2Fwp%2Fv2%2Ftags&post=6339"}],"curies":[{"name":"wp","href":"https:\/\/api.w.org\/{rel}","templated":true}]}}