{"id":6295,"date":"2022-06-08T16:07:12","date_gmt":"2022-06-08T14:07:12","guid":{"rendered":"https:\/\/nandi.info\/?p=6295"},"modified":"2022-06-08T16:07:12","modified_gmt":"2022-06-08T14:07:12","slug":"desaccord-entre-le-mali-et-la-cedeao-le-president-de-la-cndh-aguibou-bouare-invite-les-gouvernants-a-preter-une-oreille-attentive-aux-avis-afin-dalleger-la-souffrance-des-populatio","status":"publish","type":"post","link":"https:\/\/nandi.info\/?p=6295","title":{"rendered":"D\u00e9saccord entre le Mali et la CEDEAO : Le Pr\u00e9sident de la CNDH, Aguibou Bouar\u00e9, invite les \u00ab gouvernants \u00e0 pr\u00eater une oreille attentive aux avis afin d\u2019all\u00e9ger la souffrance des populations\u00bb"},"content":{"rendered":"\n<p><strong>Suite \u00e0 l\u2019\u00e9chec des discussions lors du sommet des Chefs d\u2019Etat et de Gouvernement de la Communaut\u00e9 \u00e9conomique des Etats de l\u2019Afrique de l\u2019Ouest (CEDEAO), le 04 juin 2022 \u00e0 Accra, au Ghana, le Pr\u00e9sident de la Commission nationale des droits de l\u2019Homme, Aguibou Bouar\u00e9, a invit\u00e9 les autorit\u00e9s maliennes \u00e0 \u00ab pr\u00eater une oreille attentive aux avis plut\u00f4t \u00e9clair\u00e9s et raisonnables, afin d\u2019all\u00e9ger la souffrance des populations dont les droits \u00e9conomiques, sociaux et culturels sont entam\u00e9s \u00bb. Ledit sommet \u00e9tait consacr\u00e9 \u00e0 l\u2019examen de l\u2019\u00e9volution de la situation politique au Mali, au Burkina Faso et en Guin\u00e9e Conakry. Tr\u00e8s attendu, le sommet de la CEDEAO n\u2019a pas permis aux parties de trouver un compromis pour la lev\u00e9e des sanctions impos\u00e9es au Mali depuis le 9 janvier dernier.<\/strong><\/p>\n\n\n\n<p class=\"has-drop-cap\">Selon le Pr\u00e9sident de la Commission nationale des droits de l\u2019Homme, Aguibou Bouar\u00e9, le motif apparent du d\u00e9saccord est une question superficielle de d\u00e9lai (diff\u00e9rence de nombre de mois). Avant de pr\u00e9ciser que le motif s\u00e9rieux et r\u00e9el est probablement une question de confiance \u00e0 la sinc\u00e9rit\u00e9 et \u00e0 la bonne foi au regard de l\u2019issue des accords pr\u00e9c\u00e9dents. \u00ab Chat \u00e9chaud\u00e9 craint l\u2019eau froide. Dieu continue d\u2019inspirer les gouvernants \u00e0 pr\u00eater une oreille attentive aux avis plut\u00f4t \u00e9clair\u00e9s et raisonnables, afin d\u2019all\u00e9ger la souffrance des populations dont les droits \u00e9conomiques, sociaux et culturels sont entam\u00e9s \u00bb, a d\u00e9clar\u00e9 Aguibou Bouar\u00e9.<\/p>\n\n\n\n<p>Il faut rappeler que la Conf\u00e9rence des Chefs d\u2019Etat et de Gouvernement de la Communaut\u00e9 Economique des Etats de l\u2019Afrique de l\u2019Ouest (CEDEAO) s\u2019est r\u00e9unie en Session extraordinaire, le 4 juin 2022 \u00e0 Accra, en R\u00e9publique du Ghana, sous la pr\u00e9sidence de Nana Addo Dankwa AKUFO-ADDO, Pr\u00e9sident de la R\u00e9publique du Ghana et Pr\u00e9sident en exercice de la Conf\u00e9rence. Cette session extraordinaire a \u00e9t\u00e9 convoqu\u00e9e dans le but d\u2019examiner les r\u00e9centes \u00e9volutions politiques intervenues au Mali, en Guin\u00e9e et au Burkina Faso, depuis le dernier Sommet extraordinaire tenu le 25 mars 2022 \u00e0 Accra. S\u2019agissant du Mali, la Conf\u00e9rence salue les efforts d\u00e9ploy\u00e9s par le M\u00e9diateur de la CEDEAO en vue de l\u2019obtention d\u2019un chronogramme acceptable et propre \u00e0 assurer un retour rapide \u00e0 l\u2019ordre constitutionnel, conform\u00e9ment aux protocoles et aux d\u00e9cisions de la CEDEAO et de l\u2019Union Africaine. \u00ab La Conf\u00e9rence d\u00e9cide d\u2019inviter le M\u00e9diateur au Mali \u00e0 poursuivre ses efforts en vue de finaliser les discussions avec les Autorit\u00e9s de Transition. En outre, la Conf\u00e9rence d\u00e9cide de maintenir les sanctions impos\u00e9es le 9 janvier 2022 ; de poursuivre le dialogue dans le but de parvenir \u00e0 un accord devant permettre la lev\u00e9e progressive des sanctions, \u00e0 mesure que les \u00e9tapes du chronogramme de transition sont r\u00e9alis\u00e9es ; d\u2019appeler ses partenaires \u00e0 accro\u00eetre l\u2019assistance humanitaire en faveur du Mali. La Conf\u00e9rence d\u00e9cide d\u2019examiner la situation du Mali lors de son prochain sommet ordinaire du 3 juillet 2022 \u00bb, r\u00e9v\u00e8le le communiqu\u00e9 final du sommet de la CEDEAO.<\/p>\n\n\n\n<p>Et pourtant, ce sommet l\u00e0 \u00e9tait tr\u00e8s attendu par les Maliens. Mais ledit sommet n\u2019a pas permis aux parties (MALI-CEDEAO) d\u2019accorder leurs violons. De 5 ans, le Mali est revenu \u00e0 24 mois pour la tenue des \u00e9lections, tandis que la CEDEAO reste camp\u00e9e sur 16 mois.<\/p>\n\n\n\n<p>A signaler que depuis le 9 janvier 2022, le Mali est frapp\u00e9 par les sanctions de l\u2019UEMOA (Union \u00e9conomique et mon\u00e9taire ouest africaine) et de la CEDEAO. Ces sanctions \u00e9conomiques et financi\u00e8res sont entre autres : fermeture des fronti\u00e8res entre les pays de la CEDEAO et le Mali ; suspension de toutes les transactions commerciales entre les pays de la CEDEAO et le Mali ; gel des avoirs de la R\u00e9publique du Mali dans les Banques Centrales et Commerciales de la CEDEAO etc.<\/p>\n\n\n\n<p><strong>Aguibou Sogodogo<\/strong><\/p>\n","protected":false},"excerpt":{"rendered":"<p>Suite \u00e0 l\u2019\u00e9chec des discussions lors du sommet des Chefs d\u2019Etat et de Gouvernement de la Communaut\u00e9 \u00e9conomique des Etats de l\u2019Afrique de l\u2019Ouest (CEDEAO), le 04 juin 2022 \u00e0&hellip;<\/p>\n","protected":false},"author":1,"featured_media":6297,"comment_status":"open","ping_status":"closed","sticky":false,"template":"","format":"standard","meta":{"content-type":"","_lmt_disableupdate":"","_lmt_disable":"","_jetpack_memberships_contains_paid_content":false,"footnotes":"","jetpack_publicize_message":"","jetpack_publicize_feature_enabled":true,"jetpack_social_post_already_shared":true,"jetpack_social_options":{"image_generator_settings":{"template":"highway","default_image_id":0,"font":"","enabled":false},"version":2}},"categories":[69,23],"tags":[],"class_list":["post-6295","post","type-post","status-publish","format-standard","has-post-thumbnail","hentry","category-le-republicain-mali","category-politique"],"jetpack_publicize_connections":[],"featured_image_urls":{"full":"","thumbnail":"","medium":"","medium_large":"","large":"","1536x1536":"","2048x2048":"","penci-recipe-1200x1200":"","penci-recipe-1200x900":"","penci-recipe-1200x675":"","penci-single-full":"","penci-slider-full-thumb":"","penci-full-thumb":"","penci-slider-thumb":"","penci-magazine-slider":"","penci-thumb":"","penci-masonry-thumb":"","penci-thumb-square":"","penci-thumb-vertical":"","penci-thumb-small":""},"author_info":{"display_name":"Nandi","author_link":"https:\/\/nandi.info\/?author=1"},"category_info":"<a href=\"https:\/\/nandi.info\/?cat=69\" rel=\"category\">Le R\u00e9publicain Mali<\/a> <a href=\"https:\/\/nandi.info\/?cat=23\" rel=\"category\">Politique<\/a>","tag_info":"Politique","comment_count":"0","jetpack_featured_media_url":"","jetpack_sharing_enabled":true,"_links":{"self":[{"href":"https:\/\/nandi.info\/index.php?rest_route=\/wp\/v2\/posts\/6295","targetHints":{"allow":["GET"]}}],"collection":[{"href":"https:\/\/nandi.info\/index.php?rest_route=\/wp\/v2\/posts"}],"about":[{"href":"https:\/\/nandi.info\/index.php?rest_route=\/wp\/v2\/types\/post"}],"author":[{"embeddable":true,"href":"https:\/\/nandi.info\/index.php?rest_route=\/wp\/v2\/users\/1"}],"replies":[{"embeddable":true,"href":"https:\/\/nandi.info\/index.php?rest_route=%2Fwp%2Fv2%2Fcomments&post=6295"}],"version-history":[{"count":0,"href":"https:\/\/nandi.info\/index.php?rest_route=\/wp\/v2\/posts\/6295\/revisions"}],"wp:featuredmedia":[{"embeddable":true,"href":"https:\/\/nandi.info\/index.php?rest_route=\/"}],"wp:attachment":[{"href":"https:\/\/nandi.info\/index.php?rest_route=%2Fwp%2Fv2%2Fmedia&parent=6295"}],"wp:term":[{"taxonomy":"category","embeddable":true,"href":"https:\/\/nandi.info\/index.php?rest_route=%2Fwp%2Fv2%2Fcategories&post=6295"},{"taxonomy":"post_tag","embeddable":true,"href":"https:\/\/nandi.info\/index.php?rest_route=%2Fwp%2Fv2%2Ftags&post=6295"}],"curies":[{"name":"wp","href":"https:\/\/api.w.org\/{rel}","templated":true}]}}