{"id":6288,"date":"2022-06-07T16:27:36","date_gmt":"2022-06-07T14:27:36","guid":{"rendered":"https:\/\/nandi.info\/?p=6288"},"modified":"2022-06-07T16:27:36","modified_gmt":"2022-06-07T14:27:36","slug":"madani-tall-contre-la-falsification-de-lhistoire-par-le-ministre-des-mines-sil-souhaite-que-le-mali-kura-se-fasse-dans-la-verite-il-na-pas-besoin-dexagere","status":"publish","type":"post","link":"https:\/\/nandi.info\/?p=6288","title":{"rendered":"Madani Tall contre la falsification de l\u2019histoire par le ministre des mines : \u00ab S\u2019il souhaite que le Mali Kura se fasse dans la v\u00e9rit\u00e9, il n\u2019a pas besoin d\u2019exag\u00e9rer pour expliquer pourquoi il est en difficult\u00e9 \u00bb"},"content":{"rendered":"\n<p class=\"has-drop-cap\">Bien qu\u2019en d\u00e9saccord avec la dur\u00e9e de la transition, nombre d\u2019entre nous observons les actions du gouvernement avec bienveillance, pour la simple raison que certaines d\u2019entre elles rejoignent notre propre lutte. A savoir, la souverainet\u00e9 du Mali, le refus de base \u00e9trang\u00e8re sur notre sol -combat de tous les pr\u00e9sidents maliens de Modibo Keita \u00e0 ATT, le refus des APE autorisant les produits europ\u00e9en en Afrique sans droits de douane et les accords de La Valette sign\u00e9s en 2015, qui obligent \u00e0 rapatrier nos fr\u00e8res immigr\u00e9s.<\/p>\n\n\n\n<p>Pourtant, cette bienveillance ne signifie gu\u00e8re que nous acceptions sans r\u00e9agir des propos qui d\u00e9nigrent nos propres actions. Le Pr\u00e9sident ATT n\u2019est plus, mais nous qui l\u2019avons accompagn\u00e9, nous devons de rectifier les dires du jeune ministre de l\u2019\u00e9nergie dont les propos ont sans doute d\u00e9pass\u00e9s la pens\u00e9e lorsqu\u2019il affirme avoir trouv\u00e9 \u00ab un secteur confront\u00e9 \u00e0 une absence d\u2019investissement pendant pr\u00e8s de 20 ans \u00bb.<\/p>\n\n\n\n<p>Or s\u2019il souhaite que le \u00ab Mali Kura \u00bb se fasse dans la v\u00e9rit\u00e9, il n\u2019a pas besoin d\u2019exag\u00e9rer pour expliquer pourquoi il est en difficult\u00e9. Il ne peut ignorer que pr\u00e8s de la moiti\u00e9 de l\u2019\u00e9lectricit\u00e9 consomm\u00e9 au Mali est le fruit d\u2019investissements en seulement 6 ans sous ATT lorsque le Mali a r\u00e9cup\u00e9r\u00e9 EDM.<\/p>\n\n\n\n<p>Il s\u2019agit de la reprise totale des centrales de Darsalam (36 MW) et Balingu\u00e9 (24 MW), de l\u2019Interconnexion Mali- Cote-d\u2019ivoire (50 MW), de K\u00e9ni\u00e9 (27 MW), du financement de Gouina et de l\u2019Interconnexion via Bougouni. Sans compter le travail de l\u2019AMADER. L\u2019autre moiti\u00e9 S\u00e9lingu\u00e9 (47 MW), Sotuba (5MW) et Manantali (104 MW) a \u00e9t\u00e9 r\u00e9alis\u00e9 par les Pr\u00e9sidents Modibo Keita, Moussa Traor\u00e9 et Alpha Oumar Konar\u00e9.<\/p>\n\n\n\n<p>Sur les les 760 km de ligne \u00e0 haute tension 225V, , colonne vert\u00e9brale de l\u2019\u00e9lectricit\u00e9 au Mali, 384 sont l\u2019oeuvre de Moussa Traor\u00e9 et 376km celle d\u2019ATT. Sans compter les 398km Sikasso-Bougouni-Bamako, d\u00e9j\u00e0 financ\u00e9s depuis 2012, mais que les diff\u00e9rents r\u00e9gimes successifs, peinent \u00e0 r\u00e9aliser.<\/p>\n\n\n\n<p>Entre 2002 et 2011 nous sommes pass\u00e9s de 10% \u00e0 55% de couverture urbaine et de 1% \u00e0 17% de couverture rurale. Qui plus est, \u00e0 cette \u00e9poque 15 minutes de coupure dans un quartier suffisaient pour que le pr\u00e9sident interpelle le ministre ou m\u2019envoie le faire. Sans oublier que la dette d\u2019EDM qui ne d\u00e9passait 25 milliards avant le coup d\u2019Etat de 2012 est atteint 300 milliards en 2022 avec un nouveau DG d\u2019EDM par an.<\/p>\n\n\n\n<p>J\u2019ai le privil\u00e8ge d\u2019\u00eatre l\u2019ing\u00e9nieur financier de chacun de ces investissements, aux cot\u00e9s de ministres valeureux. Je sais donc que ce n\u2019est pas facile, mais il importe de s\u2019atteler \u00e0 la tache plut\u00f4t que de ternir la r\u00e9putation de ceux qui ont accompli leur part du travail. Dieu veille.<\/p>\n\n\n\n<p><strong>Madani Tall<\/strong><\/p>\n","protected":false},"excerpt":{"rendered":"<p>Bien qu\u2019en d\u00e9saccord avec la dur\u00e9e de la transition, nombre d\u2019entre nous observons les actions du gouvernement avec bienveillance, pour la simple raison que certaines d\u2019entre elles rejoignent notre propre&hellip;<\/p>\n","protected":false},"author":1,"featured_media":6289,"comment_status":"open","ping_status":"closed","sticky":false,"template":"","format":"standard","meta":{"content-type":"","_lmt_disableupdate":"","_lmt_disable":"","_jetpack_memberships_contains_paid_content":false,"footnotes":"","jetpack_publicize_message":"","jetpack_publicize_feature_enabled":true,"jetpack_social_post_already_shared":true,"jetpack_social_options":{"image_generator_settings":{"template":"highway","default_image_id":0,"font":"","enabled":false},"version":2}},"categories":[77,21],"tags":[],"class_list":["post-6288","post","type-post","status-publish","format-standard","has-post-thumbnail","hentry","category-la-preuve","category-societe"],"jetpack_publicize_connections":[],"featured_image_urls":{"full":"","thumbnail":"","medium":"","medium_large":"","large":"","1536x1536":"","2048x2048":"","penci-recipe-1200x1200":"","penci-recipe-1200x900":"","penci-recipe-1200x675":"","penci-single-full":"","penci-slider-full-thumb":"","penci-full-thumb":"","penci-slider-thumb":"","penci-magazine-slider":"","penci-thumb":"","penci-masonry-thumb":"","penci-thumb-square":"","penci-thumb-vertical":"","penci-thumb-small":""},"author_info":{"display_name":"Nandi","author_link":"https:\/\/nandi.info\/?author=1"},"category_info":"<a href=\"https:\/\/nandi.info\/?cat=77\" rel=\"category\">La preuve<\/a> <a href=\"https:\/\/nandi.info\/?cat=21\" rel=\"category\">Soci\u00e9t\u00e9<\/a>","tag_info":"Soci\u00e9t\u00e9","comment_count":"0","jetpack_featured_media_url":"","jetpack_sharing_enabled":true,"_links":{"self":[{"href":"https:\/\/nandi.info\/index.php?rest_route=\/wp\/v2\/posts\/6288","targetHints":{"allow":["GET"]}}],"collection":[{"href":"https:\/\/nandi.info\/index.php?rest_route=\/wp\/v2\/posts"}],"about":[{"href":"https:\/\/nandi.info\/index.php?rest_route=\/wp\/v2\/types\/post"}],"author":[{"embeddable":true,"href":"https:\/\/nandi.info\/index.php?rest_route=\/wp\/v2\/users\/1"}],"replies":[{"embeddable":true,"href":"https:\/\/nandi.info\/index.php?rest_route=%2Fwp%2Fv2%2Fcomments&post=6288"}],"version-history":[{"count":0,"href":"https:\/\/nandi.info\/index.php?rest_route=\/wp\/v2\/posts\/6288\/revisions"}],"wp:featuredmedia":[{"embeddable":true,"href":"https:\/\/nandi.info\/index.php?rest_route=\/"}],"wp:attachment":[{"href":"https:\/\/nandi.info\/index.php?rest_route=%2Fwp%2Fv2%2Fmedia&parent=6288"}],"wp:term":[{"taxonomy":"category","embeddable":true,"href":"https:\/\/nandi.info\/index.php?rest_route=%2Fwp%2Fv2%2Fcategories&post=6288"},{"taxonomy":"post_tag","embeddable":true,"href":"https:\/\/nandi.info\/index.php?rest_route=%2Fwp%2Fv2%2Ftags&post=6288"}],"curies":[{"name":"wp","href":"https:\/\/api.w.org\/{rel}","templated":true}]}}