{"id":6279,"date":"2022-06-07T14:01:25","date_gmt":"2022-06-07T12:01:25","guid":{"rendered":"https:\/\/nandi.info\/?p=6279"},"modified":"2022-06-07T14:01:25","modified_gmt":"2022-06-07T12:01:25","slug":"an-ii-du-m5-rfp-le-double-appel-de-choguel-kokalla-maiga","status":"publish","type":"post","link":"https:\/\/nandi.info\/?p=6279","title":{"rendered":"AN II du M5-RFP : Le double appel de Choguel Kokalla Ma\u00efga"},"content":{"rendered":"\n<p><strong>A l\u2019occasion de la c\u00e9l\u00e9bration du 2\u00e8me anniversaire du Mouvement du 5 juin, Rassemblement des forces patriotiques (M5-RFP), le Premier ministre Dr Choguel Kokalla Ma\u00efga a non seulement plaid\u00e9 pour l\u2019union des Maliens, mais surtout tendu la main aux dissidents du M5. C\u2019\u00e9tait le dimanche dernier au Cicb.<\/strong><\/p>\n\n\n\n<p class=\"has-drop-cap\">5 juin 2020-5 juin 2022. Le Mouvement du 5 juin, Rassemblement des forces patriotiques (M5-RFP) a deux ans. Bien que fragilis\u00e9 \u00e0 cause des divergences \u00e0 l\u2019interne, le mouvement h\u00e9t\u00e9roclite \u00e0 la base du d\u00e9part du Pr\u00e9sident IBK a tenu \u00e0 c\u00e9l\u00e9brer ses 2 ans. L\u2019occasion a \u00e9t\u00e9 bonne pour le pr\u00e9sident de son Comit\u00e9 strat\u00e9gique, l\u2019actuel Premier ministre, de faire le bilan de la rectification de la transition et de plaider pour l\u2019union des Maliens autour des autorit\u00e9s de la transition, afin de sauver l\u2019essentiel, le Mali.<br><br>Selon le Premier ministre, bien que tout n\u2019ait pas \u00e9t\u00e9 rose pendant la rectification de la transition, les r\u00e9sultats obtenus sont bons. \u00ab Personne, de bonne foi, ne peut nier aujourd\u2019hui que du point de vue de la s\u00e9curit\u00e9, la situation s\u2019est nettement am\u00e9lior\u00e9e. Personne, de bonne foi, ne peut dire que la lutte contre la corruption et l\u2019impunit\u00e9 a \u00e9t\u00e9 laiss\u00e9e \u00e0 c\u00f4t\u00e9. Personne, de bonne foi, ne peut nier la volont\u00e9 de r\u00e9formes \u00bb, a-t-il laiss\u00e9 entendre. Une preuve de la volont\u00e9 des r\u00e9formes, selon lui, c\u2019est la tenue des Assises nationales de la refondation. Le chef du gouvernement a pr\u00e9cis\u00e9 aussi que lors du Conseil des ministres du mercredi dernier, le gouvernement a adopt\u00e9 le plan strat\u00e9gique de la refondation sur 10 ans, son plan d\u2019actions sur 5 ans et son plan op\u00e9rationnel \u00e0 court terme sur 24 mois.<br><br>Les autorit\u00e9s actuelles ont redonn\u00e9 au Mali toute sa dignit\u00e9 et son honneur. Cela fait partie du bilan du gouvernement en place, en tout cas, selon le Premier ministre. \u00ab Tout n\u2019est pas rose, mais quand vous prenez le contexte international dans lequel la rectification a travaill\u00e9 depuis un an, il y a des actes fondateurs, strat\u00e9giques de la restauration de la dignit\u00e9 du Mali, de l\u2019ind\u00e9pendance de d\u00e9cision de notre \u00c9tat, de sa souverainet\u00e9. Personne ne peut nier que les Maliens ont trouv\u00e9 le sentiment de fiert\u00e9 \u00bb, a d\u00e9clar\u00e9 Dr Choguel Kokalla Ma\u00efga qui estime que \u00ab les militants et les militantes du M5-RFP doivent \u00eatre fiers des r\u00e9sultats obtenus \u00bb.<br><br><strong>Se retrouver pour sauver l\u2019essentiel<\/strong><br><br>Malgr\u00e9 qu\u2019il soit accus\u00e9 d\u2019\u00eatre \u00ab clivant \u00bb par certains de ses adversaires, l\u2019ing\u00e9nieur t\u00e9l\u00e9coms se bat corps et \u00e2me pour obtenir l\u2019inclusion dans la gouvernance de la transition. \u00ab Aujourd\u2019hui plus qu\u2019hier, nous devons \u00eatre en position d\u2019appeler \u00e0 l\u2019union sacr\u00e9e. C\u2019est la conviction du M5 d\u00e8s le d\u00e9part. C\u2019est aussi les orientations donn\u00e9es par le pr\u00e9sident de la Transition \u00bb, pr\u00e9cise le pr\u00e9sident du Comit\u00e9 strat\u00e9gique du M5, qui ajoute que son gouvernement, jusqu\u2019\u00e0 la date d\u2019aujourd\u2019hui, est \u00e0 la qu\u00eate de l\u2019inclusion.<br><br>Aux forces politico-sociales, le Premier ministre lance un appel pressant : \u00ab Je voudrais donc, \u00e0 l\u2019occasion de ce 2\u00e8me anniversaire du M5-RFP, lancer un appel \u00e0 toutes les forces politico-sociales, quel que soit ce qui nous a oppos\u00e9s avant le 18 ao\u00fbt 2020, nous sommes des Maliens \u00bb, dit-il. Pour le Premier ministre, les Maliens doivent se retrouver pour sauver l\u2019essentiel. Il trouve \u00e9galement n\u00e9cessaire de faire les r\u00e9formes permettant d\u2019aboutir \u00e0 des \u00e9lections propres, continuer la lutte contre la corruption et l\u2019impunit\u00e9 atteindre un point de non-retour\u2026 \u00ab Je crois que nous devons mettre le Mali au-dessus de tout \u00bb, plaide le Premier ministre.<br><br><strong>Main tendue aux dissidents du M5<\/strong><br><br>Il a \u00e9galement lanc\u00e9 un appel \u00e0 ses camarades du M5-RFP. \u00ab Tous ceux qui, pour une raison ou autre, ont quitt\u00e9 le M5 ; sont f\u00e2ch\u00e9s, d\u00e9courag\u00e9s, sont m\u00eame d\u00e9\u00e7us, il faut qu\u2019on leur tende la main. Il faut aller vers eux, parler avec eux. Je suis convaincu que ce qui nous divise est plus petit que ce qui nous a uni \u00bb, a-t-il pr\u00each\u00e9 tel un leader religieux devant ses disciples.<br><br><strong>Boureima Guindo<\/strong><\/p>\n\n\n\n<p>\u00a0<strong>Le Pays<\/strong><\/p>\n","protected":false},"excerpt":{"rendered":"<p>A l\u2019occasion de la c\u00e9l\u00e9bration du 2\u00e8me anniversaire du Mouvement du 5 juin, Rassemblement des forces patriotiques (M5-RFP), le Premier ministre Dr Choguel Kokalla Ma\u00efga a non seulement plaid\u00e9 pour&hellip;<\/p>\n","protected":false},"author":1,"featured_media":6280,"comment_status":"open","ping_status":"closed","sticky":false,"template":"","format":"standard","meta":{"content-type":"","_lmt_disableupdate":"","_lmt_disable":"","_jetpack_memberships_contains_paid_content":false,"footnotes":"","jetpack_publicize_message":"","jetpack_publicize_feature_enabled":true,"jetpack_social_post_already_shared":true,"jetpack_social_options":{"image_generator_settings":{"template":"highway","default_image_id":0,"font":"","enabled":false},"version":2}},"categories":[71,23],"tags":[],"class_list":["post-6279","post","type-post","status-publish","format-standard","has-post-thumbnail","hentry","category-le-pays","category-politique"],"jetpack_publicize_connections":[],"featured_image_urls":{"full":"","thumbnail":"","medium":"","medium_large":"","large":"","1536x1536":"","2048x2048":"","penci-recipe-1200x1200":"","penci-recipe-1200x900":"","penci-recipe-1200x675":"","penci-single-full":"","penci-slider-full-thumb":"","penci-full-thumb":"","penci-slider-thumb":"","penci-magazine-slider":"","penci-thumb":"","penci-masonry-thumb":"","penci-thumb-square":"","penci-thumb-vertical":"","penci-thumb-small":""},"author_info":{"display_name":"Nandi","author_link":"https:\/\/nandi.info\/?author=1"},"category_info":"<a href=\"https:\/\/nandi.info\/?cat=71\" rel=\"category\">Le Pays<\/a> <a href=\"https:\/\/nandi.info\/?cat=23\" rel=\"category\">Politique<\/a>","tag_info":"Politique","comment_count":"0","jetpack_featured_media_url":"","jetpack_sharing_enabled":true,"_links":{"self":[{"href":"https:\/\/nandi.info\/index.php?rest_route=\/wp\/v2\/posts\/6279","targetHints":{"allow":["GET"]}}],"collection":[{"href":"https:\/\/nandi.info\/index.php?rest_route=\/wp\/v2\/posts"}],"about":[{"href":"https:\/\/nandi.info\/index.php?rest_route=\/wp\/v2\/types\/post"}],"author":[{"embeddable":true,"href":"https:\/\/nandi.info\/index.php?rest_route=\/wp\/v2\/users\/1"}],"replies":[{"embeddable":true,"href":"https:\/\/nandi.info\/index.php?rest_route=%2Fwp%2Fv2%2Fcomments&post=6279"}],"version-history":[{"count":0,"href":"https:\/\/nandi.info\/index.php?rest_route=\/wp\/v2\/posts\/6279\/revisions"}],"wp:featuredmedia":[{"embeddable":true,"href":"https:\/\/nandi.info\/index.php?rest_route=\/"}],"wp:attachment":[{"href":"https:\/\/nandi.info\/index.php?rest_route=%2Fwp%2Fv2%2Fmedia&parent=6279"}],"wp:term":[{"taxonomy":"category","embeddable":true,"href":"https:\/\/nandi.info\/index.php?rest_route=%2Fwp%2Fv2%2Fcategories&post=6279"},{"taxonomy":"post_tag","embeddable":true,"href":"https:\/\/nandi.info\/index.php?rest_route=%2Fwp%2Fv2%2Ftags&post=6279"}],"curies":[{"name":"wp","href":"https:\/\/api.w.org\/{rel}","templated":true}]}}