{"id":6275,"date":"2022-06-07T13:16:25","date_gmt":"2022-06-07T11:16:25","guid":{"rendered":"https:\/\/nandi.info\/?p=6275"},"modified":"2022-06-07T13:16:25","modified_gmt":"2022-06-07T11:16:25","slug":"manifestation-pretendue-contre-la-vie-chere-qui-veut-se-servir-de-la-souffrance-des-maliens","status":"publish","type":"post","link":"https:\/\/nandi.info\/?p=6275","title":{"rendered":"Manifestation pr\u00e9tendue contre la vie ch\u00e8re : Qui veut se servir de la souffrance des Maliens ?"},"content":{"rendered":"\n<p><strong>Apr\u00e8s avoir \u00e9chou\u00e9 sur tous les fronts, des individus malintentionn\u00e9s, sous le couvert de certains politiques, veulent profiter de la chert\u00e9 de la vie pour atteindre leurs objectifs. Le Front populaire contre la vie ch\u00e8re de Mariam Kon\u00e9 signale que cette manifestation pr\u00e9vue pour le vendredi 10 juin est une instrumentalisation d\u2019une des causes les plus nobles au Mali. Elle a appel\u00e9 les Maliens \u00e0 ne pas se laisser instrumentaliser pour des causes personnelles.<\/strong><\/p>\n\n\n\n<p class=\"has-drop-cap\">Surprise de constater des affiches de mobilisation pour une manifestation contre la chert\u00e9 de la vie, pr\u00e9vue pour le vendredi 10 juin, la pr\u00e9sidente du Front populaire contre la vie ch\u00e8re, Mariam Kon\u00e9, est sortie de son silence. Elle a d\u00e9clar\u00e9 que cette pr\u00e9tendue manifestation contre la chert\u00e9 de la vie est une autre instrumentalisation d\u2019individus malintentionn\u00e9s ayant \u00e9chou\u00e9 sur la sc\u00e8ne politique. Car, en tant que front de veille sur le prix des denr\u00e9es de premi\u00e8re n\u00e9cessit\u00e9 depuis le d\u00e9but de la transition, elle signale qu\u2019aucune de ces organisations qui souhaitent sortir vendredi n\u2019\u00e9tait pr\u00e9sente lorsque le Front populaire contre la vie ch\u00e8re battait seul le pav\u00e9 contre la chert\u00e9 de la vie au Mali. Donc, elle ne laissera pas ceux-ci se munir d\u2019une cause aussi noble pour atteindre leurs objectifs connus de tous. \u00ab Le Front populaire contre la vie ch\u00e8re, en tant que Front de veille sur le prix des denr\u00e9es de premi\u00e8re n\u00e9cessit\u00e9, s\u2019est battu tout seul sans aucune assistance des forces vives de la Nation \u00bb, a-t- elle rappel\u00e9, tout en d\u00e9plorant que ces m\u00eames forces politiques et autres groupements sont all\u00e9s jusqu\u2019\u00e0 boycotter cette lutte au d\u00e9triment des populations qui continuent de mourir \u00e0 petit feu \u00e0 cause de l\u2019inflation.<\/p>\n\n\n\n<p>Tout en reconnaissant le soutien de certains leaders politiques comme feu Soumeylou Boub\u00e8ye Ma\u00efga et Amadou Ko\u00efta du PS Yelen Kura, Mariam Kon\u00e9 a rassur\u00e9 qu\u2019un document cadre est d\u00e9j\u00e0 en cours de finalisation, qui sera soumis aux plus autorit\u00e9s pour institutionnaliser cette probl\u00e9matique de vie ch\u00e8re au Mali. Un plan bien r\u00e9fl\u00e9chi par des experts qui permettra d\u2019aider la partie dirigeante \u00e0 faire face \u00e0 cette question. \u00ab Si toutefois cette proposition n\u2019est pas prise en compte, nous allons reprendre d\u2019assaut les rues de Bamako et celles des r\u00e9gions \u00bb, a-t-elle pr\u00e9venu. En ce qui concerne cette pr\u00e9tendue manifestation de vendredi prochain, Mariam Kon\u00e9 a \u00e9t\u00e9 on ne peut plus claire. Le Front populaire contre la vie ch\u00e8re n\u2019est associ\u00e9 \u00ab ni de pr\u00e8s ni de loin \u00bb, a-t-elle fait savoir. \u00ab Nous, Front populaire contre la vie ch\u00e8re, nous ne nous reconnaissons pas dans ce rassemblement dit des forces vives de la Nation contre la vie ch\u00e8re \u00bb, a-t-elle clarifi\u00e9, tout en ajoutant aussi : \u00ab Nous n\u2019allons laisser personne instrumentaliser les pauvres populations pour une lutte aussi noble. Personne ne va profiter de la pauvret\u00e9 des Maliens pour se faire une opulence \u00bb.<\/p>\n\n\n\n<p><strong>Issa Djiguiba<\/strong><\/p>\n","protected":false},"excerpt":{"rendered":"<p>Apr\u00e8s avoir \u00e9chou\u00e9 sur tous les fronts, des individus malintentionn\u00e9s, sous le couvert de certains politiques, veulent profiter de la chert\u00e9 de la vie pour atteindre leurs objectifs. Le Front&hellip;<\/p>\n","protected":false},"author":1,"featured_media":0,"comment_status":"open","ping_status":"closed","sticky":false,"template":"","format":"standard","meta":{"content-type":"","_lmt_disableupdate":"","_lmt_disable":"","_jetpack_memberships_contains_paid_content":false,"footnotes":"","jetpack_publicize_message":"","jetpack_publicize_feature_enabled":true,"jetpack_social_post_already_shared":true,"jetpack_social_options":{"image_generator_settings":{"template":"highway","default_image_id":0,"font":"","enabled":false},"version":2}},"categories":[71,21],"tags":[],"class_list":["post-6275","post","type-post","status-publish","format-standard","hentry","category-le-pays","category-societe"],"jetpack_publicize_connections":[],"featured_image_urls":{"full":"","thumbnail":"","medium":"","medium_large":"","large":"","1536x1536":"","2048x2048":"","penci-recipe-1200x1200":"","penci-recipe-1200x900":"","penci-recipe-1200x675":"","penci-single-full":"","penci-slider-full-thumb":"","penci-full-thumb":"","penci-slider-thumb":"","penci-magazine-slider":"","penci-thumb":"","penci-masonry-thumb":"","penci-thumb-square":"","penci-thumb-vertical":"","penci-thumb-small":""},"author_info":{"display_name":"Nandi","author_link":"https:\/\/nandi.info\/?author=1"},"category_info":"<a href=\"https:\/\/nandi.info\/?cat=71\" rel=\"category\">Le Pays<\/a> <a href=\"https:\/\/nandi.info\/?cat=21\" rel=\"category\">Soci\u00e9t\u00e9<\/a>","tag_info":"Soci\u00e9t\u00e9","comment_count":"0","jetpack_featured_media_url":"","jetpack_sharing_enabled":true,"_links":{"self":[{"href":"https:\/\/nandi.info\/index.php?rest_route=\/wp\/v2\/posts\/6275","targetHints":{"allow":["GET"]}}],"collection":[{"href":"https:\/\/nandi.info\/index.php?rest_route=\/wp\/v2\/posts"}],"about":[{"href":"https:\/\/nandi.info\/index.php?rest_route=\/wp\/v2\/types\/post"}],"author":[{"embeddable":true,"href":"https:\/\/nandi.info\/index.php?rest_route=\/wp\/v2\/users\/1"}],"replies":[{"embeddable":true,"href":"https:\/\/nandi.info\/index.php?rest_route=%2Fwp%2Fv2%2Fcomments&post=6275"}],"version-history":[{"count":0,"href":"https:\/\/nandi.info\/index.php?rest_route=\/wp\/v2\/posts\/6275\/revisions"}],"wp:attachment":[{"href":"https:\/\/nandi.info\/index.php?rest_route=%2Fwp%2Fv2%2Fmedia&parent=6275"}],"wp:term":[{"taxonomy":"category","embeddable":true,"href":"https:\/\/nandi.info\/index.php?rest_route=%2Fwp%2Fv2%2Fcategories&post=6275"},{"taxonomy":"post_tag","embeddable":true,"href":"https:\/\/nandi.info\/index.php?rest_route=%2Fwp%2Fv2%2Ftags&post=6275"}],"curies":[{"name":"wp","href":"https:\/\/api.w.org\/{rel}","templated":true}]}}