{"id":6152,"date":"2022-05-30T10:19:00","date_gmt":"2022-05-30T08:19:00","guid":{"rendered":"https:\/\/nandi.info\/?p=6152"},"modified":"2022-05-30T10:19:00","modified_gmt":"2022-05-30T08:19:00","slug":"31ieme-anniversaire-de-la-creation-de-ladema-pasj-le-parti-dalpha-oumar-konare-sonne-la-mobilisation-de-la-classe-politique","status":"publish","type":"post","link":"https:\/\/nandi.info\/?p=6152","title":{"rendered":"31ieme anniversaire de la cr\u00e9ation de l\u2019ADEMA -PASJ : Le Parti d\u2019alpha Oumar Konar\u00e9 sonne la mobilisation de la classe politique"},"content":{"rendered":"\n<p><strong><em>L\u2019Alliance pour la D\u00e9mocratie au Mali, Parti Africain pour la Solidarit\u00e9 et la justice, ADEMA- PASJ a f\u00eat\u00e9 le mercredi 25 Mai 2022 le 31<sup>i\u00e8me<\/sup> anniversaire de sa cr\u00e9ation au Centre International des Conf\u00e9rences de Bamako, sous le th\u00e8me de&nbsp;: quel avenir pour les partis politiques dans les d\u00e9mocraties africaines, cas du Mali. Cet anniversaire se passe dans un contexte marqu\u00e9 par une certaine inimiti\u00e9, voire haine ou tout au moins par le rejet des partis politiques par une frange importante de l\u2019opinion, qui pense \u00e0 tort ou \u00e0 raison que les partis politiques sont \u00e0 la base de la catastrophique situation dans laquelle le pays est embourb\u00e9. Le 31<sup>i\u00e8me<\/sup> anniversaire de l\u2019ADEMA-PASJ va-t-il enfin sonner la mobilisation de la classe politique pour former un front contre la restauration en cours&nbsp;? &nbsp;Est-ce le d\u00e9but de la grande retrouvaille de ce qui reste encore du mouvement d\u00e9mocratique pour sauver ce qui peut l\u2019\u00eatre encore, des acquis du 26 mars 1991&nbsp;?<\/em><\/strong><\/p>\n\n\n\n<p class=\"has-drop-cap\">Vitrine de la d\u00e9mocratie malienne, pour avoir eu la chance d\u2019acc\u00e9der au pouvoir apr\u00e8s la r\u00e9volution populaire du 26 Mars 1991, l\u2019ADEMA -PASJ semble aujourd\u2019hui faire son autocritique et cela apr\u00e8s une \u00e9valuation succincte de 31 ans de pratique d\u00e9mocratique \u00e9maill\u00e9e de deux coups d\u2019Etat stupides. Ce mea maxima Culpa de n\u2019avoir pas jou\u00e9 son r\u00f4le de leadership en tant que premier parti post d\u00e9mocratie \u00e0 acc\u00e9der au pouvoir, fait incontestablement de l\u2019ADEMA un g\u00e9ant, mais aux pieds d\u2019argile. Exer\u00e7ant le pouvoir pendant dix ans sous le leadership \u00e9clair\u00e9 de leur camarade Alpha Oumar Konar\u00e9, les abeilles ne se sont jamais \u00e9loign\u00e9es, depuis lors des rouages de ce qu\u2019il convient d\u2019appeler le pouvoir, malgr\u00e9 le rejet par le peuple de sa politique. Elles ont toujours avanc\u00e9 le fallacieux pr\u00e9texte de la stabilit\u00e9 du pays. Avec d\u2019abord ATT ensuite avec IBK, l\u2019un comme l\u2019autre r\u00e9gime, a \u00e9t\u00e9 renvers\u00e9 par un coup d\u2019Etat et le parti de l\u2019Abeille a, \u00e0 chaque fois, pay\u00e9 un lourd tribut. Il a \u00e9t\u00e9 accus\u00e9 \u00e0 tort ou \u00e0 raison d\u2019\u00eatre \u00e0 la base de la situation peu reluisante du pays. 31 ans apr\u00e8s l\u2019av\u00e8nement de la d\u00e9mocratie au Mali le parti de Marimantia Diarra, l\u2019actuel Pr\u00e9sident de l\u2019ADEMA semble dresser sa part de bilan et entend jouer le r\u00f4le qui est le sien pour rassembler, ce qui peut l\u2019\u00eatre encore, du Mouvement D\u00e9mocratique, afin d\u2019\u00eatre le v\u00e9ritable rempart contre la campagne de diabolisation et de d\u00e9molition des pr\u00e9cieux acquis du 26 Mars.<\/p>\n\n\n\n<p><strong><em>L\u2019Abeille solitaire parviendra-t-elle \u00e0 rassembler la classe politique&nbsp;?<\/em><\/strong><\/p>\n\n\n\n<p>Toute la question est \u00e0 ce niveau, car personne n\u2019a plus confiance en personne dans le landerneau politique malien et les jeux d\u2019int\u00e9r\u00eats partisans ont tellement pris le dessus sur la pr\u00e9servation de l\u2019essentiel qu\u2019il serait difficile de regrouper tous les partis politiques du Mouvement d\u00e9mocratique pour barrer la route \u00e0 la restauration de l\u2019ordre ancien. Bien que tous les grands partis du mouvement d\u00e9mocratique, tels que le RPM, le PARENA, l\u2019URD ont r\u00e9pondu \u00e0 l\u2019invitation du parti d\u2019Abdramane Baba Tour\u00e9, d\u2019Alpha Oumar Konar\u00e9, d\u2019Ibrahim Boubacar Keita, de Dioncounda Traor\u00e9, de Ti\u00e9moko Sangar\u00e9, il y a fort \u00e0 parier qu\u2019il serait difficile de reproupeer tous les partis du mouvement d\u00e9mocratique autour d\u2019un m\u00eame id\u00e9al&nbsp; &nbsp;Tous les partis pr\u00e9sents \u00e0 cet anniversaire ont reconnu le leadership du parti de Marimantia, mais ont en m\u00eame temps d\u00e9plor\u00e9 le manque de courage de ce parti \u00e0 jouer pleinement son r\u00f4le de leader sur la sc\u00e8ne politique. L\u2019Adema va-t-il enfin s\u2019assumer \u00e0 \u00eatre cette locomotive qui va tirer les wagons du bon fonctionnement de la d\u00e9mocratie et de l\u2019Etat de Droit au Mali&nbsp;? Formera-t-il avec les partis du Mouvement d\u00e9mocratique, qui le d\u00e9sirent, une v\u00e9ritable digue pour pr\u00e9server les acquis du 26 Mars et \u00eatre le dernier rempart contre cette campagne de d\u00e9molition des partis politiques et des acquis du Mouvement d\u00e9mocratique ? En attendant d\u2019avoir les r\u00e9ponses \u00e0 ces diff\u00e9rentes questions, rien que par la pr\u00e9sence massive et remarqu\u00e9e de certains partis \u00e0 cet anniversaire pas comme les autres, il y a sans nul doute une certaine prise de conscience des risques de disparition des anciens partis politiques. Et comme dirait l\u2019autre il est plus que n\u00e9cessaire de fumer le calumet de la coh\u00e9sion, car d\u00e9sunis, les nouveaux &nbsp;acteurs politiques &nbsp;sonneront &nbsp;le glas du Mouvement d\u00e9mocratique.<\/p>\n\n\n\n<p><strong>Au-del\u00e0 de leurs divergences, les partis politiques n\u2019ont-ils pas int\u00e9r\u00eat \u00e0 se retrouver pour ne pas disparaitre&nbsp;?<\/strong><\/p>\n\n\n\n<p>Il y avait le jour de l\u2019anniversaire de l\u2019Adema comme un sursaut d\u2019orgueil, car les diff\u00e9rentes interventions des repr\u00e9sentants des partis politiques invit\u00e9s ont abouti \u00e0 la m\u00eame conclusion, \u00e0 savoir la n\u00e9cessit\u00e9 pour les partis politiques de se retrouver pour former un front uni contre leurs adeptes de la restauration et surtout les adversaires du mouvement d\u00e9mocratique. Tous les observateurs de la sc\u00e8ne politique malienne s\u2019accordent \u00e0 dire que l\u2019affaiblissement des partis politiques est d\u00fb en grande partie \u00e0 un manque de conviction, \u00e0 l\u2019app\u00e2t du gain facile, au manque de consensus sur les questions essentielles, le tout couronn\u00e9 par des dissensions, voire divergences qui, souvent, rel\u00e8guent au second plan ce qui devrait \u00eatre l\u2019essentiel \u00e0 pr\u00e9server. Aujourd\u2019hui tous les partis politiques, tous les leaders sont discr\u00e9dit\u00e9s et rasent le mur voire en p\u00e2tissent. C\u2019est certainement en tirant les le\u00e7ons de leurs erreurs et d\u00e9termin\u00e9s \u00e0 ne pas c\u00e9der au son de sir\u00e8ne des opportunistes que les partis veulent sonner la mobilisation autour de l\u2019Adema pour d\u00e9fendre vaillamment le bilan du Mouvement d\u00e9mocratique et se projeter vers l\u2019avenir. L\u2019ADEMA-PASJ jouera-t-il r\u00e9ellement sa partition&nbsp;?&nbsp; &nbsp;&nbsp;&nbsp;&nbsp;&nbsp;&nbsp;<strong>&nbsp;&nbsp;&nbsp;<\/strong><\/p>\n\n\n\n<p><strong>Youssouf Sissoko<\/strong><\/p>\n\n\n\n<p><\/p>\n","protected":false},"excerpt":{"rendered":"<p>L\u2019Alliance pour la D\u00e9mocratie au Mali, Parti Africain pour la Solidarit\u00e9 et la justice, ADEMA- PASJ a f\u00eat\u00e9 le mercredi 25 Mai 2022 le 31i\u00e8me anniversaire de sa cr\u00e9ation au&hellip;<\/p>\n","protected":false},"author":1,"featured_media":6154,"comment_status":"open","ping_status":"closed","sticky":false,"template":"","format":"standard","meta":{"content-type":"","_lmt_disableupdate":"","_lmt_disable":"","_jetpack_memberships_contains_paid_content":false,"footnotes":"","jetpack_publicize_message":"","jetpack_publicize_feature_enabled":true,"jetpack_social_post_already_shared":true,"jetpack_social_options":{"image_generator_settings":{"template":"highway","default_image_id":0,"font":"","enabled":false},"version":2}},"categories":[68,23],"tags":[],"class_list":["post-6152","post","type-post","status-publish","format-standard","has-post-thumbnail","hentry","category-lalternance","category-politique"],"jetpack_publicize_connections":[],"featured_image_urls":{"full":"","thumbnail":"","medium":"","medium_large":"","large":"","1536x1536":"","2048x2048":"","penci-recipe-1200x1200":"","penci-recipe-1200x900":"","penci-recipe-1200x675":"","penci-single-full":"","penci-slider-full-thumb":"","penci-full-thumb":"","penci-slider-thumb":"","penci-magazine-slider":"","penci-thumb":"","penci-masonry-thumb":"","penci-thumb-square":"","penci-thumb-vertical":"","penci-thumb-small":""},"author_info":{"display_name":"Nandi","author_link":"https:\/\/nandi.info\/?author=1"},"category_info":"<a href=\"https:\/\/nandi.info\/?cat=68\" rel=\"category\">L'alternance<\/a> <a href=\"https:\/\/nandi.info\/?cat=23\" rel=\"category\">Politique<\/a>","tag_info":"Politique","comment_count":"0","jetpack_featured_media_url":"","jetpack_sharing_enabled":true,"_links":{"self":[{"href":"https:\/\/nandi.info\/index.php?rest_route=\/wp\/v2\/posts\/6152","targetHints":{"allow":["GET"]}}],"collection":[{"href":"https:\/\/nandi.info\/index.php?rest_route=\/wp\/v2\/posts"}],"about":[{"href":"https:\/\/nandi.info\/index.php?rest_route=\/wp\/v2\/types\/post"}],"author":[{"embeddable":true,"href":"https:\/\/nandi.info\/index.php?rest_route=\/wp\/v2\/users\/1"}],"replies":[{"embeddable":true,"href":"https:\/\/nandi.info\/index.php?rest_route=%2Fwp%2Fv2%2Fcomments&post=6152"}],"version-history":[{"count":0,"href":"https:\/\/nandi.info\/index.php?rest_route=\/wp\/v2\/posts\/6152\/revisions"}],"wp:featuredmedia":[{"embeddable":true,"href":"https:\/\/nandi.info\/index.php?rest_route=\/"}],"wp:attachment":[{"href":"https:\/\/nandi.info\/index.php?rest_route=%2Fwp%2Fv2%2Fmedia&parent=6152"}],"wp:term":[{"taxonomy":"category","embeddable":true,"href":"https:\/\/nandi.info\/index.php?rest_route=%2Fwp%2Fv2%2Fcategories&post=6152"},{"taxonomy":"post_tag","embeddable":true,"href":"https:\/\/nandi.info\/index.php?rest_route=%2Fwp%2Fv2%2Ftags&post=6152"}],"curies":[{"name":"wp","href":"https:\/\/api.w.org\/{rel}","templated":true}]}}