{"id":6150,"date":"2022-05-30T14:14:33","date_gmt":"2022-05-30T12:14:33","guid":{"rendered":"https:\/\/nandi.info\/?p=6150"},"modified":"2022-05-30T14:14:33","modified_gmt":"2022-05-30T12:14:33","slug":"premier-anniversaire-de-la-prise-du-pouvoir-par-le-colonel-assimi-goita","status":"publish","type":"post","link":"https:\/\/nandi.info\/?p=6150","title":{"rendered":"<strong>Premier anniversaire de la prise du pouvoir par le colonel Assimi Go\u00efta<\/strong>"},"content":{"rendered":"\n<h2 class=\"has-large-font-size wp-block-heading\"><strong>Que retenir d\u2019un an de gestion&nbsp;?<\/strong><\/h2>\n\n\n\n<p><strong><em>Le Mali a c\u00e9l\u00e9br\u00e9, le mardi 24 mai, l\u2019an un de la mise \u00e0 l\u2019\u00e9cart de la premi\u00e8re \u00e9quipe de la transition dirig\u00e9e par le pr\u00e9sident Bah N\u2019Daw et le Premier ministre Moctar Ouane. Aujourd\u2019hui, il vient de passer une ann\u00e9e sur la colline du pouvoir. Le colonel Assimi Goita a, malgr\u00e9 les conditions difficiles ant\u00e9rieures \u00e0 son accession \u00e0 Koulouba, marqu\u00e9 des points. Il consacre la lib\u00e9ration du Mali vis-\u00e0-vis de la domination imp\u00e9rialiste. Gr\u00e2ce \u00e0 ses actions courageuses et \u00e0 ses d\u00e9cisions lib\u00e9ratrices, le colonel Assimi Go\u00efta, pr\u00e9sident de la transition, r\u00e9tablit petit \u00e0 petit le respect du Mali, bafou\u00e9 par des gens sans foi ni loi agissant au nom d\u2019une d\u00e9mocratie pr\u00e9datrice, sur la sc\u00e8ne internationale.&nbsp; La question que l\u2019on est en droit de se poser est de savoir quel bilan pour ce 1<sup>er<\/sup> anniversaire de la prise du pouvoir par Assimi Go\u00efta&nbsp;?<\/em><\/strong><\/p>\n\n\n\n<p class=\"has-drop-cap\">Le colonel Assimi Goita a fait de ses priorit\u00e9s l\u2019\u00e9quipement de l\u2019Arm\u00e9e, comme preuve l\u2019acquisition de plusieurs h\u00e9licopt\u00e8res, mat\u00e9riels et \u00e9quipements militaires qui ont \u00e9t\u00e9 r\u00e9ceptionn\u00e9s par le colonel Sadio Camara ministre de la D\u00e9fense et des Anciens combattants.<\/p>\n\n\n\n<p>Cependant, l\u2019histoire retiendra que le colonel Assimi Goita a \u0153uvr\u00e9 pour la coh\u00e9sion sociale et&nbsp; la paix en organisant les Assises Nationales de la Refondation(ANR). Sa main tendue plusieurs fois au cadre d\u2019\u00e9change des partis politiques est la preuve de sa bonne foi, mais &nbsp;aussi de &nbsp;son engagement en tant que pr\u00e9sident de la transition, de rassembler&nbsp; les Maliens autour des id\u00e9aux du nouveau Mali (Mali- Kura).<\/p>\n\n\n\n<p>Tous les secteurs cl\u00e9s du d\u00e9veloppement du pays ont connu un d\u00e9but renouveau ce qui pr\u00e9sage d\u2019un lendemain enchanteur pour le Mali. Malgr\u00e9 tous ces efforts de redressement du pays, la Communaut\u00e9 Economique des Etats d\u2019Afrique de l\u2019Ouest (CEDEAO) &nbsp;a mis du b\u00e2ton dans la roue du gouvernement en imposant des sanctions inhumaines, ill\u00e9gales et ill\u00e9gitimes &nbsp;&nbsp;freinant du coup son progr\u00e8s. La volont\u00e9 de bien faire du colonel Assimi Go\u00efta a \u00e9t\u00e9 mise \u00e0 rude \u00e9preuve \u00e0 cause de l\u2019embargo \u00ab&nbsp;injuste, ill\u00e9gal et inhumain&nbsp;\u00bb.&nbsp; Malgr\u00e9 ces sanctions, le Mali a r\u00e9sist\u00e9 et tient d\u00e9bout, car il place toujours sa&nbsp;souverainet\u00e9 nationale en dessus de tout.<\/p>\n\n\n\n<p>En un an seulement, le bilan des colonels &nbsp;est satisfaisant et il sera plus glorieux quand ils &nbsp;auront plus de temps. Tel semble \u00eatre le souhait d\u2019une frange importante du peuple malien. &nbsp;&nbsp;Il ressort des statistiques de Mali-M\u00e8tre que 9 maliens su 10 sont satisfaits de la transition. M\u00eame si ce sondage est \u00e0 prendre&nbsp; avec pr\u00e9caution, il d\u00e9note une certaine adh\u00e9sion du peuple \u00e0 la transition c\u2019est pourquoi nombreux sont les maliens qui demandent un temps relativement &nbsp;raisonnable pour achever les chantiers qui sont d\u00e9j\u00e0 ouverts pour leur &nbsp;r\u00e9alisation.<\/p>\n\n\n\n<p>L\u2019une des grandes prouesses&nbsp; du colonel Assimi Go\u00efta et qui fera date dans les annales de l\u2019histoire sera son NON \u00e0 la France, comme Ahmed S\u00e9kou Tour\u00e9 de la Guin\u00e9e en 1958. Il a fait de la souverainet\u00e9 du Mali, pas un slogan factice, mais une r\u00e9alit\u00e9 concr\u00e8te, car il n\u2019a pas h\u00e9sit\u00e9 \u00e0 expulser l\u2019ambassadeur fran\u00e7ais du pays. Le colonel Assimi Go\u00efta, a donn\u00e9 une r\u00e9elle image au Mali \u00e0 l\u2019\u00e9tranger, celle d\u2019un pays respect\u00e9 et respectable. &nbsp;<\/p>\n\n\n\n<p><strong><em>Les Maliens arriveront-ils \u00e0 accompagner et soutenir ce combat jusqu\u2019\u00e0 la victoire finale ?<\/em><\/strong><\/p>\n\n\n\n<p>Pour rappel lors de la tribune de l\u2019ONU, en septembre 2021, Il a fallu cette phrase du Premier ministre, Choguel Kokala Ma\u00efga, pour que le monde entier se rende compte&nbsp; que la gouvernance du Mali a chang\u00e9: \u00ab<em>Le Mali a \u00e9t\u00e9 abandonn\u00e9 en plein vol<\/em>\u00bb. Elle a \u00e9t\u00e9 largement appr\u00e9ci\u00e9e par la majorit\u00e9 de la population malienne ainsi que quelques Etats pr\u00e9sents a cette tribune qui n\u2019attendaient que ce moment solennel pour f\u00e9liciter le courage exceptionnel des fils qui ont enfin d\u00e9cid\u00e9 de restaurer la dignit\u00e9, l\u2019honneur, et la fiert\u00e9 du Mali sur la sc\u00e8ne internationale. Le Pr\u00e9sident de la Transition Assimi Go\u00efta &nbsp;est en train de donner de l\u2019espoir au peuple malien et Africain qui ne savaient plus \u00e0 quel saint se vouer pour restaurer l\u2019honneur, la dignit\u00e9 et la fiert\u00e9, son engagement est en train de faire tache d\u2019huile en Afrique. Mercredi 25 mai 2022 la gauche radicale de Juluis Mal\u00e9ma &nbsp;de l\u2019Afrique du sud &nbsp;a fait une marche pour soutenir les autorit\u00e9s maliennes, plus les marches pr\u00e9c\u00e9dentes des autres pays. Les actions et d\u00e9cisions patriotiques, jusque-l\u00e0, prises, par le colonel Assimi Go\u00efta honorent le Mali.<\/p>\n\n\n\n<p>En d\u00e9finitive, Il est d\u00e9sormais du devoir des maliens de s\u2019unir et de &nbsp;parler le m\u00eame langage et \u00eatre d\u00e9bout sur les remparts pour que le nom du Mali r\u00e9sonne encore car cette prise en main de notre destin\u00e9e ne va pas sans sacrifices.<\/p>\n\n\n\n<p><strong>Assitan DIAKITE<\/strong><\/p>\n\n\n\n<p><strong>L\u2019Alternance<\/strong><\/p>\n","protected":false},"excerpt":{"rendered":"<p>Que retenir d\u2019un an de gestion&nbsp;? Le Mali a c\u00e9l\u00e9br\u00e9, le mardi 24 mai, l\u2019an un de la mise \u00e0 l\u2019\u00e9cart de la premi\u00e8re \u00e9quipe de la transition dirig\u00e9e par&hellip;<\/p>\n","protected":false},"author":1,"featured_media":5936,"comment_status":"open","ping_status":"closed","sticky":false,"template":"","format":"standard","meta":{"content-type":"","_lmt_disableupdate":"","_lmt_disable":"","_jetpack_memberships_contains_paid_content":false,"footnotes":"","jetpack_publicize_message":"","jetpack_publicize_feature_enabled":true,"jetpack_social_post_already_shared":true,"jetpack_social_options":{"image_generator_settings":{"template":"highway","default_image_id":0,"font":"","enabled":false},"version":2}},"categories":[68,23],"tags":[],"class_list":["post-6150","post","type-post","status-publish","format-standard","has-post-thumbnail","hentry","category-lalternance","category-politique"],"jetpack_publicize_connections":[],"featured_image_urls":{"full":"","thumbnail":"","medium":"","medium_large":"","large":"","1536x1536":"","2048x2048":"","penci-recipe-1200x1200":"","penci-recipe-1200x900":"","penci-recipe-1200x675":"","penci-single-full":"","penci-slider-full-thumb":"","penci-full-thumb":"","penci-slider-thumb":"","penci-magazine-slider":"","penci-thumb":"","penci-masonry-thumb":"","penci-thumb-square":"","penci-thumb-vertical":"","penci-thumb-small":""},"author_info":{"display_name":"Nandi","author_link":"https:\/\/nandi.info\/?author=1"},"category_info":"<a href=\"https:\/\/nandi.info\/?cat=68\" rel=\"category\">L'alternance<\/a> <a href=\"https:\/\/nandi.info\/?cat=23\" rel=\"category\">Politique<\/a>","tag_info":"Politique","comment_count":"0","jetpack_featured_media_url":"","jetpack_sharing_enabled":true,"_links":{"self":[{"href":"https:\/\/nandi.info\/index.php?rest_route=\/wp\/v2\/posts\/6150","targetHints":{"allow":["GET"]}}],"collection":[{"href":"https:\/\/nandi.info\/index.php?rest_route=\/wp\/v2\/posts"}],"about":[{"href":"https:\/\/nandi.info\/index.php?rest_route=\/wp\/v2\/types\/post"}],"author":[{"embeddable":true,"href":"https:\/\/nandi.info\/index.php?rest_route=\/wp\/v2\/users\/1"}],"replies":[{"embeddable":true,"href":"https:\/\/nandi.info\/index.php?rest_route=%2Fwp%2Fv2%2Fcomments&post=6150"}],"version-history":[{"count":0,"href":"https:\/\/nandi.info\/index.php?rest_route=\/wp\/v2\/posts\/6150\/revisions"}],"wp:featuredmedia":[{"embeddable":true,"href":"https:\/\/nandi.info\/index.php?rest_route=\/"}],"wp:attachment":[{"href":"https:\/\/nandi.info\/index.php?rest_route=%2Fwp%2Fv2%2Fmedia&parent=6150"}],"wp:term":[{"taxonomy":"category","embeddable":true,"href":"https:\/\/nandi.info\/index.php?rest_route=%2Fwp%2Fv2%2Fcategories&post=6150"},{"taxonomy":"post_tag","embeddable":true,"href":"https:\/\/nandi.info\/index.php?rest_route=%2Fwp%2Fv2%2Ftags&post=6150"}],"curies":[{"name":"wp","href":"https:\/\/api.w.org\/{rel}","templated":true}]}}