{"id":6145,"date":"2022-05-30T13:47:18","date_gmt":"2022-05-30T11:47:18","guid":{"rendered":"https:\/\/nandi.info\/?p=6145"},"modified":"2022-05-30T13:47:18","modified_gmt":"2022-05-30T11:47:18","slug":"portrait-de-femmes-celebres-mme-diallo-deidia-mahamane-kattra","status":"publish","type":"post","link":"https:\/\/nandi.info\/?p=6145","title":{"rendered":"Portrait de femmes c\u00e9l\u00e8bres : Mme Diallo D\u00e9idia Mahamane Kattra"},"content":{"rendered":"\n<p><strong>Ancienne pr\u00e9sidente de l\u2019ordre des pharmaciens du Mali, ancienne ministre du travail de l\u2019emploi et de la formation professionnelle. Une femme de c\u0153ur elle milite dans beaucoup d\u2019associations de bienfaisance. Voici en quelques lignes son portrait.<\/strong><\/p>\n\n\n\n<p class=\"has-drop-cap\">N\u00e9e en 1957 \u00e0 Tombouctou, Mme Diallo est d\u00e9tentrice d\u2019un Doctorat en Pharmacie de Bamako en 1979 et des parchemins sanctionnant des \u00e9tudes de perfectionnement au Centre d\u2019\u00e9nergie atomique de Saclay \u00e0 l\u2019universit\u00e9 Blaise Pascal de Clermont-Ferrand en France. Elle a occup\u00e9 les postes de ministre du Travail, de l\u2019Emploi et de la Formation professionnelle dans le gouvernement de Cheick Modibo Diarra du 20 ao\u00fbt au 15 d\u00e9cembre 2012, de ministre de l\u2019Emploi et de la Formation professionnelle au sein du gouvernement Diango Cissoko du 15 d\u00e9cembre 2012 au 08 septembre 2013.<\/p>\n\n\n\n<p>Apr\u00e8s cette exp\u00e9rience gouvernementale, Dr Diallo D\u00e9idia Mahamane Kattra retourne \u00e0 ses activit\u00e9s de pharmacienne du priv\u00e9. Elle est propri\u00e9taire de l\u2019Officine \u00ab Les Hirondelles \u00bb install\u00e9e en 1990, suite \u00e0 sa retraite volontaire de la Fonction publique. Fonctionnaire, elle avait d\u2019abord servi \u00e0 la Pharmacie populaire du Mali (Ppm) comme chef de division et \u00e0 l\u2019h\u00f4pital du Point G, puis d\u00e9cide de voler de ses propres ailes. Dans son domaine professionnel, Mme Diallo D\u00e9idia Mahamane Kattra est tr\u00e8s active dans la vie associative. Elle a pr\u00e9sid\u00e9 la Fondation de l\u2019Association \u00ab Inter ordre pharmacien africain \u00bb de 1998 \u00e0 2002. Elle a \u00e9galement \u00e9t\u00e9 membre influent du Conseil national de l\u2019Ordre des pharmaciens du Mali et de l\u2019Association pour la promotion de la sant\u00e9 (APSAN). Par ailleurs, elle a dirig\u00e9 plusieurs autres associations&nbsp;: le \u00ab Lion\u2019s club de la zone 152 \u00bb, le \u00ab Lion\u2019s club Sigui \u00bb, l\u2019Association des femmes du Nord du Mali. Suite \u00e0 l\u2019occupation des r\u00e9gions septentrionales du Mali par des forces s\u00e9paratistes et terroristes d\u00e9but 2012 et avant son entr\u00e9e au gouvernement, Dr Diallo D\u00e9idia Mahamane Kattra a activement particip\u00e9 aux actions de solidarit\u00e9 organis\u00e9es par l\u2019Alliance pour la communaut\u00e9 arabe \u00ab Alkarama \u00bb. Elle s\u2019est engag\u00e9e dans les activit\u00e9s du Collectif des ressortissants du Nord (Coren).<\/p>\n\n\n\n<p><strong>En d\u00e9finitive, Mme Diallo D\u00e9idia Mahamane Kattra est une femme exceptionnelle, g\u00e9n\u00e9reuse et intelligente.<\/strong><\/p>\n\n\n\n<p><strong>Oumou Sissoko<\/strong><\/p>\n\n\n\n<p><strong>L&rsquo;Alternance<\/strong><\/p>\n","protected":false},"excerpt":{"rendered":"<p>Ancienne pr\u00e9sidente de l\u2019ordre des pharmaciens du Mali, ancienne ministre du travail de l\u2019emploi et de la formation professionnelle. Une femme de c\u0153ur elle milite dans beaucoup d\u2019associations de bienfaisance.&hellip;<\/p>\n","protected":false},"author":1,"featured_media":6146,"comment_status":"open","ping_status":"closed","sticky":false,"template":"","format":"standard","meta":{"content-type":"","_lmt_disableupdate":"","_lmt_disable":"","_jetpack_memberships_contains_paid_content":false,"footnotes":"","jetpack_publicize_message":"","jetpack_publicize_feature_enabled":true,"jetpack_social_post_already_shared":true,"jetpack_social_options":{"image_generator_settings":{"template":"highway","default_image_id":0,"font":"","enabled":false},"version":2}},"categories":[27,68,58],"tags":[],"class_list":["post-6145","post","type-post","status-publish","format-standard","has-post-thumbnail","hentry","category-femmes","category-lalternance","category-portrait"],"jetpack_publicize_connections":[],"featured_image_urls":{"full":"","thumbnail":"","medium":"","medium_large":"","large":"","1536x1536":"","2048x2048":"","penci-recipe-1200x1200":"","penci-recipe-1200x900":"","penci-recipe-1200x675":"","penci-single-full":"","penci-slider-full-thumb":"","penci-full-thumb":"","penci-slider-thumb":"","penci-magazine-slider":"","penci-thumb":"","penci-masonry-thumb":"","penci-thumb-square":"","penci-thumb-vertical":"","penci-thumb-small":""},"author_info":{"display_name":"Nandi","author_link":"https:\/\/nandi.info\/?author=1"},"category_info":"<a href=\"https:\/\/nandi.info\/?cat=27\" rel=\"category\">Femmes<\/a> <a href=\"https:\/\/nandi.info\/?cat=68\" rel=\"category\">L'alternance<\/a> <a href=\"https:\/\/nandi.info\/?cat=58\" rel=\"category\">Portrait<\/a>","tag_info":"Portrait","comment_count":"0","jetpack_featured_media_url":"","jetpack_sharing_enabled":true,"_links":{"self":[{"href":"https:\/\/nandi.info\/index.php?rest_route=\/wp\/v2\/posts\/6145","targetHints":{"allow":["GET"]}}],"collection":[{"href":"https:\/\/nandi.info\/index.php?rest_route=\/wp\/v2\/posts"}],"about":[{"href":"https:\/\/nandi.info\/index.php?rest_route=\/wp\/v2\/types\/post"}],"author":[{"embeddable":true,"href":"https:\/\/nandi.info\/index.php?rest_route=\/wp\/v2\/users\/1"}],"replies":[{"embeddable":true,"href":"https:\/\/nandi.info\/index.php?rest_route=%2Fwp%2Fv2%2Fcomments&post=6145"}],"version-history":[{"count":0,"href":"https:\/\/nandi.info\/index.php?rest_route=\/wp\/v2\/posts\/6145\/revisions"}],"wp:featuredmedia":[{"embeddable":true,"href":"https:\/\/nandi.info\/index.php?rest_route=\/"}],"wp:attachment":[{"href":"https:\/\/nandi.info\/index.php?rest_route=%2Fwp%2Fv2%2Fmedia&parent=6145"}],"wp:term":[{"taxonomy":"category","embeddable":true,"href":"https:\/\/nandi.info\/index.php?rest_route=%2Fwp%2Fv2%2Fcategories&post=6145"},{"taxonomy":"post_tag","embeddable":true,"href":"https:\/\/nandi.info\/index.php?rest_route=%2Fwp%2Fv2%2Ftags&post=6145"}],"curies":[{"name":"wp","href":"https:\/\/api.w.org\/{rel}","templated":true}]}}