{"id":6118,"date":"2022-05-30T11:38:00","date_gmt":"2022-05-30T09:38:00","guid":{"rendered":"https:\/\/nandi.info\/?p=6118"},"modified":"2022-05-30T11:38:00","modified_gmt":"2022-05-30T09:38:00","slug":"soutien-a-la-transition-limam-dicko-et-le-cherif-de-nioro-la-divergence-de-vue","status":"publish","type":"post","link":"https:\/\/nandi.info\/?p=6118","title":{"rendered":"Soutien \u00e0 la Transition : L\u2019imam Dicko\u00a0 et le Ch\u00e9rif de Nioro,\u00a0 la divergence de vue\u00a0!"},"content":{"rendered":"\n<p><strong><em>Le jeudi 26 mai dernier, lors de la 22<sup>\u00e8me<\/sup> \u00e9dition du Forum de Bamako, l\u2019imam Mahmoud Dicko a accus\u00e9 les Autorit\u00e9s de la Transition d\u2019arrogance et la Communaut\u00e9 Internationale d\u2019\u00eatre orgueilleuse en maintenant en otage le peuple. Par ailleurs, dans son traditionnel sermon du vendredi (Koutouba) soit le lendemain de cette d\u00e9claration de l\u2019ex pr\u00e9sident de Haut Conseil Islamique du Mali (HCI), le ch\u00e9rif de Nioro, Bouy\u00e9 Ha\u00efdara a d\u00e9clar\u00e9 r\u00e9it\u00e9rer son soutien \u00e0 nos autorit\u00e9s de la transition. Eh bien, pour une fois ces deux chefs religieux ont adopt\u00e9 des positions discordantes, pendant qu\u2019ils ont toujours chemin\u00e9 \u00e0 la m\u00eame direction surtout contre l\u2019ancien r\u00e9gime. Qu\u2019est ce qui peut expliquer cette \u00e9trange dissension entre l\u2019imam de Badalabougou et le Ch\u00e9rif de Nioro&nbsp;?<\/em><\/strong><\/p>\n\n\n\n<p>\u00ab&nbsp;Je veux parler du Mali aujourd\u2019hui. Parler de cela aujourd\u2019hui pendant que le peuple malien pris en otage par de gouvernement arrogant, je dis bien arrogant&nbsp;! Et la Communaut\u00e9 Internationale, par leur orgueil pense que le peuple malien doit \u00eatre maintenu dans cette situation, mourir \u00e0 petit feu, assailli par la famine, par l\u2019ins\u00e9curit\u00e9, par le Djihadisme qu\u2019on n\u2019arrive pas \u00e0 contr\u00f4ler, qu\u2019on ne cherche pas \u00e0 solutionner\u2026.&nbsp;\u00bb, telle a \u00e9t\u00e9 la d\u00e9claration de l\u2019imam Dicko \u00e0 la 22<sup>\u00e8me<\/sup> \u00e9dition du&nbsp; Forum de Bamako dont les th\u00e8mes abord\u00e9s \u00e9taient la paix, le d\u00e9veloppement et le r\u00f4le de la femme. Cette r\u00e9action de l\u2019imam Dicko a fait un toll\u00e9 sur les r\u00e9seaux sociaux ainsi que dans les m\u00e9dias.<\/p>\n\n\n\n<p>Vingt-quatre heures apr\u00e8s, soit le vendredi 27 mai, au cours de son sermon \u00e0 l\u2019occasion de la pri\u00e8re du vendredi, le Cherif de Nioro,&nbsp; Mohamed Ould Cheikn\u00e8 Ahmed Hamaoulah Ha\u00efdara (Bouy\u00e9 Ha\u00efdara), a fait conna\u00eetre sa position envers la Transition. Une position qui se r\u00e9sume au renouvellement de son soutien au Colonel Assimi Go\u00efta et \u00e0 son gouvernement. Selon lui, partout dans le monde, les dirigeants se font toujours respecter \u00e0 travers les pouvoirs qu\u2019ils d\u00e9tiennent.<\/p>\n\n\n\n<p>\u00ab&nbsp;Aucun pays n\u2019aime \u00eatre humili\u00e9 ou vilipend\u00e9 par une autre puissance quelconque, quelle que soit la richesse ou la diplomatie de cette derni\u00e8re. &nbsp;Moi, Bouy\u00e9, ma position reste intacte face \u00e0 ces dirigeants tant qu\u2019ils continuent \u00e0 sauver l\u2019honneur et la dignit\u00e9 des Maliens. Nous avons \u00e9t\u00e9 humili\u00e9s aux yeux du monde entier \u00e0 travers nos propres dirigeants. Aujourd\u2019hui, notre pays connait un r\u00e9gime militaire qui donne un nouvel \u00e9lan et une nouvelle dignit\u00e9 \u00e0 son peuple. Raison pour laquelle je r\u00e9it\u00e8re, une fois de plus, mon soutien et mon accompagnement \u00e0 cette transition. Et je demande \u00e0 mes fid\u00e8les et sympathisants de soutenir cette transition&nbsp;\u00bb a \u00e9difi\u00e9 le fils du Saint Cheikn\u00e8 Hamaoulah.<\/p>\n\n\n\n<p>Ainsi, avec ces positions contradictoires, pouvons-nous parler de la rupture entre ces deux leaders&nbsp;? Etant donn\u00e9 qu\u2019ils nous ont habitu\u00e9s \u00e0 les voir sur une m\u00eame posture et \u00e0 tenir un m\u00eame langage. D\u2019ailleurs l\u2019Imam Dicko, dans un pass\u00e9 r\u00e9cent a publiquement affirm\u00e9 qu\u2019il ne fera rien sans au pr\u00e9alable consulter son p\u00e8re, le Cherif de Nioro. Oubien le fait d\u2019affirmer que la soci\u00e9t\u00e9 civile n\u2019existe plus, constitue une mani\u00e8re pour lui de laisser entendre qu\u2019il n\u2019y a plus de rep\u00e8re ni pour lui, encore moins les autorit\u00e9s de la transition.<\/p>\n\n\n\n<p>Ce qui reste \u00e9vident, ces deux leaders religieux qui ont pris l\u2019habitude \u00e0 se prononcer sur la vie de la nation, ne sont plus sur la m\u00eame longueur d\u2019onde.<\/p>\n\n\n\n<p><strong>Par Mariam Sissoko&nbsp;<\/strong><\/p>\n","protected":false},"excerpt":{"rendered":"<p>Le jeudi 26 mai dernier, lors de la 22\u00e8me \u00e9dition du Forum de Bamako, l\u2019imam Mahmoud Dicko a accus\u00e9 les Autorit\u00e9s de la Transition d\u2019arrogance et la Communaut\u00e9 Internationale d\u2019\u00eatre&hellip;<\/p>\n","protected":false},"author":1,"featured_media":6119,"comment_status":"open","ping_status":"closed","sticky":false,"template":"","format":"standard","meta":{"content-type":"","_lmt_disableupdate":"","_lmt_disable":"","_jetpack_memberships_contains_paid_content":false,"footnotes":"","jetpack_publicize_message":"","jetpack_publicize_feature_enabled":true,"jetpack_social_post_already_shared":true,"jetpack_social_options":{"image_generator_settings":{"template":"highway","default_image_id":0,"font":"","enabled":false},"version":2}},"categories":[67,21],"tags":[],"class_list":["post-6118","post","type-post","status-publish","format-standard","has-post-thumbnail","hentry","category-le-sursaut","category-societe"],"jetpack_publicize_connections":[],"featured_image_urls":{"full":"","thumbnail":"","medium":"","medium_large":"","large":"","1536x1536":"","2048x2048":"","penci-recipe-1200x1200":"","penci-recipe-1200x900":"","penci-recipe-1200x675":"","penci-single-full":"","penci-slider-full-thumb":"","penci-full-thumb":"","penci-slider-thumb":"","penci-magazine-slider":"","penci-thumb":"","penci-masonry-thumb":"","penci-thumb-square":"","penci-thumb-vertical":"","penci-thumb-small":""},"author_info":{"display_name":"Nandi","author_link":"https:\/\/nandi.info\/?author=1"},"category_info":"<a href=\"https:\/\/nandi.info\/?cat=67\" rel=\"category\">Le Sursaut<\/a> <a href=\"https:\/\/nandi.info\/?cat=21\" rel=\"category\">Soci\u00e9t\u00e9<\/a>","tag_info":"Soci\u00e9t\u00e9","comment_count":"0","jetpack_featured_media_url":"","jetpack_sharing_enabled":true,"_links":{"self":[{"href":"https:\/\/nandi.info\/index.php?rest_route=\/wp\/v2\/posts\/6118","targetHints":{"allow":["GET"]}}],"collection":[{"href":"https:\/\/nandi.info\/index.php?rest_route=\/wp\/v2\/posts"}],"about":[{"href":"https:\/\/nandi.info\/index.php?rest_route=\/wp\/v2\/types\/post"}],"author":[{"embeddable":true,"href":"https:\/\/nandi.info\/index.php?rest_route=\/wp\/v2\/users\/1"}],"replies":[{"embeddable":true,"href":"https:\/\/nandi.info\/index.php?rest_route=%2Fwp%2Fv2%2Fcomments&post=6118"}],"version-history":[{"count":0,"href":"https:\/\/nandi.info\/index.php?rest_route=\/wp\/v2\/posts\/6118\/revisions"}],"wp:featuredmedia":[{"embeddable":true,"href":"https:\/\/nandi.info\/index.php?rest_route=\/"}],"wp:attachment":[{"href":"https:\/\/nandi.info\/index.php?rest_route=%2Fwp%2Fv2%2Fmedia&parent=6118"}],"wp:term":[{"taxonomy":"category","embeddable":true,"href":"https:\/\/nandi.info\/index.php?rest_route=%2Fwp%2Fv2%2Fcategories&post=6118"},{"taxonomy":"post_tag","embeddable":true,"href":"https:\/\/nandi.info\/index.php?rest_route=%2Fwp%2Fv2%2Ftags&post=6118"}],"curies":[{"name":"wp","href":"https:\/\/api.w.org\/{rel}","templated":true}]}}