{"id":6107,"date":"2022-05-29T18:56:37","date_gmt":"2022-05-29T16:56:37","guid":{"rendered":"https:\/\/nandi.info\/?p=6107"},"modified":"2022-05-29T18:56:37","modified_gmt":"2022-05-29T16:56:37","slug":"amo-la-liste-des-medicaments-nest-pas-figee","status":"publish","type":"post","link":"https:\/\/nandi.info\/?p=6107","title":{"rendered":"AMO : \u00ab La liste des m\u00e9dicaments n\u2019est pas fig\u00e9e \u00bb"},"content":{"rendered":"\n<p><strong><em>Comme Amadou, certains citadins \u00ab&nbsp;trouvent aujourd\u2019hui moins int\u00e9ressante l\u2019Assurance Maladie obligatoire \u00e0 cause du retrait de plusieurs m\u00e9dicaments du panier de soins&nbsp;\u00bb. La ministre de la Sant\u00e9 et du D\u00e9veloppement social, Mme Di\u00e9minatou Sangar\u00e9, s\u2019est expliqu\u00e9e au cours d\u2019une interview, en d\u00e9but de semaine, sur la cha\u00eene nationale.<\/em><\/strong><\/p>\n\n\n\n<p class=\"has-drop-cap\">Mme Di\u00e9minatou Sangar\u00e9 a d\u2019abord rappel\u00e9 que l\u2019Assurance Maladie obligatoire (Amo) est avant tout un syst\u00e8me d\u2019assurance qui, aussi, a des r\u00e8gles. \u00ab&nbsp;<em>Nous avons des param\u00e8tres de r\u00e9gime. Et ce sont ces param\u00e8tres que nous mettons en \u0153uvre chaque fois pour donner des prestations, cotisations. C\u2019est qu\u2019on appelle panier de soin&nbsp;<\/em>\u00bb, a expliqu\u00e9 la ministre. C\u2019est en fonction de tous ces param\u00e8tres que tout cela est mis en \u0153uvre, \u00e0 l\u2019en croire. Les listes des m\u00e9dicaments sont issues d\u2019une s\u00e9rie de rencontres entre diff\u00e9rents acteurs de l\u2019Amo, selon Mme Di\u00e9minatou. Elle a rassur\u00e9 que \u00ab&nbsp;<em>chaque fois qu\u2019il y a besoin de r\u00e9viser le panier de l\u2019Assurance Maladie obligatoire, cela sera fait<\/em>&nbsp;\u00bb.<\/p>\n\n\n\n<p>Parmi les derniers textes qui sont en train d\u2019\u00eatre pass\u00e9s en revue pour le R\u00e9gime d\u2019Assurance Maladie universelle, il y a la question du panier de soin, la question du financement, et celle des organismes qui vont g\u00e9rer tout \u00e7a, a indiqu\u00e9 Mme la ministre.&nbsp;<em>\u00ab&nbsp;C\u2019est en perp\u00e9tuelle am\u00e9lioration, la liste n\u2019est pas fig\u00e9&nbsp;\u00bb<\/em>.<\/p>\n\n\n\n<p>G\u00e9r\u00e9 par la Caisse nationale de S\u00e9curit\u00e9 sociale, le R\u00e9gime d\u2019Assurance Maladie universelle (Ramu) est parmi l\u2019un des gros chantiers du d\u00e9partement de la sant\u00e9. Son op\u00e9rationnalisation, d\u00e9j\u00e0 en cours, va permettre \u00e0 tous les Maliens d\u2019avoir acc\u00e8s \u00e0 des soins de sant\u00e9, a dit Mme la ministre.<\/p>\n\n\n\n<p><strong>De soins gratuits pour 3 millions d\u2019indigents&nbsp;<\/strong><\/p>\n\n\n\n<p>En ce qui concerne le R\u00e9gime de&nbsp;l\u2019Assistance m\u00e9dicale (Ramed), l\u2019invit\u00e9e a \u00e9galement annonc\u00e9&nbsp; un ambitieux objectif d\u2019identification et d\u2019enr\u00f4lement de trois millions d\u2019indigents qui \u00ab&nbsp;vont b\u00e9n\u00e9ficier des soins de sant\u00e9 gratuits sur tout l\u2019\u00e9tendue du territoire&nbsp;\u00bb. Tout ceci sera effectif \u00e0 partir de 2022, aux dires de la ministre.<\/p>\n\n\n\n<p><strong>Kadiatou Mouyi Doumbia<\/strong><\/p>\n","protected":false},"excerpt":{"rendered":"<p>Comme Amadou, certains citadins \u00ab&nbsp;trouvent aujourd\u2019hui moins int\u00e9ressante l\u2019Assurance Maladie obligatoire \u00e0 cause du retrait de plusieurs m\u00e9dicaments du panier de soins&nbsp;\u00bb. La ministre de la Sant\u00e9 et du D\u00e9veloppement&hellip;<\/p>\n","protected":false},"author":1,"featured_media":6109,"comment_status":"open","ping_status":"closed","sticky":false,"template":"","format":"standard","meta":{"content-type":"","_lmt_disableupdate":"","_lmt_disable":"","_jetpack_memberships_contains_paid_content":false,"footnotes":"","jetpack_publicize_message":"","jetpack_publicize_feature_enabled":true,"jetpack_social_post_already_shared":true,"jetpack_social_options":{"image_generator_settings":{"template":"highway","default_image_id":0,"font":"","enabled":false},"version":2}},"categories":[33,24],"tags":[],"class_list":["post-6107","post","type-post","status-publish","format-standard","has-post-thumbnail","hentry","category-mali-tribune","category-sante"],"jetpack_publicize_connections":[],"featured_image_urls":{"full":"","thumbnail":"","medium":"","medium_large":"","large":"","1536x1536":"","2048x2048":"","penci-recipe-1200x1200":"","penci-recipe-1200x900":"","penci-recipe-1200x675":"","penci-single-full":"","penci-slider-full-thumb":"","penci-full-thumb":"","penci-slider-thumb":"","penci-magazine-slider":"","penci-thumb":"","penci-masonry-thumb":"","penci-thumb-square":"","penci-thumb-vertical":"","penci-thumb-small":""},"author_info":{"display_name":"Nandi","author_link":"https:\/\/nandi.info\/?author=1"},"category_info":"<a href=\"https:\/\/nandi.info\/?cat=33\" rel=\"category\">Mali Tribune<\/a> <a href=\"https:\/\/nandi.info\/?cat=24\" rel=\"category\">Sant\u00e9<\/a>","tag_info":"Sant\u00e9","comment_count":"0","jetpack_featured_media_url":"","jetpack_sharing_enabled":true,"_links":{"self":[{"href":"https:\/\/nandi.info\/index.php?rest_route=\/wp\/v2\/posts\/6107","targetHints":{"allow":["GET"]}}],"collection":[{"href":"https:\/\/nandi.info\/index.php?rest_route=\/wp\/v2\/posts"}],"about":[{"href":"https:\/\/nandi.info\/index.php?rest_route=\/wp\/v2\/types\/post"}],"author":[{"embeddable":true,"href":"https:\/\/nandi.info\/index.php?rest_route=\/wp\/v2\/users\/1"}],"replies":[{"embeddable":true,"href":"https:\/\/nandi.info\/index.php?rest_route=%2Fwp%2Fv2%2Fcomments&post=6107"}],"version-history":[{"count":0,"href":"https:\/\/nandi.info\/index.php?rest_route=\/wp\/v2\/posts\/6107\/revisions"}],"wp:featuredmedia":[{"embeddable":true,"href":"https:\/\/nandi.info\/index.php?rest_route=\/"}],"wp:attachment":[{"href":"https:\/\/nandi.info\/index.php?rest_route=%2Fwp%2Fv2%2Fmedia&parent=6107"}],"wp:term":[{"taxonomy":"category","embeddable":true,"href":"https:\/\/nandi.info\/index.php?rest_route=%2Fwp%2Fv2%2Fcategories&post=6107"},{"taxonomy":"post_tag","embeddable":true,"href":"https:\/\/nandi.info\/index.php?rest_route=%2Fwp%2Fv2%2Ftags&post=6107"}],"curies":[{"name":"wp","href":"https:\/\/api.w.org\/{rel}","templated":true}]}}