{"id":6065,"date":"2022-05-29T14:53:40","date_gmt":"2022-05-29T12:53:40","guid":{"rendered":"https:\/\/nandi.info\/?p=6065"},"modified":"2022-05-29T14:53:40","modified_gmt":"2022-05-29T12:53:40","slug":"mossa-ag-attaher-au-nouveau-selectionneur-des-aigles-du-mali-eric-sekou-chelle-je-veux-que-nous-prenionsla-revanche-sur-nos-echecs","status":"publish","type":"post","link":"https:\/\/nandi.info\/?p=6065","title":{"rendered":"Mossa Ag Attaher au nouveau s\u00e9lectionneur des aigles du Mali, \u00c9ric S\u00e9kou Chelle : \u201cJe veux que nous prenionsla revanche sur nos \u00e9checs\u2026\u201d"},"content":{"rendered":"\n<p><strong><em>Dans le cadre de sa visite de prise de contact avec les autorit\u00e9s sportives du pays, le nouveau s\u00e9lectionneur national des Aigles du Mali, \u00c9ric S\u00e9kou Chelle, a \u00e9t\u00e9 re\u00e7u le mardi 24 mai dernier par le ministre de la Jeunesse et des Sports, Charg\u00e9 de l\u2019Instruction Civique et de la Construction Citoyenne, Mossa Ag Attaher. Au cours de la rencontre, le Ministre a rappel\u00e9 le nouveau s\u00e9lectionneur national qu\u2019il constitue un espoir pour le football malien.&nbsp;&nbsp;&nbsp;&nbsp;<\/em><\/strong><\/p>\n\n\n\n<p class=\"has-drop-cap\">La rencontre \u00e9tait pr\u00e9sid\u00e9e par Mossa Ag Attaher, ministre de la Jeunesse et des Sports, Charg\u00e9 de l\u2019Instruction civique et de la Construction citoyenne, en pr\u00e9sence de Mamoutou Tour\u00e9 dit Bavieux, pr\u00e9sident de la F\u00e9d\u00e9ration malienne de football ; Eric S\u00e9kou Chelle, nouveau s\u00e9lectionneur des Aigles, ainsi que plusieurs membres du Cabinet du Ministre.<\/p>\n\n\n\n<p>Dans son intervention, le ministre Mossa Ag Attaher a indiqu\u00e9 qu\u2019aujourd\u2019hui est un jour particulier pour le football malien.&nbsp;<em>\u201cNous avons tout le plaisir de vous souhaiter la bienvenue au Mali. Je tiens \u00e0 vous dire qu\u2019aujourd\u2019hui vous constituez un espoir, nous avons v\u00e9cu des moments de joie et d\u2019espoir, mais un espoir non abouti. Nous exprimons nos v\u0153ux que les espoirs non aboutis puissent aboutir sous votre leadership et celui de la F\u00e9d\u00e9ration malienne de football. Il y a quelques ann\u00e9es, nous avons us\u00e9 de toutes nos forces et de tous nos moyens dans l\u2019espoir de faire du football le socle d\u2019une unit\u00e9 nationale attendue\u201d,<\/em>&nbsp;a-t-il expliqu\u00e9.<\/p>\n\n\n\n<p>Il a \u00e9galement pr\u00e9venu le nouveau s\u00e9lectionneur sur l\u2019espoir qui est plac\u00e9 en lui par les plus hautes autorit\u00e9s du pays.&nbsp;<em>\u201cLorsque le pr\u00e9sident de la F\u00e9d\u00e9ration nous a inform\u00e9s de votre choix et cela a \u00e9t\u00e9 une grande joie pour nous parce que tomber encore sur un s\u00e9lectionneur national malien dans le contexte actuel qui soit capable de nous donner cet espoir que vous venez de d\u00e9gager dans vos propos, c\u2019est d\u00e9j\u00e0 une victoire. Nous voulons prendre la revanche sur le sort. Je veux que nous prenions la revanche sur nos \u00e9checs. Je veux aussi que nous prenions la revanche sur les d\u00e9sespoirs ou le ressenti de l\u2019\u00e9chec\u201d<\/em>, dit-il, avant de rassurer le s\u00e9lectionneur national que son engagement aupr\u00e8s de l\u2019\u00e9quipe ne fera pas d\u00e9faut.<\/p>\n\n\n\n<p>Pour sa part, le pr\u00e9sident de la F\u00e9d\u00e9ration malienne de football a pr\u00e9cis\u00e9 que l\u2019\u00e9quipe nationale du Mali a toujours b\u00e9n\u00e9fici\u00e9 de l\u2019assistance des plus hautes autorit\u00e9s.&nbsp;<em>\u201cCertes, l\u2019espoir que nous avons nourri pour la CAN 2022 n\u2019a pas \u00e9t\u00e9 obtenu. Eric S\u00e9kou Chelle a jou\u00e9 en \u00e9quipe nationale du Mali, aujourd\u2019hui nous vous confions les r\u00eanes de cette \u00e9quipe parce que nous sommes dans un pays o\u00f9 la fiert\u00e9 nationale est notre socle. Nous voulons que cet amour et cet engagement dont vous avez fait \u00e9talage puissent se traduire par l\u2019impact positif que vous allez impr\u00e9gner \u00e0 cette \u00e9quipe afin de nous permettre d\u2019atteindre ce que nous n\u2019avons pas eu \u00e0 un moment donn\u00e9. Le peuple malien fonde beaucoup d\u2019espoir sur vous et les membres de la F\u00e9d\u00e9ration savent que vous pouvez r\u00e9ussir la mission\u201d<\/em>, a-t-il laiss\u00e9 \u00e9tendre.<\/p>\n\n\n\n<p>Le nouveau s\u00e9lectionneur se dit tr\u00e8s honor\u00e9 d\u2019\u00eatre re\u00e7u par le ministre de la Jeunesse et des Sports, charg\u00e9 de l\u2019Instruction civique et de la Construction citoyenne.&nbsp;<em>\u201cJe voudrais remercier le Ministre et le pr\u00e9sident de la F\u00e9mafoot pour la chance qui m\u2019a \u00e9t\u00e9 accord\u00e9e. Je sais qu\u2019il y a beaucoup d\u2019attente et je sais que je serai \u00e0 la hauteur de cette attente. Je viens avec beaucoup d\u2019humilit\u00e9 parce que je suis un Malien qui vient avec beaucoup d\u2019envie de travailler dur et avoir des r\u00e9sultats. D\u00e9j\u00e0, nous sommes en train de travailler sur les deux premi\u00e8res rencontres des \u00e9liminatoires de la CAN 2023. \u00c0 partir d\u2019aujourd\u2019hui, mes remerciements se feront par mes r\u00e9sultats\u201d<\/em>, a-t-il indiqu\u00e9.<\/p>\n\n\n\n<p><strong>&nbsp;&nbsp;&nbsp;&nbsp;&nbsp;&nbsp; Mahamadou TRAORE<\/strong><\/p>\n","protected":false},"excerpt":{"rendered":"<p>Dans le cadre de sa visite de prise de contact avec les autorit\u00e9s sportives du pays, le nouveau s\u00e9lectionneur national des Aigles du Mali, \u00c9ric S\u00e9kou Chelle, a \u00e9t\u00e9 re\u00e7u&hellip;<\/p>\n","protected":false},"author":1,"featured_media":6066,"comment_status":"open","ping_status":"closed","sticky":false,"template":"","format":"standard","meta":{"content-type":"","_lmt_disableupdate":"","_lmt_disable":"","_jetpack_memberships_contains_paid_content":false,"footnotes":"","jetpack_publicize_message":"","jetpack_publicize_feature_enabled":true,"jetpack_social_post_already_shared":true,"jetpack_social_options":{"image_generator_settings":{"template":"highway","default_image_id":0,"font":"","enabled":false},"version":2}},"categories":[19,6],"tags":[],"class_list":["post-6065","post","type-post","status-publish","format-standard","has-post-thumbnail","hentry","category-aujourdhui-mali","category-sports"],"jetpack_publicize_connections":[],"featured_image_urls":{"full":"","thumbnail":"","medium":"","medium_large":"","large":"","1536x1536":"","2048x2048":"","penci-recipe-1200x1200":"","penci-recipe-1200x900":"","penci-recipe-1200x675":"","penci-single-full":"","penci-slider-full-thumb":"","penci-full-thumb":"","penci-slider-thumb":"","penci-magazine-slider":"","penci-thumb":"","penci-masonry-thumb":"","penci-thumb-square":"","penci-thumb-vertical":"","penci-thumb-small":""},"author_info":{"display_name":"Nandi","author_link":"https:\/\/nandi.info\/?author=1"},"category_info":"<a href=\"https:\/\/nandi.info\/?cat=19\" rel=\"category\">Aujourd\u2019hui Mali<\/a> <a href=\"https:\/\/nandi.info\/?cat=6\" rel=\"category\">Sports<\/a>","tag_info":"Sports","comment_count":"0","jetpack_featured_media_url":"","jetpack_sharing_enabled":true,"_links":{"self":[{"href":"https:\/\/nandi.info\/index.php?rest_route=\/wp\/v2\/posts\/6065","targetHints":{"allow":["GET"]}}],"collection":[{"href":"https:\/\/nandi.info\/index.php?rest_route=\/wp\/v2\/posts"}],"about":[{"href":"https:\/\/nandi.info\/index.php?rest_route=\/wp\/v2\/types\/post"}],"author":[{"embeddable":true,"href":"https:\/\/nandi.info\/index.php?rest_route=\/wp\/v2\/users\/1"}],"replies":[{"embeddable":true,"href":"https:\/\/nandi.info\/index.php?rest_route=%2Fwp%2Fv2%2Fcomments&post=6065"}],"version-history":[{"count":0,"href":"https:\/\/nandi.info\/index.php?rest_route=\/wp\/v2\/posts\/6065\/revisions"}],"wp:featuredmedia":[{"embeddable":true,"href":"https:\/\/nandi.info\/index.php?rest_route=\/"}],"wp:attachment":[{"href":"https:\/\/nandi.info\/index.php?rest_route=%2Fwp%2Fv2%2Fmedia&parent=6065"}],"wp:term":[{"taxonomy":"category","embeddable":true,"href":"https:\/\/nandi.info\/index.php?rest_route=%2Fwp%2Fv2%2Fcategories&post=6065"},{"taxonomy":"post_tag","embeddable":true,"href":"https:\/\/nandi.info\/index.php?rest_route=%2Fwp%2Fv2%2Ftags&post=6065"}],"curies":[{"name":"wp","href":"https:\/\/api.w.org\/{rel}","templated":true}]}}