{"id":5965,"date":"2022-05-26T13:25:04","date_gmt":"2022-05-26T11:25:04","guid":{"rendered":"https:\/\/nandi.info\/?p=5965"},"modified":"2022-05-26T13:25:04","modified_gmt":"2022-05-26T11:25:04","slug":"liste-aigles-un-local-et-le-retour-de-koita","status":"publish","type":"post","link":"https:\/\/nandi.info\/?p=5965","title":{"rendered":"Liste Aigles : Un local et le retour de Ko\u00efta"},"content":{"rendered":"\n<p><strong><em>En marge de sa premi\u00e8re conf\u00e9rence de presse, \u00c9ric S\u00e9kou Chelle a d\u00e9voil\u00e9 le vendredi la liste des 25 joueurs convoqu\u00e9s pour les 2 premi\u00e8res journ\u00e9es \u00e9liminatoires de la Can 2023.<\/em><\/strong><\/p>\n\n\n\n<p class=\"has-drop-cap\">Cette premi\u00e8re liste du tout nouveau s\u00e9lectionneur des Aigles comporte 2 faits marquants. Il s\u2019agit de la pr\u00e9sence d\u2019un joueur local et du retour d\u2019un absent de tr\u00e8s longue date. Soci\u00e9taire du Djoliba AC, le buteur Hamidou Sinayoko est le seul joueur de la liste \u00e9voluant au pays. Quant \u00e0 S\u00e9kou Ko\u00efta, il signe son grand retour apr\u00e8s plusieurs mois d\u2019absence pour raison de blessure qui l\u2019avait m\u00eame contraint \u00e0 mettre une croix sur la Can pass\u00e9e. Pour le reste, c\u2019est pratiquement du classique m\u00eame si les deux Doucour\u00e9 (Abdoulaye d\u2019Everton et Cheick de Lens) ne sont pas \u00e0 100 % selon les explications du coach.&nbsp;<em>\u00ab&nbsp;Cheick Doucour\u00e9 est en pleine r\u00e9flexion sur son avenir (il doit quitter son club). Quant \u00e0 Abdoulaye, il a \u00e9t\u00e9 mis sous injection par son club pour jouer le maintien. Moi, j\u2019ai besoin des joueurs qui sont pr\u00eats \u00e0 100% pour nos deux matches&nbsp;\u00bb<\/em>, a-t-il dit.<\/p>\n\n\n\n<p>Oppos\u00e9 au Congo le 4 juin prochain \u00e0 Bamako et au Soudan du Sud le 9 juin, le Mali entame son regroupement le 30 mai \u00e0 Bamako o\u00f9 l\u2019\u00e9quipe sera log\u00e9e \u00e0 l\u2019h\u00f4tel de l\u2019Amiti\u00e9.<\/p>\n\n\n\n<p><strong>Liste des 25 joueurs convoqu\u00e9s&nbsp;:<\/strong><\/p>\n\n\n\n<p>GARDIENS (3):<\/p>\n\n\n\n<p>Ibrahim Bosso Mounkoro (TP Mazembe, R.D Congo)<\/p>\n\n\n\n<p>Isma\u00ebl Diarra Diawara (Malm\u00f4, Su\u00e8de)<\/p>\n\n\n\n<p>Djigui Diarra (Young African, Tanzanie)<\/p>\n\n\n\n<p><strong>DEFENSEURS (8):<\/strong><\/p>\n\n\n\n<p>Hamari Traor\u00e9 (Rennes, France)<\/p>\n\n\n\n<p>Almamy Tour\u00e9 (Frankfort, Allemagne)<\/p>\n\n\n\n<p>Massadio Ha\u00efdara (Lens, France)<\/p>\n\n\n\n<p>Amadou Dant\u00e9 (Sturm Graz, Autriche)<\/p>\n\n\n\n<p>Mamadou Fofana (Amiens, France)<\/p>\n\n\n\n<p>Boubacar Kiki Kouyat\u00e9 (FC Metz, France)<\/p>\n\n\n\n<p>Moussa Sissako (Standard de Li\u00e8ge, Belgique)<\/p>\n\n\n\n<p>Falaye Sacko (Saint-Etienne, France)<\/p>\n\n\n\n<p><strong>MILIEUX (6):<\/strong><\/p>\n\n\n\n<p>Diadi\u00e9 Samass\u00e9kou (Hoffenheim, Allemagne)<\/p>\n\n\n\n<p>Mohamed Camara (Red Bull Salzburg, Autriche)<\/p>\n\n\n\n<p>Aliou Dieng (Al Ahly, Egypte)<\/p>\n\n\n\n<p>Yves Bissouma (Brighton, Angleterre)<\/p>\n\n\n\n<p>Amadou Ha\u00efdara (R.B Leipzig, Allemagne)<\/p>\n\n\n\n<p>Lassana Coulibaly (Salernitana, Italie)<\/p>\n\n\n\n<p><strong>ATTAQUANTS (8):<\/strong><\/p>\n\n\n\n<p>Moussa Djenepo (Southampton, Angleterre)<\/p>\n\n\n\n<p>Adama Traor\u00e9 (Scherrif Tiraspol, Moldavie)<\/p>\n\n\n\n<p>Abdoulaye Diaby (Al Jazira, \u00c9mirats Arabes Unis)<\/p>\n\n\n\n<p>Ibrahima Kon\u00e9 (Lorient, France)<\/p>\n\n\n\n<p>S\u00e9kou Ko\u00efta (Red Bull Salzburg, Autriche)<\/p>\n\n\n\n<p>El Bilal Tour\u00e9 (Reims, France)<\/p>\n\n\n\n<p>Kalifa Coulibaly (FC Nantes, France)<\/p>\n\n\n\n<p>Hamidou Sinayoko (Djoliba AC, Mali)<\/p>\n\n\n\n<p>xxxxx<\/p>\n\n\n\n<p><\/p>\n\n\n\n<h2 class=\"wp-block-heading\"><strong>ERIC SEKOU CHELLE<\/strong> : <strong>Au secours de Dj\u00e9n\u00e9po<\/strong><\/h2>\n\n\n\n<p><strong><em>En manque de temps de jeu avec Southampton, la convocation de Moussa Dj\u00e9n\u00e9po n\u2019a pas manqu\u00e9 de faire couler beaucoup d\u2019encre et de salive. Interrog\u00e9 sur le sujet, Eric S\u00e9kou Chelle a mis en avant sa strat\u00e9gie de jeu pour justifier le choix de l\u2019ancien joueur du Yeleen Olympique de Bamako.<\/em><\/strong><\/p>\n\n\n\n<p>Jadis chouchou du public pour sa vivacit\u00e9 et son jeu de passement de jambes, Moussa Dj\u00e9n\u00e9po enfile pr\u00e9sentement le costume de paria dans le Nid des Aigles \u00e0 tel point que des voix s\u2019\u00e9l\u00e8vent contre sa convocation. D\u00e9j\u00e0 peu efficace lors d\u2019une Can rat\u00e9e au Cameroun, Moussa n\u2019\u00e9tait plus ce titulaire indiscutable dans son club qui le convoquent m\u00eame rarement pour ses derniers matches de championnat anglais. Dans cette travers\u00e9e du d\u00e9sert, il vient d\u2019\u00eatre s\u00e9lectionn\u00e9 par Eric S\u00e9kou Chelle pour les deux premi\u00e8res journ\u00e9es \u00e9liminatoires de la Can C\u00f4te d\u2019Ivoire 2023. Pour le technicien malien, le choix va au-del\u00e0 de la forme du moment du joueur. A entendre le s\u00e9lectionneur parler, le joueur peut compenser sa m\u00e9forme de l\u2019heure par sa qualit\u00e9 technique.<\/p>\n\n\n\n<p><em>\u00ab&nbsp;Moussa et Ko\u00efta ont cette qualit\u00e9 de niveau mondial de pouvoir \u00e9liminer l\u2019adversaire dans une cabine de t\u00e9l\u00e9phone. Ils ont la capacit\u00e9 \u00e0 se projeter dans la profondeur que \u00e7a soit avec ou sans le ballon&nbsp;\u00bb<\/em>, a justifi\u00e9 le s\u00e9lectionneur des Aigles qui compte mettre beaucoup d\u2019intensit\u00e9 dans son \u00e9quipe avec un jeu port\u00e9 sur l\u2019offensive.<\/p>\n\n\n\n<p>Comme pour donner raison \u00e0 son entra\u00eeneur, e<em>ntr\u00e9 en cours jeu, S\u00e9kou Ko\u00efta, \u00e0 peine revenu<\/em>&nbsp;de blessure, a permis au Red Bull Salzbourg d\u2019\u00e9galiser le but de Flagenfurt dans le temps additionnel (93+3, 1 -1) pour le compte de la 32<sup>e<\/sup>&nbsp;journ\u00e9e du championnat.<\/p>\n\n\n\n<p>Si S\u00e9kou a justifi\u00e9 la confiance plac\u00e9e en lui, la balle est d\u00e9sormais dans le camp de Dj\u00e9n\u00e9po qui sera certainement tr\u00e8s attendu \u00e0 Bamako le 4 juin contre le Congo.<\/p>\n\n\n\n<p><strong>Alassane Cissouma<\/strong><\/p>\n","protected":false},"excerpt":{"rendered":"<p>En marge de sa premi\u00e8re conf\u00e9rence de presse, \u00c9ric S\u00e9kou Chelle a d\u00e9voil\u00e9 le vendredi la liste des 25 joueurs convoqu\u00e9s pour les 2 premi\u00e8res journ\u00e9es \u00e9liminatoires de la Can&hellip;<\/p>\n","protected":false},"author":1,"featured_media":5966,"comment_status":"open","ping_status":"closed","sticky":false,"template":"","format":"standard","meta":{"content-type":"","_lmt_disableupdate":"","_lmt_disable":"","_jetpack_memberships_contains_paid_content":false,"footnotes":"","jetpack_publicize_message":"","jetpack_publicize_feature_enabled":true,"jetpack_social_post_already_shared":true,"jetpack_social_options":{"image_generator_settings":{"template":"highway","default_image_id":0,"font":"","enabled":false},"version":2}},"categories":[33,6],"tags":[],"class_list":["post-5965","post","type-post","status-publish","format-standard","has-post-thumbnail","hentry","category-mali-tribune","category-sports"],"jetpack_publicize_connections":[],"featured_image_urls":{"full":"","thumbnail":"","medium":"","medium_large":"","large":"","1536x1536":"","2048x2048":"","penci-recipe-1200x1200":"","penci-recipe-1200x900":"","penci-recipe-1200x675":"","penci-single-full":"","penci-slider-full-thumb":"","penci-full-thumb":"","penci-slider-thumb":"","penci-magazine-slider":"","penci-thumb":"","penci-masonry-thumb":"","penci-thumb-square":"","penci-thumb-vertical":"","penci-thumb-small":""},"author_info":{"display_name":"Nandi","author_link":"https:\/\/nandi.info\/?author=1"},"category_info":"<a href=\"https:\/\/nandi.info\/?cat=33\" rel=\"category\">Mali Tribune<\/a> <a href=\"https:\/\/nandi.info\/?cat=6\" rel=\"category\">Sports<\/a>","tag_info":"Sports","comment_count":"0","jetpack_featured_media_url":"","jetpack_sharing_enabled":true,"_links":{"self":[{"href":"https:\/\/nandi.info\/index.php?rest_route=\/wp\/v2\/posts\/5965","targetHints":{"allow":["GET"]}}],"collection":[{"href":"https:\/\/nandi.info\/index.php?rest_route=\/wp\/v2\/posts"}],"about":[{"href":"https:\/\/nandi.info\/index.php?rest_route=\/wp\/v2\/types\/post"}],"author":[{"embeddable":true,"href":"https:\/\/nandi.info\/index.php?rest_route=\/wp\/v2\/users\/1"}],"replies":[{"embeddable":true,"href":"https:\/\/nandi.info\/index.php?rest_route=%2Fwp%2Fv2%2Fcomments&post=5965"}],"version-history":[{"count":0,"href":"https:\/\/nandi.info\/index.php?rest_route=\/wp\/v2\/posts\/5965\/revisions"}],"wp:featuredmedia":[{"embeddable":true,"href":"https:\/\/nandi.info\/index.php?rest_route=\/"}],"wp:attachment":[{"href":"https:\/\/nandi.info\/index.php?rest_route=%2Fwp%2Fv2%2Fmedia&parent=5965"}],"wp:term":[{"taxonomy":"category","embeddable":true,"href":"https:\/\/nandi.info\/index.php?rest_route=%2Fwp%2Fv2%2Fcategories&post=5965"},{"taxonomy":"post_tag","embeddable":true,"href":"https:\/\/nandi.info\/index.php?rest_route=%2Fwp%2Fv2%2Ftags&post=5965"}],"curies":[{"name":"wp","href":"https:\/\/api.w.org\/{rel}","templated":true}]}}