{"id":5962,"date":"2022-05-26T13:17:12","date_gmt":"2022-05-26T11:17:12","guid":{"rendered":"https:\/\/nandi.info\/?p=5962"},"modified":"2022-05-26T13:17:12","modified_gmt":"2022-05-26T11:17:12","slug":"contentieux-post-electoral-au-cmc-ousmane-babalaye-daou-signe-la-paix-des-braves","status":"publish","type":"post","link":"https:\/\/nandi.info\/?p=5962","title":{"rendered":"Contentieux post-electoral au CMC : Ousmane Babalaye Daou signe la paix des braves"},"content":{"rendered":"\n<p><strong><em>Le pr\u00e9sident sortant du Conseil malien des Chargeurs (CMC), Ousmane Babalaye Daou, sursois \u00e0 la longue proc\u00e9dure judiciaire en cours contre le candidat de la liste A, Bourama Monkoro survenue \u00e0 l\u2019issue de l\u2019\u00e9lection consulaire du 30 octobre 2022. Une fum\u00e9e blanche sort d\u00e9sormais du CMC.<\/em><\/strong><\/p>\n\n\n\n<p class=\"has-drop-cap\">Cette d\u00e9cision de Babalaye Daou que beaucoup qualifient de \u00ab&nbsp;patriotique&nbsp;\u00bb et \u00ab&nbsp;historique&nbsp;\u00bb dans les annales du monde des affaires malien, a \u00e9t\u00e9 prise le jeudi 19 mai. Pour en arriver l\u00e0, M. Daou a \u00e9cout\u00e9 la voie de la raison et non celle de son c\u0153ur.&nbsp;<em>\u00ab&nbsp;C\u2019est une d\u00e9cision personnelle que j\u2019ai prise apr\u00e8s concertation avec les membres de mon bureau, des proches et d\u2019autres camarades commer\u00e7ants. Surtout l\u2019appel \u00e0 la coh\u00e9sion des plus hautes autorit\u00e9s, la gestion de l\u2019apr\u00e8s embargo tr\u00e8s importante pour notre secteur presque \u00e0 l\u2019agonie, ont \u00e9t\u00e9 d\u00e9terminants dans ma prise de d\u00e9cision&nbsp;\u00bb<\/em>, a t\u00e9moign\u00e9 le d\u00e9sormais ancien pr\u00e9sident du CMC. Pour lui, il fallait&nbsp;<em>\u00ab&nbsp;s\u2019effacer, oublier ses int\u00e9r\u00eats personnels au profit de l\u2019int\u00e9r\u00eat sup\u00e9rieur de l\u2019Etat qui traverse des moments difficiles&nbsp;\u00bb<\/em>.<\/p>\n\n\n\n<p>Le successeur d\u2019Amadou Djigu\u00e9 (paix \u00e0 son \u00e2me), premier pr\u00e9sident du CMC cr\u00e9\u00e9 en 2004 et qui a pr\u00e9sid\u00e9 ses destin\u00e9es pendant deux mandats cons\u00e9cutifs participe ainsi en sa mani\u00e8re \u00e0 l\u2019apaisement du climat social. Ce geste para\u00eet peu surprenant pour celui qui connait ce sexag\u00e9naire qui a \u00e9crit les plus belles pages du CMC log\u00e9 dans du neuf (construction d\u2019un si\u00e8ge en R+3 sur fonds propres), dot\u00e9 de visibilit\u00e9 dont le nom r\u00e9sonne dans les rencontres internationales comme \u00e9tant une r\u00e9f\u00e9rence mondiale \u00e0 travers l\u2019approvisionnement du pays pour relever le d\u00e9fi de l\u2019enclavement. Avec son expertise av\u00e9r\u00e9e, Babalaye Daou peut encore rendre d\u2019immenses services \u00e0 l\u2019Etat quelles que soient les responsabilit\u00e9s \u00e0 lui confi\u00e9es. Il a \u00e9volu\u00e9 toute sa vie durant dans le n\u00e9goce et dirige depuis plus de trente ans sa propre soci\u00e9t\u00e9 de tierce d\u00e9tention et d\u2019agro-business.<\/p>\n\n\n\n<p>Babalaye Daou \u00e9tait oppos\u00e9 au candidat de la liste A, Bourama Mounkoro \u00e0 l\u2019\u00e9lection consulaire des membres du bureau de Bamako. Ce scrutin \u00e0 l\u2019issue duquel la liste de Bourama Mounkoro \u00e9lue a \u00e9t\u00e9 mise en cause par M. Daou sur la base de diff\u00e9rentes irr\u00e9gularit\u00e9s mat\u00e9rielles. Ce litige, qui a fait le tour du tribunal administratif, la Cour d\u2019Appel et la Cour supr\u00eame a emp\u00each\u00e9 la mise en place du nouveau bureau du CMC. Ce vide juridique a abouti \u00e0 la mise en place d\u2019une administration provisoire le 10 novembre pour six mois. Celle-ci a \u00e9puis\u00e9 son mandat dont la prorogation est en cours.<\/p>\n\n\n\n<p>Selon le d\u00e9cret n\u00b099-426\/P-RM du 29 d\u00e9cembre 1999 portant cr\u00e9ation du CMC, le bureau consulaire du CMC est compos\u00e9 des membres consulaires \u00e9lus avec r\u00e9sidence \u00e0 Bamako. Ce qui sous-entend que l\u00e9galement, rien ne s\u2019oppose \u00e0 la mise en place du nouveau bureau apr\u00e8s l\u2019arr\u00eat de proc\u00e9dure judiciaire de M. Daou. Cependant, les contentieux non vid\u00e9s \u00e0 Kayes et S\u00e9gou demeurent les seules entraves. Pour cause, le ministre de l\u2019Equipement et des Infrastructures, Madina Sissoko, voudrait attendre la fin de tous les litiges. C\u2019est pourquoi il \u00e9tait question ces derniers jours, de proroger le mandat de l\u2019administration provisoire. Qu\u2019adviendra-t-il&nbsp;? Wait and see.<\/p>\n\n\n\n<p><strong>Abdrahamane Dicko<\/strong><\/p>\n","protected":false},"excerpt":{"rendered":"<p>Le pr\u00e9sident sortant du Conseil malien des Chargeurs (CMC), Ousmane Babalaye Daou, sursois \u00e0 la longue proc\u00e9dure judiciaire en cours contre le candidat de la liste A, Bourama Monkoro survenue&hellip;<\/p>\n","protected":false},"author":1,"featured_media":5963,"comment_status":"open","ping_status":"closed","sticky":false,"template":"","format":"standard","meta":{"content-type":"","_lmt_disableupdate":"","_lmt_disable":"","_jetpack_memberships_contains_paid_content":false,"footnotes":"","jetpack_publicize_message":"","jetpack_publicize_feature_enabled":true,"jetpack_social_post_already_shared":true,"jetpack_social_options":{"image_generator_settings":{"template":"highway","default_image_id":0,"font":"","enabled":false},"version":2}},"categories":[30,33,62],"tags":[],"class_list":["post-5962","post","type-post","status-publish","format-standard","has-post-thumbnail","hentry","category-economie","category-mali-tribune","category-transport"],"jetpack_publicize_connections":[],"featured_image_urls":{"full":"","thumbnail":"","medium":"","medium_large":"","large":"","1536x1536":"","2048x2048":"","penci-recipe-1200x1200":"","penci-recipe-1200x900":"","penci-recipe-1200x675":"","penci-single-full":"","penci-slider-full-thumb":"","penci-full-thumb":"","penci-slider-thumb":"","penci-magazine-slider":"","penci-thumb":"","penci-masonry-thumb":"","penci-thumb-square":"","penci-thumb-vertical":"","penci-thumb-small":""},"author_info":{"display_name":"Nandi","author_link":"https:\/\/nandi.info\/?author=1"},"category_info":"<a href=\"https:\/\/nandi.info\/?cat=30\" rel=\"category\">Economie<\/a> <a href=\"https:\/\/nandi.info\/?cat=33\" rel=\"category\">Mali Tribune<\/a> <a href=\"https:\/\/nandi.info\/?cat=62\" rel=\"category\">Transport<\/a>","tag_info":"Transport","comment_count":"0","jetpack_featured_media_url":"","jetpack_sharing_enabled":true,"_links":{"self":[{"href":"https:\/\/nandi.info\/index.php?rest_route=\/wp\/v2\/posts\/5962","targetHints":{"allow":["GET"]}}],"collection":[{"href":"https:\/\/nandi.info\/index.php?rest_route=\/wp\/v2\/posts"}],"about":[{"href":"https:\/\/nandi.info\/index.php?rest_route=\/wp\/v2\/types\/post"}],"author":[{"embeddable":true,"href":"https:\/\/nandi.info\/index.php?rest_route=\/wp\/v2\/users\/1"}],"replies":[{"embeddable":true,"href":"https:\/\/nandi.info\/index.php?rest_route=%2Fwp%2Fv2%2Fcomments&post=5962"}],"version-history":[{"count":0,"href":"https:\/\/nandi.info\/index.php?rest_route=\/wp\/v2\/posts\/5962\/revisions"}],"wp:featuredmedia":[{"embeddable":true,"href":"https:\/\/nandi.info\/index.php?rest_route=\/"}],"wp:attachment":[{"href":"https:\/\/nandi.info\/index.php?rest_route=%2Fwp%2Fv2%2Fmedia&parent=5962"}],"wp:term":[{"taxonomy":"category","embeddable":true,"href":"https:\/\/nandi.info\/index.php?rest_route=%2Fwp%2Fv2%2Fcategories&post=5962"},{"taxonomy":"post_tag","embeddable":true,"href":"https:\/\/nandi.info\/index.php?rest_route=%2Fwp%2Fv2%2Ftags&post=5962"}],"curies":[{"name":"wp","href":"https:\/\/api.w.org\/{rel}","templated":true}]}}