{"id":5938,"date":"2022-05-24T15:04:36","date_gmt":"2022-05-24T13:04:36","guid":{"rendered":"https:\/\/nandi.info\/?p=5938"},"modified":"2022-05-24T15:04:36","modified_gmt":"2022-05-24T13:04:36","slug":"enquete-dopinion-de-mali-metre-un-pied-de-nez-a-la-presse-ecrite-malienne","status":"publish","type":"post","link":"https:\/\/nandi.info\/?p=5938","title":{"rendered":"Enqu\u00eate d\u2019opinion de Mali-M\u00e8tre : Un pied de nez \u00e0 la presse \u00e9crite malienne !"},"content":{"rendered":"\n<p><strong><em>L\u2019Organisation Politique allemande Friedrich Ebert Stiftung-Mali a mis \u00e0 la disposition du grand public le rapport de son enqu\u00eate d\u2019opinion Mali-M\u00e8tre \u00ab&nbsp;Que pensent les maliens (nes)&nbsp;?&nbsp;\u00bb le jeudi 19 mai 2022. Dans ce document, c\u2019est indiqu\u00e9 que les principales sources d\u2019informations de la population malienne sur l\u2019actualit\u00e9 sont la radio, la t\u00e9l\u00e9, Facebook, les sites internet de m\u00eame que le \u2018\u2019 bouche \u00e0 oreille\u2019\u2019. A la grande surprise de tous, la \u00e9crite presse s\u2019en sort avec 0%. Pourquoi&nbsp;?&nbsp; si l\u2019on sait qu\u2019il est admis que la plupart de ces canaux d\u2019informations, surtout la radio et les sites internet ont comme principale source d\u2019information la presse \u00e9crite.<\/em><\/strong><\/p>\n\n\n\n<p class=\"has-drop-cap\">Mali-M\u00e8tre est le titre donn\u00e9 \u00e0 l\u00b4enqu\u00eate d\u00b4opinion politique que la Fondation Friedrich Ebert Stiftung (FES) conduit au Mali depuis 2012. Il est \u00e0 sa 13<sup>\u00e8me<\/sup>&nbsp;\u00e9dition&nbsp; marquant ses 10 ans d\u2019existence. Il s\u2019agissait de recueillir les opinions des Maliennes et des Maliens sur les diff\u00e9rentes questions marquantes de l\u2019actualit\u00e9 ou d\u00e9cisives pour le pr\u00e9sent et le futur du pays.<\/p>\n\n\n\n<p>Ainsi, sur les r\u00e9seaux sociaux on pouvait lire comme r\u00e9sultat de cette enqu\u00eate d\u2019opinion de la FES,&nbsp; au titre des principales sources d\u2019informations de la population malienne sur l\u2019actualit\u00e9&nbsp;: la radio, la t\u00e9l\u00e9, le r\u00e9seau social Facebook, les sites internet et&nbsp;&nbsp; le bouche \u00e0 oreille. Une enqu\u00eate indiquant que ce sont 38% des Maliens qui disent \u00e9couter la radio,&nbsp; 27% la T\u00e9l\u00e9vision, 11% Facebook, 8% les sites internet, enfin 8% par bouche \u00e0 oreille. Le hic dans tout cela rel\u00e8ve du fait que la presse \u00e9crite \u00e9tant la pionni\u00e8re des medias ne s\u2019en est sortie qu\u2019avec 0% de taux d\u2019audience.<\/p>\n\n\n\n<p>Ce moyen d\u2019information est-il si m\u00e9connu dans notre pays&nbsp;? Les Maliens sont-ils d\u00e9sint\u00e9ress\u00e9s \u00e0 la lecture \u00e0 telle enseigne&nbsp;?<\/p>\n\n\n\n<p>La r\u00e9ponse \u00e0 ces questions suscite d\u2019autres questions relatives m\u00eame \u00e0 la cr\u00e9dibilit\u00e9 de cette enqu\u00eate et par ricochet de celle de la Fondation Friedrich Ebert Stiftung (FES) dans notre pays. A savoir&nbsp;: ladite enqu\u00eate a-t-elle touch\u00e9 une brochette vari\u00e9e de toutes les couches de la soci\u00e9t\u00e9&nbsp;? Comment un cadre de l\u2019administration peut-il affimer de n\u2019avoir jamais lu un journal comme source d\u2019information&nbsp;? Quel est le dessein de cette Fondation&nbsp;? Ridiculiser la presse \u00e9crite malienne&nbsp;?<\/p>\n\n\n\n<p>Sans quoi, il est inadmissible d\u2019admettre qu\u2019aucun Malien ne se sert de la presse \u00e9crite comme source d\u2019information. Et c\u2019est ce que cette enqu\u00eate veut faire savoir, en attribuant 0% \u00e0 ce medium. Certes la presse \u00e9crite malienne, \u00e0 l\u2019instar de celle de tous les pays du monde est confront\u00e9 \u00e0 des difficult\u00e9s relatives au succ\u00e8s fulgurant des nouveaux m\u00e9dias digitalis\u00e9s, mais elle reste parmi les sources d\u2019information les plus cr\u00e9dibles de la majorit\u00e9 de la population. Il revient aux initiateurs de \u2018\u2019Malim\u00e8tre\u2019\u2019 \u00e0 mettre des millilitres d\u2019eau dans leur vin. Le d\u00e9clin de la presse \u00e9crite malienne n\u2019est pas pour demain.<\/p>\n\n\n\n<p><strong>Par Mariam Sissoko<\/strong><\/p>\n","protected":false},"excerpt":{"rendered":"<p>L\u2019Organisation Politique allemande Friedrich Ebert Stiftung-Mali a mis \u00e0 la disposition du grand public le rapport de son enqu\u00eate d\u2019opinion Mali-M\u00e8tre \u00ab&nbsp;Que pensent les maliens (nes)&nbsp;?&nbsp;\u00bb le jeudi 19 mai&hellip;<\/p>\n","protected":false},"author":1,"featured_media":5484,"comment_status":"open","ping_status":"closed","sticky":false,"template":"","format":"standard","meta":{"content-type":"","_lmt_disableupdate":"","_lmt_disable":"","_jetpack_memberships_contains_paid_content":false,"footnotes":"","jetpack_publicize_message":"","jetpack_publicize_feature_enabled":true,"jetpack_social_post_already_shared":true,"jetpack_social_options":{"image_generator_settings":{"template":"highway","default_image_id":0,"font":"","enabled":false},"version":2}},"categories":[67,26],"tags":[],"class_list":["post-5938","post","type-post","status-publish","format-standard","has-post-thumbnail","hentry","category-le-sursaut","category-presse-journalisme"],"jetpack_publicize_connections":[],"featured_image_urls":{"full":"","thumbnail":"","medium":"","medium_large":"","large":"","1536x1536":"","2048x2048":"","penci-recipe-1200x1200":"","penci-recipe-1200x900":"","penci-recipe-1200x675":"","penci-single-full":"","penci-slider-full-thumb":"","penci-full-thumb":"","penci-slider-thumb":"","penci-magazine-slider":"","penci-thumb":"","penci-masonry-thumb":"","penci-thumb-square":"","penci-thumb-vertical":"","penci-thumb-small":""},"author_info":{"display_name":"Nandi","author_link":"https:\/\/nandi.info\/?author=1"},"category_info":"<a href=\"https:\/\/nandi.info\/?cat=67\" rel=\"category\">Le Sursaut<\/a> <a href=\"https:\/\/nandi.info\/?cat=26\" rel=\"category\">Presse\/Journalisme<\/a>","tag_info":"Presse\/Journalisme","comment_count":"0","jetpack_featured_media_url":"","jetpack_sharing_enabled":true,"_links":{"self":[{"href":"https:\/\/nandi.info\/index.php?rest_route=\/wp\/v2\/posts\/5938","targetHints":{"allow":["GET"]}}],"collection":[{"href":"https:\/\/nandi.info\/index.php?rest_route=\/wp\/v2\/posts"}],"about":[{"href":"https:\/\/nandi.info\/index.php?rest_route=\/wp\/v2\/types\/post"}],"author":[{"embeddable":true,"href":"https:\/\/nandi.info\/index.php?rest_route=\/wp\/v2\/users\/1"}],"replies":[{"embeddable":true,"href":"https:\/\/nandi.info\/index.php?rest_route=%2Fwp%2Fv2%2Fcomments&post=5938"}],"version-history":[{"count":0,"href":"https:\/\/nandi.info\/index.php?rest_route=\/wp\/v2\/posts\/5938\/revisions"}],"wp:featuredmedia":[{"embeddable":true,"href":"https:\/\/nandi.info\/index.php?rest_route=\/"}],"wp:attachment":[{"href":"https:\/\/nandi.info\/index.php?rest_route=%2Fwp%2Fv2%2Fmedia&parent=5938"}],"wp:term":[{"taxonomy":"category","embeddable":true,"href":"https:\/\/nandi.info\/index.php?rest_route=%2Fwp%2Fv2%2Fcategories&post=5938"},{"taxonomy":"post_tag","embeddable":true,"href":"https:\/\/nandi.info\/index.php?rest_route=%2Fwp%2Fv2%2Ftags&post=5938"}],"curies":[{"name":"wp","href":"https:\/\/api.w.org\/{rel}","templated":true}]}}