{"id":5935,"date":"2022-05-24T14:32:08","date_gmt":"2022-05-24T12:32:08","guid":{"rendered":"https:\/\/nandi.info\/?p=5935"},"modified":"2022-05-24T14:32:08","modified_gmt":"2022-05-24T12:32:08","slug":"24-mai-2021-24-mai-2022-le-visage-du-mali-sous-assimi-goita","status":"publish","type":"post","link":"https:\/\/nandi.info\/?p=5935","title":{"rendered":"24 mai 2021-24 mai 2022 : Le visage du Mali sous Assimi Go\u00efta"},"content":{"rendered":"\n<p class=\"has-drop-cap\">24 mai 2021-24 mai 2022. Cela fait un an que le colonel Assimi Go\u00efta dirige la transition malienne apr\u00e8s avoir mis \u00e0 l\u2019\u00e9cart le Pr\u00e9sident Bah N\u2019daw et son Premier ministre Moctar Ouane. Durant, bien que le tout n\u2019a pas \u00e9t\u00e9 parfait, les lignes ont beaucoup boug\u00e9 et les Maliens, dans leur majorit\u00e9, se retrouvent dans le Mali tant r\u00eav\u00e9. La mont\u00e9e en puissance de l\u2019arm\u00e9e avec des victoires \u00e9crasantes contre les forces du mal, la restauration de la dignit\u00e9 des Maliens et de la souverainet\u00e9 du Mali, l\u2019avanc\u00e9e dans la lutte contre l\u2019impunit\u00e9 et la d\u00e9linquance financi\u00e8re, une diplomatique dynamique\u2026Ce sont, entre autres, les marques de la gouvernance du colonel-Pr\u00e9sident.<\/p>\n\n\n\n<p>Le colonel Assimi Go\u00efta sur les traces de Modibo Ke\u00efta. Telle est la lecture de millions de Maliens. Leurs arguments : la restauration de la souverainet\u00e9 du Mali et de la dignit\u00e9 des Maliens.<\/p>\n\n\n\n<p>En effet, depuis son arriv\u00e9e \u00e0 la t\u00eate du Mali, le colonel Assimi Go\u00efta travaille \u00e0 la restauration de la souverainet\u00e9 du Mali, perdue depuis tr\u00e8s longtemps \u00e0 cause de certains dirigeants qui ne se sont pas assum\u00e9s. Le Mali sous Assimi Go\u00efta a \u00e9t\u00e9 diff\u00e9rent. Tout a commenc\u00e9 avec le discours du Premier ministre, Dr Choguel Kokalla Ma\u00efga, \u00e0 la tribune des Nations unies dans lequel il a accus\u00e9 la France d\u2019avoir \u00ab abandonn\u00e9 le Mali en plein vol \u00bb.<\/p>\n\n\n\n<p>Depuis ce discours, les relations entre le Mali et la France se sont fragilis\u00e9es. La France qui se croyait ma\u00eetre sur terre, n\u2019a pas su dig\u00e9rer cette sortie d\u2019un Premier ministre malien contre elle. Pourtant, les Maliens dans leur majorit\u00e9, se sont reconnus dans ce discours et l\u2019ont accueilli avec fiert\u00e9.<\/p>\n\n\n\n<p>Au-del\u00e0 de cette sortie du Premier ministre, les autorit\u00e9s maliennes ont d\u00e9cid\u00e9, en toute responsabilit\u00e9, de diversifier les partenaires du Mali dans le cadre de la lutte contre le terrorisme. Sur cette question aussi, le chantage, les campagnes m\u00e9diatiques, le Mali n\u2019a pas pli\u00e9. Et c\u2019est gr\u00e2ce \u00e0 cette diversification des partenaires que les forces arm\u00e9es maliennes montent en puissance. Aussi, faut-il rappeler l\u2019expulsion du repr\u00e9sentant de la CEDEAO au Mali, de l\u2019ambassadeur de la France, de la demande du retrait des forces Barkhane et Takuba du Mali, et r\u00e9cemment du retrait du Mali des organes et instances, y compris la force conjointe du G5-sahel. Aujourd\u2019hui, gr\u00e2ce \u00e0 la restauration de la souverainet\u00e9, les Maliens sont respect\u00e9s partout \u00e0 travers le Mali. C\u2019est d\u2019ailleurs ce qu\u2019a t\u00e9moign\u00e9 un magistrat de retour de Tunis o\u00f9 il \u00e9tait all\u00e9 pour le congr\u00e8s du groupe r\u00e9gional africain des Magistrats. \u00ab En Tunisie la d\u00e9l\u00e9gation malienne a ravi la vedette \u00e0 tous. Mon Pr\u00e9sident et moi avions \u00e9t\u00e9 accueillis en h\u00e9ros comme si c\u2019\u00e9tait nous qui avions personnellement cr\u00e9\u00e9s les conditions du Malikura. Les coll\u00e8gues accouraient de toutes parts, comme si c\u2019\u00e9tait un d\u00e9fi pour chacun, de nous embrasser en premier. A notre contact, certains ont m\u00eame vers\u00e9 de chaudes larmes. Tous, nous notifiaient avec une fiert\u00e9 indescriptible leurs sentiments africains devant ce qu\u2019ils appellent la nouvelle ind\u00e9pendance africaine port\u00e9e par le Mali. Pour dire vrai, je vous avoue qu\u2019un moment donn\u00e9 j\u2019\u00e9tais perdu entre le sentiment de joie qui me traversait le corps, le sentiment d\u2019amour pour mon peuple et son pays mais aussi une dose de peur tant le d\u00e9fi est immense, celui de porter d\u00e9sormais toute l\u2019Afrique et m\u00eame au-del\u00e0 des c\u00f4tes africaines, tous les peuples brim\u00e9s \u00bb , a-t-il t\u00e9moign\u00e9 avant d\u2019ajouter : \u00abCe que j\u2019ai v\u00e9cu m\u2019oblige et doit obliger d\u00e9sormais tous les maliens \u00e0 redoubler d\u2019efforts sachant que tous les changements s\u2019\u00e9taient op\u00e9r\u00e9s dans la douleur. Que ceux qui dorment se r\u00e9veillent, un tant soit peu. Que ceux qui en ont le moyen fassent un petit voyage \u00e0 l\u2019ext\u00e9rieur pour appr\u00e9cier cet \u00e9v\u00e9nement puisqu\u2019il est attribu\u00e9 \u00e0 tous les maliens en cette qualit\u00e9 \u00bb.<\/p>\n\n\n\n<p><strong>La mont\u00e9e en puissance de l\u2019arm\u00e9e<\/strong><\/p>\n\n\n\n<p>La mont\u00e9e en puissance de l\u2019arm\u00e9e malienne est connue et f\u00e9licit\u00e9e par tous. \u00ab En effet, en 9 mois, notre arm\u00e9e qui \u00e9tait la ris\u00e9e du continent est devenue une arm\u00e9e digne du nom. La mont\u00e9e en puissance de l\u2019arm\u00e9e malienne est d\u00e9sormais une r\u00e9alit\u00e9 qui s\u2019impose chaque jour. Seules d\u00e9sormais les forces arm\u00e9es maliennes, les braves et h\u00e9ro\u00efques FAMa \u00e9cument le territoire national, du nord au sud, d\u2019est en ouest, pour d\u00e9busquer l\u2019ennemi et le traquer jusque dans ses derniers retranchements. Notre pays a regagn\u00e9 sa souverainet\u00e9. Aujourd\u2019hui, notre arm\u00e9e peut intervenir \u00e0 tous les points du territoire national sans avoir besoin de l\u2019autorisation de quelque puissance que ce soit. La souverainet\u00e9 et la s\u00e9curit\u00e9 avancent progressivement et s\u2019instaurent sur l\u2019ensemble du territoire national \u00bb, a d\u00e9clar\u00e9 le Premier ministre dans son discours o\u00f9 il a annonc\u00e9 l\u2019\u00e9mission Mali kura taa sira. Selon lui, \u00ab l\u2019arm\u00e9e est la colonne vert\u00e9brale de la Nation. Il n\u2019est point exag\u00e9r\u00e9 de dire aujourd\u2019hui que les FAMAs sont notre fiert\u00e9 et notre atout-ma\u00eetre dans le processus de renaissance du MALI-KURA et de redressement de notre \u00c9tat \u00bb. Selon le document d\u2019\u00e9valuation du bilan du gouvernement fait du \u00ab renforcement des capacit\u00e9s de nos forces arm\u00e9es et de s\u00e9curit\u00e9 \u00e0 travers le recrutement de 6 000 \u00e9l\u00e9ments, l\u2019acquisition de 9 a\u00e9ronefs et la remise en op\u00e9ration de plusieurs autres, la mise en place de 18 \u00ab bulles de s\u00e9curit\u00e9 \u00bb, la r\u00e9alisation de Il 500 patrouilles de s\u00e9curit\u00e9 visant \u00e0 rechercher et \u00e0 d\u00e9truire les forces ennemies, \u00e0 rassurer les populations et \u00e0 marquer la pr\u00e9sence de l\u2019\u00c9tat. Aussi, la construction et l\u2019op\u00e9rationnalisation de 43 postes de s\u00e9curit\u00e9 (l Poste Frontalier de Benena, 41 Postes de s\u00e9curit\u00e9 \u00e0 Bamako, I Poste de s\u00e9curit\u00e9 de Koulikoro \u2013 Tanabougou), et la construction de 26 unit\u00e9s de s\u00e9curit\u00e9 (13 Commissariats, 3 Brigades, 3 P DSG, 2 Centres de Secours, I Poste de Secours Routier, 2 Pelotons de la Garde, I L\u00e9gion de gendarmerie, I Groupement de la Garde) ont \u00e9t\u00e9 effectu\u00e9es \u00bb. Ce n\u2019est pas tout, \u00ab il faudrait aussi capitaliser le renforcement des effectifs des forces paramilitaires avec le recrutement de 4 250 agents (3 250 au compte de la Police nationale et 1 000 pour la Protection civile), et l\u2019acquisition de 52 ambulances type V\u00e9hicule de secours et d\u2019assistance aux Asphyxi\u00e9s et Bless\u00e9s (VSAB) et d\u2019autres mat\u00e9riels et \u00e9quipements majeurs pour les forces de d\u00e9fense et de s\u00e9curit\u00e9. Nous enregistrons \u00e9galement des actions de renforcement du cursus de formation \u00e0 savoir, l\u2019ouverture de l\u2019\u00c9cole de Guerre du Mali (EGM) el la r\u00e9ouverture de l\u2019\u00c9cole Militaire d\u2019Administration le I er octobre 2021, apr\u00e8s deux (02) ans de fermeture \u00bb.<\/p>\n\n\n\n<p>Selon ledit document, \u00e0 ces r\u00e9sultats s\u2019ajoute la lib\u00e9ration de certaines zones qui ajoute que concernant le d\u00e9sarmement, la dissolution et le recrutement sp\u00e9cial des groupes d\u2019autod\u00e9fense, il y\u2019a eu le recrutement sp\u00e9cial de 2 481 ex-combattants issus des Groupes d\u2019autod\u00e9fense.<\/p>\n\n\n\n<p><strong>Lutte contre la corruption et l\u2019impunit\u00e9<\/strong><\/p>\n\n\n\n<p>En mati\u00e8re de lutte contre l\u2019impunit\u00e9, le Gouvernement sous Assimi Go\u00efta, est d\u00e9termin\u00e9 \u00e0 mener sans faiblesse ni \u00e9tat d\u2019\u00e2mes, la lutte contre l\u2019impunit\u00e9 et la corruption dans notre pays, selon le Premier ministre. Selon lui, plusieurs audits ont \u00e9t\u00e9 r\u00e9alis\u00e9s d\u00e9j\u00e0 et transmis aux plus Hautes Autorit\u00e9s. Il s\u2019agit, entre autres, de l\u2019audit des d\u00e9penses li\u00e9es \u00e0 la LPSI (Loi de programmation de la s\u00e9curit\u00e9 int\u00e9rieure) et au Fonds Covid, l\u2019audit de la cession des b\u00e2timents publics \u00e0 Bamako, l\u2019audit de certaines institutions de la R\u00e9publique (Assembl\u00e9e Nationale, Haut Conseil des Collectivit\u00e9s, Haute Cour de Justice), l\u2019audit de certains organismes personnalis\u00e9s et autorit\u00e9s administratives ind\u00e9pendantes (AGEFAU, AMRTP, ANGESEM (Agence nationale de gestion des stations d\u2019\u00e9puration du Mali). Quant aux audits du cadastre minier, de certains grands programmes\/projets nationaux, et l\u2019\u00e9valuation de la LOPM, ils sont cours, a assur\u00e9 le Premier ministre.<\/p>\n\n\n\n<p>Le chef du gouvernement a aussi \u00e9voqu\u00e9 l\u2019ouverture et la poursuite des actions judiciaires dans les dossiers, objets des rapports de contr\u00f4le du Bureau du V\u00e9rificateur G\u00e9n\u00e9ral et des autres organismes de contr\u00f4le de l\u2019\u00c9tat. Ainsi, il importe de pr\u00e9ciser que les poursuites judiciaires relatives aux dossiers d\u2019armement et aux enqu\u00eates sur les tueries et exactions des 10, 11 et 12 juillet 2020 \u00e0 Sikasso, Kayes et Bamako sont en cours de traitement dans les juridictions comp\u00e9tentes. Aussi, selon le Premier ministre, les enqu\u00eates concernant les tueries de Ogossagou I et II ont \u00e9t\u00e9 instruits et cl\u00f4tur\u00e9s. Le dossier de Sobane Da est en instruction.<\/p>\n\n\n\n<p>Il faut rappeler que 5 mois apr\u00e8s, l\u2019embargo \u00e9conomique et financier de la CEDEAO, le Mali s\u2019est tenu d\u00e9bout.<br><br><strong>Boureima Guindo<\/strong><\/p>\n\n\n\n<p>\u00a0<\/p>\n","protected":false},"excerpt":{"rendered":"<p>24 mai 2021-24 mai 2022. Cela fait un an que le colonel Assimi Go\u00efta dirige la transition malienne apr\u00e8s avoir mis \u00e0 l\u2019\u00e9cart le Pr\u00e9sident Bah N\u2019daw et son Premier&hellip;<\/p>\n","protected":false},"author":1,"featured_media":5936,"comment_status":"open","ping_status":"closed","sticky":false,"template":"","format":"standard","meta":{"content-type":"","_lmt_disableupdate":"","_lmt_disable":"","_jetpack_memberships_contains_paid_content":false,"footnotes":"","jetpack_publicize_message":"","jetpack_publicize_feature_enabled":true,"jetpack_social_post_already_shared":true,"jetpack_social_options":{"image_generator_settings":{"template":"highway","default_image_id":0,"font":"","enabled":false},"version":2}},"categories":[71,21],"tags":[],"class_list":["post-5935","post","type-post","status-publish","format-standard","has-post-thumbnail","hentry","category-le-pays","category-societe"],"jetpack_publicize_connections":[],"featured_image_urls":{"full":"","thumbnail":"","medium":"","medium_large":"","large":"","1536x1536":"","2048x2048":"","penci-recipe-1200x1200":"","penci-recipe-1200x900":"","penci-recipe-1200x675":"","penci-single-full":"","penci-slider-full-thumb":"","penci-full-thumb":"","penci-slider-thumb":"","penci-magazine-slider":"","penci-thumb":"","penci-masonry-thumb":"","penci-thumb-square":"","penci-thumb-vertical":"","penci-thumb-small":""},"author_info":{"display_name":"Nandi","author_link":"https:\/\/nandi.info\/?author=1"},"category_info":"<a href=\"https:\/\/nandi.info\/?cat=71\" rel=\"category\">Le Pays<\/a> <a href=\"https:\/\/nandi.info\/?cat=21\" rel=\"category\">Soci\u00e9t\u00e9<\/a>","tag_info":"Soci\u00e9t\u00e9","comment_count":"0","jetpack_featured_media_url":"","jetpack_sharing_enabled":true,"_links":{"self":[{"href":"https:\/\/nandi.info\/index.php?rest_route=\/wp\/v2\/posts\/5935","targetHints":{"allow":["GET"]}}],"collection":[{"href":"https:\/\/nandi.info\/index.php?rest_route=\/wp\/v2\/posts"}],"about":[{"href":"https:\/\/nandi.info\/index.php?rest_route=\/wp\/v2\/types\/post"}],"author":[{"embeddable":true,"href":"https:\/\/nandi.info\/index.php?rest_route=\/wp\/v2\/users\/1"}],"replies":[{"embeddable":true,"href":"https:\/\/nandi.info\/index.php?rest_route=%2Fwp%2Fv2%2Fcomments&post=5935"}],"version-history":[{"count":0,"href":"https:\/\/nandi.info\/index.php?rest_route=\/wp\/v2\/posts\/5935\/revisions"}],"wp:featuredmedia":[{"embeddable":true,"href":"https:\/\/nandi.info\/index.php?rest_route=\/"}],"wp:attachment":[{"href":"https:\/\/nandi.info\/index.php?rest_route=%2Fwp%2Fv2%2Fmedia&parent=5935"}],"wp:term":[{"taxonomy":"category","embeddable":true,"href":"https:\/\/nandi.info\/index.php?rest_route=%2Fwp%2Fv2%2Fcategories&post=5935"},{"taxonomy":"post_tag","embeddable":true,"href":"https:\/\/nandi.info\/index.php?rest_route=%2Fwp%2Fv2%2Ftags&post=5935"}],"curies":[{"name":"wp","href":"https:\/\/api.w.org\/{rel}","templated":true}]}}