{"id":5930,"date":"2022-05-23T13:41:00","date_gmt":"2022-05-23T11:41:00","guid":{"rendered":"https:\/\/nandi.info\/?p=5930"},"modified":"2022-05-23T13:41:00","modified_gmt":"2022-05-23T11:41:00","slug":"blocage-dans-la-levee-des-sanctions-de-la-cedeao-contre-le-mali-la-balle-est-desormais-dans-le-camp-dassimi-goita","status":"publish","type":"post","link":"https:\/\/nandi.info\/?p=5930","title":{"rendered":"Blocage dans la lev\u00e9e des sanctions de la CEDEAO contre le Mali : La balle est d\u00e9sormais dans le camp d\u2019Assimi Go\u00efta"},"content":{"rendered":"\n<p><strong><em>Le Mali est sous \u00ab&nbsp;l\u2019ill\u00e9gitime, l\u2019ill\u00e9gal et l\u2019inhumain&nbsp;\u00bb embargo depuis le 9 janvier 2022 et cela, apr\u00e8s le refus des autorit\u00e9s de la transition de proposer un d\u00e9lai raisonnable \u00e0 l\u2019organisation sous r\u00e9gionale. Malgr\u00e9 le soutien populaire au r\u00e9gime transitoire malien, en d\u00e9pit de la victoire aupr\u00e8s de la Cour de justice de l\u2019UEMOA, intimant \u00e0 l\u2019institution de lever tout blocus financier sur les avoirs maliens dans les banques, la CEDEAO a oppos\u00e9 un niet cat\u00e9gorique. Pire elle s\u2019est montr\u00e9e intraitable pour &nbsp;une proposition de d\u00e9lai raisonnable \u00e0 la transition malienne. En effet, face \u00e0 des sanctions de plus en plus intenables et si tant est que les autorit\u00e9s de la transition se battent pour le bien \u00eatre de leur peuple, le Colonel Assimi Go\u00efta, sur les \u00e9paules de qui tous les espoirs se reposent, doit se montrer tr\u00e8s flexible en acceptant la proposition de la CEDEAO. Le Pr\u00e9sident de la transition va-t-il enfin se r\u00e9soudre \u00e0 \u00e9crire, sinon parachever sa page d\u2019histoire du Mali&nbsp;contemporain ? Mesure-t-il d\u00e9j\u00e0 les cons\u00e9quences \u00e0 court, moyen et long terme de son ent\u00eatement &nbsp;qui pourrait compromettre dangereusement &nbsp;l\u2019avenir du Mali&nbsp;?<\/em><\/strong><\/p>\n\n\n\n<p class=\"has-drop-cap\">Les maliens sont v\u00e9ritablement \u00e0 bout de souffle et osent esp\u00e9rer que ces n\u00e9gociations et autres m\u00e9diations qui ont \u00e9t\u00e9 entam\u00e9es \u00e0 l\u2019endroit de la CEDEAO vont \u00eatre celles de la derni\u00e8re chance pour la lev\u00e9e des sanctions contre le Mali<em>.&nbsp;<\/em>Le Colonel Assimi Go\u00efta, pr\u00e9sident de la transition et son premier ministre Choguel K Maiga, passent aujourd\u2019hui pour \u00eatre les deux responsables du blocage. Les deux principales t\u00eates de l\u2019ex\u00e9cutif et &nbsp;principaux artisans&nbsp; de cette crise, hier adul\u00e9s, voire v\u00e9n\u00e9r\u00e9s par une frange importante du peuple, sont aujourd\u2019hui vus comme des bourreaux, tant la crise malienne a caus\u00e9 et cause encore des d\u00e9g\u00e2ts incommensurables. Tous les tissus qu\u2019ils soient social ou \u00e9conomique sont en lambeaux et les maliens ne tiennent que par orgueil et par patriotisme. Cela durera pour combien de temps, sachant bien que ventre vide n\u2019a point d\u2019oreille ?&nbsp; Cette question s\u2019adresse au Pr\u00e9sident de la Transition en tant que premier responsable du pays. Il est \u00e9galement le premier des maliens par son poste donc \u00e0 chaque fois que le pays connait une menace et surtout une crise sociopolitique, il est le premier responsable ne serait-ce que moralement. Aujourd\u2019hui tous les regards sont tourn\u00e9s vers lui pour qu\u2019il fasse preuve de sagesse en faisant beaucoup de concessions pour le Mali qui fait face aujourd\u2019hui \u00e0 une gravissime crise.<\/p>\n\n\n\n<p><strong><em>Le Pr\u00e9sident de la transition va-t-il enfin se r\u00e9soudre \u00e0 \u00e9crire, voire parachever sa page de l\u2019histoire du Mali&nbsp;contemporain ?<\/em><\/strong><\/p>\n\n\n\n<p>Assimi Go\u00efta doit enfin se r\u00e9soudre \u00e0 \u00e9crire une page de l\u2019histoire contemporaine du Mali, il faut plut\u00f4t dire parachever sa page, qui est pleine d\u2019\u00e9v\u00e9nements \u00e0 la fois riches et d\u00e9bordants. Il serait dit dans l\u2019histoire que c\u2019est sous le Colonel Assimi Go\u00efta que la France a \u00e9t\u00e9 chass\u00e9e du Mali et que le pays de Modibo Keita a \u00e9galement d\u00e9cid\u00e9 de rompre avec une bonne partie de la communaut\u00e9 internationale. En effet, si cette page est glorieuse pour certains, car la France condescendante, n\u00e9ocoloniale, pr\u00e9datrice et m\u00e9prisante a \u00e9t\u00e9 mise \u00e0 la porte, elle ne peut qu\u2019\u00eatre noire pour d\u2019autres eu \u00e9gard aux angoissantes cons\u00e9quences des actes pos\u00e9s et qui compromettent dangereusement l\u2019avenir du Mali. Le Mali est isol\u00e9 sur la sc\u00e8ne internationale il revient d\u00e9sormais \u00e0 Assimi Go\u00efta d\u2019all\u00e9ger la souffrance du peuple. La balle est dans le camp du Pr\u00e9sident de la Transition afin qu\u2019il pose l\u2019acte salutaire pouvant permettre \u00e0 la CEDEAO de lever les sanctions sur le Mali. Il a le moyen, il lui suffit d\u2019avoir la volont\u00e9 et de mesurer les cons\u00e9quences pour qu\u2019il agisse vite et bien, au grand bonheur du r\u00e9silient peuple malien.<\/p>\n\n\n\n<p><strong><em>Mesure-t-il d\u00e9j\u00e0 les cons\u00e9quences \u00e0 court, moyen et long terme de son ent\u00eatement &nbsp;qui pourrait compromettre dangereusement&nbsp; l\u2019avenir du Mali&nbsp;?<\/em><\/strong><\/p>\n\n\n\n<p>Si tant est qu\u2019Assimi Go\u00efta mesurait les cons\u00e9quences de son ent\u00eatement \u00e0 vouloir trop tirer sur la corde avec la CEDEAO, il n\u2019allait pas trainer les pieds avant de d\u00e9cider de trouver un compromis avec l\u2019organisation sous r\u00e9gionale afin que les sanctions soient lev\u00e9es. Il doit comprendre qu\u2019il s\u2019agit de l\u2019avenir du Mali et pour \u00e7a aucun sacrifice ne devrait \u00eatre de trop. Le Mali souffre et les maliens aussi. Un jour de plus sous sanctions est un jour de trop, donc Assimi doit comprendre cela et l\u00e2cher du lest en acceptant la proposition de la CEDEAO.<\/p>\n\n\n\n<p>En somme, la balle reste toujours dans le camp du Pr\u00e9sident de la transition, en tant que p\u00e8re de la nation. Un seul geste de sa part d\u00e9bloquerait la situation et redonnerait du sourire \u00e0 des millions de maliens qui ne savent plus \u00e0 quel saint se vouer.<\/p>\n\n\n\n<p><strong>Youssouf Sissoko<\/strong><\/p>\n\n\n\n<p><\/p>\n","protected":false},"excerpt":{"rendered":"<p>Le Mali est sous \u00ab&nbsp;l\u2019ill\u00e9gitime, l\u2019ill\u00e9gal et l\u2019inhumain&nbsp;\u00bb embargo depuis le 9 janvier 2022 et cela, apr\u00e8s le refus des autorit\u00e9s de la transition de proposer un d\u00e9lai raisonnable \u00e0&hellip;<\/p>\n","protected":false},"author":1,"featured_media":0,"comment_status":"open","ping_status":"closed","sticky":false,"template":"","format":"standard","meta":{"content-type":"","_lmt_disableupdate":"","_lmt_disable":"","_jetpack_memberships_contains_paid_content":false,"footnotes":"","jetpack_publicize_message":"","jetpack_publicize_feature_enabled":true,"jetpack_social_post_already_shared":true,"jetpack_social_options":{"image_generator_settings":{"template":"highway","default_image_id":0,"font":"","enabled":false},"version":2}},"categories":[46,68,23],"tags":[],"class_list":["post-5930","post","type-post","status-publish","format-standard","hentry","category-cedeao","category-lalternance","category-politique"],"jetpack_publicize_connections":[],"featured_image_urls":{"full":"","thumbnail":"","medium":"","medium_large":"","large":"","1536x1536":"","2048x2048":"","penci-recipe-1200x1200":"","penci-recipe-1200x900":"","penci-recipe-1200x675":"","penci-single-full":"","penci-slider-full-thumb":"","penci-full-thumb":"","penci-slider-thumb":"","penci-magazine-slider":"","penci-thumb":"","penci-masonry-thumb":"","penci-thumb-square":"","penci-thumb-vertical":"","penci-thumb-small":""},"author_info":{"display_name":"Nandi","author_link":"https:\/\/nandi.info\/?author=1"},"category_info":"<a href=\"https:\/\/nandi.info\/?cat=46\" rel=\"category\">CEDEAO<\/a> <a href=\"https:\/\/nandi.info\/?cat=68\" rel=\"category\">L'alternance<\/a> <a href=\"https:\/\/nandi.info\/?cat=23\" rel=\"category\">Politique<\/a>","tag_info":"Politique","comment_count":"0","jetpack_featured_media_url":"","jetpack_sharing_enabled":true,"_links":{"self":[{"href":"https:\/\/nandi.info\/index.php?rest_route=\/wp\/v2\/posts\/5930","targetHints":{"allow":["GET"]}}],"collection":[{"href":"https:\/\/nandi.info\/index.php?rest_route=\/wp\/v2\/posts"}],"about":[{"href":"https:\/\/nandi.info\/index.php?rest_route=\/wp\/v2\/types\/post"}],"author":[{"embeddable":true,"href":"https:\/\/nandi.info\/index.php?rest_route=\/wp\/v2\/users\/1"}],"replies":[{"embeddable":true,"href":"https:\/\/nandi.info\/index.php?rest_route=%2Fwp%2Fv2%2Fcomments&post=5930"}],"version-history":[{"count":0,"href":"https:\/\/nandi.info\/index.php?rest_route=\/wp\/v2\/posts\/5930\/revisions"}],"wp:attachment":[{"href":"https:\/\/nandi.info\/index.php?rest_route=%2Fwp%2Fv2%2Fmedia&parent=5930"}],"wp:term":[{"taxonomy":"category","embeddable":true,"href":"https:\/\/nandi.info\/index.php?rest_route=%2Fwp%2Fv2%2Fcategories&post=5930"},{"taxonomy":"post_tag","embeddable":true,"href":"https:\/\/nandi.info\/index.php?rest_route=%2Fwp%2Fv2%2Ftags&post=5930"}],"curies":[{"name":"wp","href":"https:\/\/api.w.org\/{rel}","templated":true}]}}