{"id":5898,"date":"2022-05-23T18:04:58","date_gmt":"2022-05-23T16:04:58","guid":{"rendered":"https:\/\/nandi.info\/?p=5898"},"modified":"2022-05-23T18:04:58","modified_gmt":"2022-05-23T16:04:58","slug":"apres-la-demission-de-son-president-lassep-en-quete-dun-nouveau-souffle","status":"publish","type":"post","link":"https:\/\/nandi.info\/?p=5898","title":{"rendered":"Apr\u00e8s la d\u00e9mission de son Pr\u00e9sident : L\u2019ASSEP en qu\u00eate d\u2019un nouveau souffle !"},"content":{"rendered":"\n<p><em><strong>A son si\u00e8ge, sis \u00e0 l\u2019ACI 2000, l\u2019Association des Editeurs de Presse Priv\u00e9e (ASSEP), sous l\u2019\u00e9gide de son pr\u00e9sident par int\u00e9rim Boubacar Kant\u00e9, a organis\u00e9 samedi, une assembl\u00e9e g\u00e9n\u00e9rale d\u2019information \u00e0 l\u2019intention de ses membres. Il s\u2019agissait d\u2019\u00e9changer sur les d\u00e9fis de l\u2019heure de cette fa\u00eeti\u00e8re&nbsp;historique de la presse malienne convenir sur comment la redonner un nouveau souffle apr\u00e8s la d\u00e9mission de son pr\u00e9sident \u00e9lu, Bassidiki Tour\u00e9. Cette assembl\u00e9e a regroup\u00e9 une cinquantaine de directeurs de publication<\/strong><\/em><em>.<\/em><\/p>\n\n\n\n<p class=\"has-drop-cap\">A quelques mois de la fin de son mandat, Bassidiki Tour\u00e9, le pr\u00e9sident de l\u2019Association des Editeurs de Presse Priv\u00e9e (ASSEP) a d\u00e9missionn\u00e9 de toutes les instances de la presse malienne, afin de mieux mener jusqu\u2019au bout sa lutte dans l\u2019acquisition de la v\u00e9rit\u00e9 au processus de d\u00e9signation des membres de la HAC (Haute Autorit\u00e9 de la Communication). Une d\u00e9mission que le bureau de l\u2019ASSEP a act\u00e9, au cours de sa r\u00e9union d\u2019urgence du 5 mai, avant de donner mandat au 1<sup>er<\/sup>&nbsp;vice-pr\u00e9sident, Boubacar Kant\u00e9 d\u2019assurer l\u2019int\u00e9rim, conform\u00e9ment aux textes de l\u2019association. Une quinzaine de jours apr\u00e8s cette d\u00e9cision, le bureau de l\u2019ASSEP a donc d\u00e9cid\u00e9 de convoquer les mandants (Directeurs de publication et \u00e9diteurs de presse) en assembl\u00e9e g\u00e9n\u00e9rale afin de partager les informations et d\u2019\u00e9changer pour une orientation propice \u00e0 la prise en compte des pr\u00e9occupations communes. Tout cela, dans le but d\u2019amorcer un v\u00e9ritable processus de redynamisation de cette faiti\u00e8re de la presse \u00e9crite priv\u00e9e du Mali.<\/p>\n\n\n\n<p>Au cours de cette assembl\u00e9e g\u00e9n\u00e9rale d\u2019information, le pr\u00e9sident par int\u00e9rim de l\u2019ASSEP, entour\u00e9 de ses coll\u00e8gues membres du bureau, a remerci\u00e9 les patrons de presse d\u2019avoir r\u00e9pondu \u00e0 son appel pour cette assembl\u00e9e g\u00e9n\u00e9rale. Une pr\u00e9sence massive, qui selon&nbsp; lui, constituera un gage important pour recueillir des propositions pertinentes pour la bonne conduite de l\u2019ASSEP.<\/p>\n\n\n\n<p>Avant d\u2019\u00e9voquer l\u2019ordre du jour, Boubacar Kant\u00e9 a tenu \u00e0 faire un \u00e9tat des lieux de la vie de&nbsp; l\u2019association dont il assure la pr\u00e9sidence par int\u00e9rim. Selon lui, l\u2019ASSEP est confront\u00e9e \u00e0 de nombreuses difficult\u00e9s li\u00e9es \u00e0 sa survie. Au nombre desquelles, il a parl\u00e9 entre autres, des charges de fonctionnement du si\u00e8ge, la tenue du salaire mensuel du personnel d\u2019appui et d\u2019autres questions relatives \u00e0 la mise en \u0153uvre du plan d\u2019actions de l\u2019association. Des difficult\u00e9s qui an\u00e9antissent le bon fonctionnement de leur si\u00e8ge. Selon toujours le pr\u00e9sident Kant\u00e9, ces difficult\u00e9s sont dues au non-paiement de l\u2019aide \u00e0 la presse sur laquelle sont r\u00e9guli\u00e8rement pr\u00e9lev\u00e9es les cotisations annuelles des membres de l\u2019ASSEP.<\/p>\n\n\n\n<p>Au regard de tout cela, le pr\u00e9sident par int\u00e9rim du bureau de l\u2019ASSEP a indiqu\u00e9 \u00e0 ses membres, la n\u00e9cessit\u00e9 d\u2019aller vers la redynamisation totale de leur association commune. Du d\u00e9but de son int\u00e9rim \u00e0 nos jours, il a rendu compte de certaines actions entreprises sous son \u00e9gide, notamment le fait d\u2019avoir sollicit\u00e9 et obtenu des audiences aupr\u00e8s de certains partenaires publics et priv\u00e9s, afin de leur pr\u00e9senter les pr\u00e9occupations de l\u2019heure de l\u2019ASSEP. Avant de clore ses propos, il a invit\u00e9 les membres \u00e0 l\u2019union sacr\u00e9e autour d\u2019un id\u00e9al commun de l\u2019association.<\/p>\n\n\n\n<p>Apr\u00e8s cette intervention du pr\u00e9sident par int\u00e9rim de l\u2019ASSEP, la parole fut donn\u00e9e \u00e0 l\u2019assistance pour faire des propositions en vue de permettre \u00e0 l\u2019association d\u2019atteindre ses objectifs et sortir de l\u2019orni\u00e8re.<\/p>\n\n\n\n<p><strong>La n\u00e9cessit\u00e9 d\u2019aller \u00e0 une assembl\u00e9e g\u00e9n\u00e9rale \u00e9lective pour redorer le blason&nbsp;!<\/strong><\/p>\n\n\n\n<p>Au cours des \u00e9changes, les interventions des diff\u00e9rents directeurs de publication se sont ax\u00e9es sur un certain nombre de points. A savoir&nbsp;: entreprendre des actions urgentes pour r\u00e9gulariser le paiement de l\u2019aide \u00e0 la presse, renforcer les capacit\u00e9s de connaissance des mandants sur les textes de l\u2019ASSEP et organiser dans un bref d\u00e9lai une assembl\u00e9e g\u00e9n\u00e9rale \u00e9lective afin de donner rapidement un nouveau visage \u00e0 la dite association aupr\u00e8s de l\u2019opinion et de ses partenaires.<\/p>\n\n\n\n<p>Si les deux premiers points ont r\u00e9ussi l\u2019assentiment de tous, par contre le point relatif \u00e0 la tenue dans un d\u00e9lai raisonnable de l\u2019assembl\u00e9e \u00e9lective a suscit\u00e9 des r\u00e9actions. Certains estiment qu\u2019on doit laisser l\u2019actuel bureau termin\u00e9 le mandat statutaire du pr\u00e9sident d\u00e9missionnaire. Ce qui constituerait, selon la majorit\u00e9 des intervenants \u00e0 maintenir l\u2019association dans les difficult\u00e9s auxquelles elle fait face. D\u2019o\u00f9 la n\u00e9cessit\u00e9 de tenir dans un bref d\u00e9lai une assembl\u00e9e g\u00e9n\u00e9rale \u00e9lective pour doter l\u2019association d\u2019un nouveau bureau avec de nouvelles ambitions. Pour ce faire, les propositions ont port\u00e9 sur un d\u00e9lai d\u2019un \u00e0 deux mois. C\u2019est sur cette note d\u2019espoir que cette assembl\u00e9e g\u00e9n\u00e9rale d\u2019information de l\u2019ASSEP s\u2019est cl\u00f4tur\u00e9e.<\/p>\n\n\n\n<p><strong>Par Fatoumata Coulibaly<\/strong><\/p>\n","protected":false},"excerpt":{"rendered":"<p>A son si\u00e8ge, sis \u00e0 l\u2019ACI 2000, l\u2019Association des Editeurs de Presse Priv\u00e9e (ASSEP), sous l\u2019\u00e9gide de son pr\u00e9sident par int\u00e9rim Boubacar Kant\u00e9, a organis\u00e9 samedi, une assembl\u00e9e g\u00e9n\u00e9rale d\u2019information&hellip;<\/p>\n","protected":false},"author":1,"featured_media":5899,"comment_status":"open","ping_status":"closed","sticky":false,"template":"","format":"standard","meta":{"content-type":"","_lmt_disableupdate":"","_lmt_disable":"","_jetpack_memberships_contains_paid_content":false,"footnotes":"","jetpack_publicize_message":"","jetpack_publicize_feature_enabled":true,"jetpack_social_post_already_shared":true,"jetpack_social_options":{"image_generator_settings":{"template":"highway","default_image_id":0,"font":"","enabled":false},"version":2}},"categories":[67,26],"tags":[],"class_list":["post-5898","post","type-post","status-publish","format-standard","has-post-thumbnail","hentry","category-le-sursaut","category-presse-journalisme"],"jetpack_publicize_connections":[],"featured_image_urls":{"full":"","thumbnail":"","medium":"","medium_large":"","large":"","1536x1536":"","2048x2048":"","penci-recipe-1200x1200":"","penci-recipe-1200x900":"","penci-recipe-1200x675":"","penci-single-full":"","penci-slider-full-thumb":"","penci-full-thumb":"","penci-slider-thumb":"","penci-magazine-slider":"","penci-thumb":"","penci-masonry-thumb":"","penci-thumb-square":"","penci-thumb-vertical":"","penci-thumb-small":""},"author_info":{"display_name":"Nandi","author_link":"https:\/\/nandi.info\/?author=1"},"category_info":"<a href=\"https:\/\/nandi.info\/?cat=67\" rel=\"category\">Le Sursaut<\/a> <a href=\"https:\/\/nandi.info\/?cat=26\" rel=\"category\">Presse\/Journalisme<\/a>","tag_info":"Presse\/Journalisme","comment_count":"0","jetpack_featured_media_url":"","jetpack_sharing_enabled":true,"_links":{"self":[{"href":"https:\/\/nandi.info\/index.php?rest_route=\/wp\/v2\/posts\/5898","targetHints":{"allow":["GET"]}}],"collection":[{"href":"https:\/\/nandi.info\/index.php?rest_route=\/wp\/v2\/posts"}],"about":[{"href":"https:\/\/nandi.info\/index.php?rest_route=\/wp\/v2\/types\/post"}],"author":[{"embeddable":true,"href":"https:\/\/nandi.info\/index.php?rest_route=\/wp\/v2\/users\/1"}],"replies":[{"embeddable":true,"href":"https:\/\/nandi.info\/index.php?rest_route=%2Fwp%2Fv2%2Fcomments&post=5898"}],"version-history":[{"count":0,"href":"https:\/\/nandi.info\/index.php?rest_route=\/wp\/v2\/posts\/5898\/revisions"}],"wp:featuredmedia":[{"embeddable":true,"href":"https:\/\/nandi.info\/index.php?rest_route=\/"}],"wp:attachment":[{"href":"https:\/\/nandi.info\/index.php?rest_route=%2Fwp%2Fv2%2Fmedia&parent=5898"}],"wp:term":[{"taxonomy":"category","embeddable":true,"href":"https:\/\/nandi.info\/index.php?rest_route=%2Fwp%2Fv2%2Fcategories&post=5898"},{"taxonomy":"post_tag","embeddable":true,"href":"https:\/\/nandi.info\/index.php?rest_route=%2Fwp%2Fv2%2Ftags&post=5898"}],"curies":[{"name":"wp","href":"https:\/\/api.w.org\/{rel}","templated":true}]}}