{"id":5887,"date":"2022-05-23T17:10:15","date_gmt":"2022-05-23T15:10:15","guid":{"rendered":"https:\/\/nandi.info\/?p=5887"},"modified":"2022-05-23T17:10:15","modified_gmt":"2022-05-23T15:10:15","slug":"eliminatoires-can-cote-divoire-2023-le-nouveau-selectionneur-chelle-a-deja-place-son-echelle","status":"publish","type":"post","link":"https:\/\/nandi.info\/?p=5887","title":{"rendered":"Eliminatoires CAN C\u00f4te d\u2019Ivoire 2023 : Le nouveau s\u00e9lectionneur Chelle a d\u00e9j\u00e0 plac\u00e9 son \u00e9chelle !"},"content":{"rendered":"\n<p><strong><em>Apr\u00e8s sa nomination comme s\u00e9lectionneur national&nbsp; du Mali, l\u2019ancien aigle du Mali, Eric S\u00e9kou Chelle a livr\u00e9 sa premi\u00e8re conf\u00e9rence de presse vendredi&nbsp; apr\u00e8s-midi \u00e0 l\u2019h\u00f4tel de l\u2019Amiti\u00e9 de Bamako. Cette premi\u00e8re conf\u00e9rence de presse a \u00e9t\u00e9 l\u2019occasion pour lui de prendre contact avec la presse sportive locale et de rendre public sa liste des 25 joueurs convoqu\u00e9s pour le compte des premi\u00e8res journ\u00e9es des \u00e9liminatoires de la CAN C\u00f4te d\u2019Ivoire 2023. L\u2019\u00e9chelle est maintenant plac\u00e9e pour permettre aux Aigles de monter sur le toit de l\u2019Afrique.<\/em><\/strong><\/p>\n\n\n\n<p class=\"has-drop-cap\">Depuis le 7 mai 2022, Eric S\u00e9kou Chelle succ\u00e8de \u00e0 Mohamed Magassouba au poste du s\u00e9lectionneur des Aigles du Mali. Cet entraineur qui durant sa carri\u00e8re un d\u00e9fenseur teigneux est par contre inexp\u00e9riment\u00e9, car n\u2019ayant fait ses armes qu\u2019au niveau des divisions inf\u00e9rieures en France. Il a le m\u00e9rite d\u2019avoir \u00e9t\u00e9 choisi parmi tant d\u2019autres candidats qui ont postul\u00e9 \u00e0 l\u2019appel \u00e0 candidatures de la FMF pour le poste de s\u00e9lectionneur de l\u2019\u00e9quipe nationale du Mali. Et depuis sa nomination, il n\u2019avait fait aucune sortie publique sur le plan local pour se prononcer sur sa nouvelle mission \u00e0 la t\u00eate des Aigles du Mali. Le vendredi, cela fut une occasion propice \u00e0 cet effet pour lui. C\u2019est pourquoi, cette premi\u00e8re conf\u00e9rence de presse avait pour but de rendre public les motivations qui l\u2019ont pouss\u00e9 \u00e0 opter pour l\u2019\u00e9quipe nationale du Mali et surtout faire la rencontre de la presse sportive locale qui a donn\u00e9 du fil \u00e0 retordre \u00e0 son pr\u00e9d\u00e9cesseur.<\/p>\n\n\n\n<p>Dans son intervention, le nouveau s\u00e9lectionneur des Aigles du Mali, Eric S\u00e9kou Chelle a d\u2019abord remerci\u00e9 pour l\u2019accueil chaleureux qui lui a \u00e9t\u00e9 fait&nbsp; \u00e0 Bamako. Les m\u00eames remerciements ont \u00e9t\u00e9 adress\u00e9s \u00e0 la f\u00e9mafoot et ses camarades anciens joueurs pour la consid\u00e9ration et le choix port\u00e9s sur sa personne. Il a indiqu\u00e9 que s\u2019il suit depuis longtemps&nbsp; l\u2019\u00e9quipe nationale du Mali c\u2019est gr\u00e2ce \u00e0 cette presse locale qui travaille avec professionnalisme en faisant des analyses pertinentes \u00e0 son sujet. \u00ab&nbsp; M\u00eame si je suis en France, je vois tout le travail que vous effectuez autour de cette \u00e9quipe&nbsp;\u00bb, a-t-il fait savoir. Ce faisant, il est tr\u00e8s content d\u2019\u00eatre ici au Mali et qu\u2019il esp\u00e8re nouer une bonne relation avec la presse malienne. A ses dires, il a eu beaucoup de demandes de la part de la presse \u00e9trang\u00e8re pour r\u00e9pondre \u00e0 des questions, mais il a d\u00e9cid\u00e9 de donner l\u2019exclusivit\u00e9 de sa premi\u00e8re interview \u00e0 ses fr\u00e8res maliens. \u00ab&nbsp; J\u2019arrive avec beaucoup d\u2019humilit\u00e9, de certitude et je sais qu\u2019avec vous \u00e7a va tr\u00e8s bien se passer parce que vous \u00eates professionnels.&nbsp; Je serai \u00e0 l\u2019\u00e9coute de tous bien s\u00fbr en \u00e9tant professionnel. Vous savez tr\u00e8s bien il doit y avoir des filtres mais comme la personne que je suis \u00e0 travers mon \u00e9ducation je serai \u00e0 l\u2019\u00e9coute de vos exigences et de vos &nbsp;critiques&nbsp;\u00bb, a-t-il donn\u00e9 comme promesse \u00e0 la presse sportive malienne.<\/p>\n\n\n\n<p>En conclusion, en renouvelant ses remerciements \u00e0 la f\u00e9d\u00e9ration, le s\u00e9lectionneur Chelle estime que le choix port\u00e9 sur sa modeste personne s\u2019explique par une seule chose&nbsp;: son engagement&nbsp; aux c\u00f4t\u00e9s des dirigeants du foot malien pour que les Aigles du Mali atteignent le sommet du foot africain, voire mondial et dire qu\u2019il compte sur le soutien de tous les maliens pour qu\u2019il r\u00e9ussisse sa mission.<\/p>\n\n\n\n<p>En r\u00e9ponse aux questions pos\u00e9es, Eric Sekou Chelle n\u2019est pas all\u00e9 par quatre chemins pour architecturer ses ambitions dans une dynamique de continuit\u00e9 pour apporter \u00e0 l\u2019\u00e9quipe nationale du Mali, la petite chose qui la manque, \u00e0 savoir l\u2019efficacit\u00e9 \u00e0 toute \u00e9preuve. A l\u2019en croire, avec un syst\u00e8me de 4-4-2 il compte susciter de la d\u00e9termination aux jeunes Aigles, qui sont tous talentueux (\u00e0 l\u2019en croire), mais en besoin de bon coaching pour produire des r\u00e9sultats.<\/p>\n\n\n\n<p>Par rapport au prochain match contre le Congo, il a rendu public une liste de 25 Aigles. A l\u2019analyse de cette liste, il ressort qu\u2019il s\u2019agit des m\u00eames joueurs qui ont disput\u00e9 la derni\u00e8re CAN et les matchs de barrage de la coupe du monde, dont certains en manque de temps de jeu dans leurs clubs respectifs. Pour convaincre sur son choix, le nouveau s\u00e9lectionneur a t\u00e9moign\u00e9 sur les qualit\u00e9s individuelles des joueurs que l\u2019on veut incriminer, avant de donner des explications sur l\u2019absence sur cette liste de certains t\u00e9nors dont les deux Doucour\u00e9 (d\u2019Everton et de Lens) .<\/p>\n\n\n\n<p>Le d\u00e9but du regroupement de l\u2019\u00e9quipe est pr\u00e9vu pour le 31 mai, avec comme quartier g\u00e9n\u00e9ral, l\u2019h\u00f4tel de l\u2019Amiti\u00e9 de Bamako.<\/p>\n\n\n\n<p>Esp\u00e9rons que le coach Chelle soit la bonne \u00e9chelle pour le Mali de monter sur le toit de l\u2019Afrique.<\/p>\n\n\n\n<p><strong>Adama Tounkara<\/strong><\/p>\n","protected":false},"excerpt":{"rendered":"<p>Apr\u00e8s sa nomination comme s\u00e9lectionneur national&nbsp; du Mali, l\u2019ancien aigle du Mali, Eric S\u00e9kou Chelle a livr\u00e9 sa premi\u00e8re conf\u00e9rence de presse vendredi&nbsp; apr\u00e8s-midi \u00e0 l\u2019h\u00f4tel de l\u2019Amiti\u00e9 de Bamako.&hellip;<\/p>\n","protected":false},"author":1,"featured_media":5888,"comment_status":"open","ping_status":"closed","sticky":false,"template":"","format":"standard","meta":{"content-type":"","_lmt_disableupdate":"","_lmt_disable":"","_jetpack_memberships_contains_paid_content":false,"footnotes":"","jetpack_publicize_message":"","jetpack_publicize_feature_enabled":true,"jetpack_social_post_already_shared":true,"jetpack_social_options":{"image_generator_settings":{"template":"highway","default_image_id":0,"font":"","enabled":false},"version":2}},"categories":[67,6],"tags":[],"class_list":["post-5887","post","type-post","status-publish","format-standard","has-post-thumbnail","hentry","category-le-sursaut","category-sports"],"jetpack_publicize_connections":[],"featured_image_urls":{"full":"","thumbnail":"","medium":"","medium_large":"","large":"","1536x1536":"","2048x2048":"","penci-recipe-1200x1200":"","penci-recipe-1200x900":"","penci-recipe-1200x675":"","penci-single-full":"","penci-slider-full-thumb":"","penci-full-thumb":"","penci-slider-thumb":"","penci-magazine-slider":"","penci-thumb":"","penci-masonry-thumb":"","penci-thumb-square":"","penci-thumb-vertical":"","penci-thumb-small":""},"author_info":{"display_name":"Nandi","author_link":"https:\/\/nandi.info\/?author=1"},"category_info":"<a href=\"https:\/\/nandi.info\/?cat=67\" rel=\"category\">Le Sursaut<\/a> <a href=\"https:\/\/nandi.info\/?cat=6\" rel=\"category\">Sports<\/a>","tag_info":"Sports","comment_count":"0","jetpack_featured_media_url":"","jetpack_sharing_enabled":true,"_links":{"self":[{"href":"https:\/\/nandi.info\/index.php?rest_route=\/wp\/v2\/posts\/5887","targetHints":{"allow":["GET"]}}],"collection":[{"href":"https:\/\/nandi.info\/index.php?rest_route=\/wp\/v2\/posts"}],"about":[{"href":"https:\/\/nandi.info\/index.php?rest_route=\/wp\/v2\/types\/post"}],"author":[{"embeddable":true,"href":"https:\/\/nandi.info\/index.php?rest_route=\/wp\/v2\/users\/1"}],"replies":[{"embeddable":true,"href":"https:\/\/nandi.info\/index.php?rest_route=%2Fwp%2Fv2%2Fcomments&post=5887"}],"version-history":[{"count":0,"href":"https:\/\/nandi.info\/index.php?rest_route=\/wp\/v2\/posts\/5887\/revisions"}],"wp:featuredmedia":[{"embeddable":true,"href":"https:\/\/nandi.info\/index.php?rest_route=\/"}],"wp:attachment":[{"href":"https:\/\/nandi.info\/index.php?rest_route=%2Fwp%2Fv2%2Fmedia&parent=5887"}],"wp:term":[{"taxonomy":"category","embeddable":true,"href":"https:\/\/nandi.info\/index.php?rest_route=%2Fwp%2Fv2%2Fcategories&post=5887"},{"taxonomy":"post_tag","embeddable":true,"href":"https:\/\/nandi.info\/index.php?rest_route=%2Fwp%2Fv2%2Ftags&post=5887"}],"curies":[{"name":"wp","href":"https:\/\/api.w.org\/{rel}","templated":true}]}}