{"id":5878,"date":"2022-05-21T10:50:00","date_gmt":"2022-05-21T08:50:00","guid":{"rendered":"https:\/\/nandi.info\/?p=5878"},"modified":"2022-05-21T10:50:00","modified_gmt":"2022-05-21T08:50:00","slug":"processus-de-paix-26-000-ex-combattants-doivent-etre-integres-en-deux-vagues","status":"publish","type":"post","link":"https:\/\/nandi.info\/?p=5878","title":{"rendered":"Processus de paix : 26 000 ex-combattants doivent \u00eatre int\u00e9gr\u00e9s en deux vagues"},"content":{"rendered":"\n<p><strong><em>L\u2019ambassadeur de l\u2019Alg\u00e9rie et non moins chef de file de la M\u00e9diation internationale, Boudjemaa Delmi, a pr\u00e9sid\u00e9, le 10 mai 2022, une nouvelle r\u00e9union de la M\u00e9diation internationale pour examiner l\u2019\u00e9tat de mise en \u0153uvre de l\u2019Accord pour la paix et la r\u00e9conciliation au Mali issu du processus d\u2019Alger et s\u2019accorder sur des mesures de nature \u00e0 favoriser la relance effective et urgente du processus de paix.<\/em><\/strong><\/p>\n\n\n\n<p class=\"has-drop-cap\">Les membres de la M\u00e9diation internationale ont \u00e9t\u00e9 inform\u00e9s des consultations conduites par le Repr\u00e9sentant sp\u00e9cial du Secr\u00e9taire g\u00e9n\u00e9ral des Nations Unies au Mali et chef de la Minusma, avec les parties signataires, et ce conform\u00e9ment aux conclusions de la rencontre tenue le 20 avril dernier. Aussi, ils ont constat\u00e9 la poursuite des \u00e9changes entre les parties sur les termes de r\u00e9f\u00e9rence de la r\u00e9union d\u00e9cisionnelle de haut niveau, agr\u00e9\u00e9e lors de la 45\u00e8me session du Comit\u00e9 de suivi de l\u2019Accord de paix (CSA) tenue le 5 octobre 2021. Ainsi, ils ont fortement encourag\u00e9 les parties maliennes \u00e0 finaliser au plus vite ces \u00e9changes, en faisant preuve de l\u2019esprit d\u2019ouverture requis. La M\u00e9diation internationale a rappel\u00e9 l\u2019importance cruciale que rev\u00eat la r\u00e9union d\u00e9cisionnelle de haut niveau qui devrait permettre, entre autres, de r\u00e9gler la question du DDR global sur la base de l\u2019offre faite par le Gouvernement d\u2019int\u00e9grer, en deux vagues et sur une p\u00e9riode de deux \u00e0 trois ans, 26 000 ex-combattants ; d\u2019aborder les r\u00e9formes institutionnelles qu\u2019appelle l\u2019application pleine et enti\u00e8re de l\u2019Accord de paix.<\/p>\n\n\n\n<p>Notons que les membres de la M\u00e9diation internationale se sont f\u00e9licit\u00e9s de la disponibilit\u00e9 de la Minusma \u00e0 apporter un soutien logistique, technique, financier et politique pour la r\u00e9ussite de la r\u00e9union d\u00e9cisionnelle de haut niveau. L\u2019Accord de paix entre dans sa 7\u00e8me ann\u00e9e et le retard consid\u00e9rable accus\u00e9 dans sa mise en \u0153uvre, les membres de la M\u00e9diation internationale ont, encore une fois, soulign\u00e9 la n\u00e9cessit\u00e9, pour les parties maliennes, d\u2019honorer pleinement et avec l\u2019urgence qu\u2019appelle la situation, leurs engagements. Il est, en effet, imp\u00e9ratif que les populations puissent enfin jouir des dividendes tant attendus de la paix, y compris la fin de la violence multiforme qui affecte de nombreux civils en diff\u00e9rents endroits du Mali, en particulier, et du Sahel, plus g\u00e9n\u00e9ralement, le respect des droits de l\u2019homme et la lutte contre l\u2019impunit\u00e9. &nbsp;Au cours des \u00e9changes, les membres de la M\u00e9diation internationale ont r\u00e9affirm\u00e9 que la mise en \u0153uvre diligente et effective de l\u2019Accord de paix demeure une des conditions essentielles pour le retour de la paix et la stabilisation, dans la dur\u00e9e, du Mali. Aussi, ils ont r\u00e9affirm\u00e9 leur intention, dans la p\u00e9riode \u00e0 venir, de renforcer leurs interactions avec les parties maliennes, \u00e0 travers une s\u00e9rie d\u2019actions sp\u00e9cifiques. Il s\u2019agira, ce faisant, de r\u00e9it\u00e9rer la n\u00e9cessit\u00e9 d\u2019avanc\u00e9es rapides, ainsi que leur engagement \u00e0 jouer pleinement leur r\u00f4le de garant de l\u2019Accord de paix et \u00e0 accompagner, dans ce cadre, toute volont\u00e9 sinc\u00e8re \u0153uvrant \u00e0 faire avancer le processus de paix.<\/p>\n\n\n\n<p><strong>Boubacar PA\u00cfTAO<\/strong><\/p>\n","protected":false},"excerpt":{"rendered":"<p>L\u2019ambassadeur de l\u2019Alg\u00e9rie et non moins chef de file de la M\u00e9diation internationale, Boudjemaa Delmi, a pr\u00e9sid\u00e9, le 10 mai 2022, une nouvelle r\u00e9union de la M\u00e9diation internationale pour examiner&hellip;<\/p>\n","protected":false},"author":1,"featured_media":0,"comment_status":"open","ping_status":"closed","sticky":false,"template":"","format":"standard","meta":{"content-type":"","_lmt_disableupdate":"","_lmt_disable":"","_jetpack_memberships_contains_paid_content":false,"footnotes":"","jetpack_publicize_message":"","jetpack_publicize_feature_enabled":true,"jetpack_social_post_already_shared":true,"jetpack_social_options":{"image_generator_settings":{"template":"highway","default_image_id":0,"font":"","enabled":false},"version":2}},"categories":[19,64,21],"tags":[],"class_list":["post-5878","post","type-post","status-publish","format-standard","hentry","category-aujourdhui-mali","category-nord-mali","category-societe"],"jetpack_publicize_connections":[],"featured_image_urls":{"full":"","thumbnail":"","medium":"","medium_large":"","large":"","1536x1536":"","2048x2048":"","penci-recipe-1200x1200":"","penci-recipe-1200x900":"","penci-recipe-1200x675":"","penci-single-full":"","penci-slider-full-thumb":"","penci-full-thumb":"","penci-slider-thumb":"","penci-magazine-slider":"","penci-thumb":"","penci-masonry-thumb":"","penci-thumb-square":"","penci-thumb-vertical":"","penci-thumb-small":""},"author_info":{"display_name":"Nandi","author_link":"https:\/\/nandi.info\/?author=1"},"category_info":"<a href=\"https:\/\/nandi.info\/?cat=19\" rel=\"category\">Aujourd\u2019hui Mali<\/a> <a href=\"https:\/\/nandi.info\/?cat=64\" rel=\"category\">Nord-Mali<\/a> <a href=\"https:\/\/nandi.info\/?cat=21\" rel=\"category\">Soci\u00e9t\u00e9<\/a>","tag_info":"Soci\u00e9t\u00e9","comment_count":"0","jetpack_featured_media_url":"","jetpack_sharing_enabled":true,"_links":{"self":[{"href":"https:\/\/nandi.info\/index.php?rest_route=\/wp\/v2\/posts\/5878","targetHints":{"allow":["GET"]}}],"collection":[{"href":"https:\/\/nandi.info\/index.php?rest_route=\/wp\/v2\/posts"}],"about":[{"href":"https:\/\/nandi.info\/index.php?rest_route=\/wp\/v2\/types\/post"}],"author":[{"embeddable":true,"href":"https:\/\/nandi.info\/index.php?rest_route=\/wp\/v2\/users\/1"}],"replies":[{"embeddable":true,"href":"https:\/\/nandi.info\/index.php?rest_route=%2Fwp%2Fv2%2Fcomments&post=5878"}],"version-history":[{"count":0,"href":"https:\/\/nandi.info\/index.php?rest_route=\/wp\/v2\/posts\/5878\/revisions"}],"wp:attachment":[{"href":"https:\/\/nandi.info\/index.php?rest_route=%2Fwp%2Fv2%2Fmedia&parent=5878"}],"wp:term":[{"taxonomy":"category","embeddable":true,"href":"https:\/\/nandi.info\/index.php?rest_route=%2Fwp%2Fv2%2Fcategories&post=5878"},{"taxonomy":"post_tag","embeddable":true,"href":"https:\/\/nandi.info\/index.php?rest_route=%2Fwp%2Fv2%2Ftags&post=5878"}],"curies":[{"name":"wp","href":"https:\/\/api.w.org\/{rel}","templated":true}]}}